{"id":597169,"date":"2025-12-13T16:36:29","date_gmt":"2025-12-13T16:36:29","guid":{"rendered":"https:\/\/www.europesays.com\/fr\/597169\/"},"modified":"2025-12-13T16:36:29","modified_gmt":"2025-12-13T16:36:29","slug":"lexposition-sous-la-pluie-au-musee-darts-fait-un-carton","status":"publish","type":"post","link":"https:\/\/www.europesays.com\/fr\/597169\/","title":{"rendered":"l\u2019exposition Sous la pluie au Mus\u00e9e d\u2019Arts fait un carton"},"content":{"rendered":"<p>                    Par<br \/>\n        <strong><br \/>\n            <a href=\"https:\/\/actu.fr\/auteur\/laure-gentil\" title=\"Consulter tous les articles de Laure Gentil\" target=\"_blank\" rel=\"noopener\">Laure Gentil<\/a><br \/>\n                    <\/strong><\/p>\n<p>        Publi\u00e9 le<\/p>\n<p>            13 d\u00e9c. 2025 \u00e0 17h14        <\/p>\n<p>Depuis le 7\u00a0novembre 2025, l\u2019exposition Sous la pluie. Peindre, vivre et r\u00eaver au <b>Mus\u00e9e d\u2019Arts de<\/b> <b>Nantes <\/b>fait d\u00e9couvrir aux Nantais et aux Nantaises la repr\u00e9sentation de la pluie du 19\u1d49 si\u00e8cle jusqu\u2019\u00e0 nos jours. Selon les chiffres communiqu\u00e9s par le Mus\u00e9e, l\u2019exposition rencontre un vif succ\u00e8s.<\/p>\n<p>48\u2009000\u00a0visiteurs<\/p>\n<p class=\" wall-content\">L\u2019exposition a accueilli plus de 48\u2009000\u00a0visiteurs. Un score qui ne peut que grimper, puisque l\u2019exposition est visible\u00a0<b>jusqu\u2019au 1\u1d49\u02b3 mars\u00a02026.<\/b> \u00ab\u2009Le public a pu r\u00e9enchanter son rapport \u00e0 la pluie et interroger sa sensibilit\u00e9 face aux ph\u00e9nom\u00e8nes m\u00e9t\u00e9orologiques en parcourant le Patio, la Salle Blanche et la Chapelle de l\u2019Oratoire du mus\u00e9e\u2009\u00bb, souligne le Mus\u00e9e d\u2019Arts qui \u00ab\u2009se r\u00e9jouit de ces chiffres encourageants et esp\u00e8re accueillir un public encore nombreux, notamment lors des \u00e9v\u00e9nements et des nocturnes programm\u00e9s autour de cette exposition\u2009\u00bb.<\/p>\n<p class=\" wall-content\">En tout, <b>150 \u0153uvres sont expos\u00e9es,<\/b> issues de collections priv\u00e9es et de grands mus\u00e9es comme le Mus\u00e9e d\u2019Orsay ou le Philadelphia Museum of Art. Parmi ces \u0153uvres, il y a des tableaux peints par <b>Gustave Caillebotte<\/b>, Gustave Courbet, William Turner, Camille Pissarro, Paul S\u00e9rusier ou encore James Tissot.<\/p>\n<p class=\" wall-content\">Personnalisez votre actualit\u00e9 en ajoutant vos villes et m\u00e9dias en favori avec <a href=\"https:\/\/moncompte.actu.fr\" title=\"D\u00e9couvez Mon Actu\" rel=\"nofollow noopener\" data-trk=\"{&quot;cta&quot;:{&quot;action&quot;:&quot;https:\\\/\\\/moncompte.actu.fr&quot;,&quot;category&quot;:&quot;mon compte&quot;,&quot;from&quot;:&quot;article footer&quot;,&quot;name&quot;:&quot;Mon actu&quot;,&quot;type&quot;:&quot;cta&quot;}}\" target=\"_blank\">Mon Actu<\/a>.<\/p>\n","protected":false},"excerpt":{"rendered":"Par Laure Gentil Publi\u00e9 le 13 d\u00e9c. 2025 \u00e0 17h14 Depuis le 7\u00a0novembre 2025, l\u2019exposition Sous la pluie.&hellip;\n","protected":false},"author":2,"featured_media":597170,"comment_status":"","ping_status":"","sticky":false,"template":"","format":"standard","meta":{"footnotes":""},"categories":[2818],"tags":[1111,11,1777,674,1349,1011,27,1652,766,12,2636,25],"class_list":{"0":"post-597169","1":"post","2":"type-post","3":"status-publish","4":"format-standard","5":"has-post-thumbnail","7":"category-nantes","8":"tag-actu","9":"tag-actualites","10":"tag-eu","11":"tag-europe","12":"tag-expositions","13":"tag-fr","14":"tag-france","15":"tag-loisirs-culture","16":"tag-nantes","17":"tag-news","18":"tag-pays-de-la-loire","19":"tag-republique-francaise"},"share_on_mastodon":{"url":"https:\/\/pubeurope.com\/@fr\/115713237676546699","error":""},"_links":{"self":[{"href":"https:\/\/www.europesays.com\/fr\/wp-json\/wp\/v2\/posts\/597169","targetHints":{"allow":["GET"]}}],"collection":[{"href":"https:\/\/www.europesays.com\/fr\/wp-json\/wp\/v2\/posts"}],"about":[{"href":"https:\/\/www.europesays.com\/fr\/wp-json\/wp\/v2\/types\/post"}],"author":[{"embeddable":true,"href":"https:\/\/www.europesays.com\/fr\/wp-json\/wp\/v2\/users\/2"}],"replies":[{"embeddable":true,"href":"https:\/\/www.europesays.com\/fr\/wp-json\/wp\/v2\/comments?post=597169"}],"version-history":[{"count":0,"href":"https:\/\/www.europesays.com\/fr\/wp-json\/wp\/v2\/posts\/597169\/revisions"}],"wp:featuredmedia":[{"embeddable":true,"href":"https:\/\/www.europesays.com\/fr\/wp-json\/wp\/v2\/media\/597170"}],"wp:attachment":[{"href":"https:\/\/www.europesays.com\/fr\/wp-json\/wp\/v2\/media?parent=597169"}],"wp:term":[{"taxonomy":"category","embeddable":true,"href":"https:\/\/www.europesays.com\/fr\/wp-json\/wp\/v2\/categories?post=597169"},{"taxonomy":"post_tag","embeddable":true,"href":"https:\/\/www.europesays.com\/fr\/wp-json\/wp\/v2\/tags?post=597169"}],"curies":[{"name":"wp","href":"https:\/\/api.w.org\/{rel}","templated":true}]}}