{"id":597175,"date":"2025-12-13T16:40:18","date_gmt":"2025-12-13T16:40:18","guid":{"rendered":"https:\/\/www.europesays.com\/fr\/597175\/"},"modified":"2025-12-13T16:40:18","modified_gmt":"2025-12-13T16:40:18","slug":"toulouse-berywam-les-rois-du-beatbox-sont-de-retour-avec-un-nouvel-album","status":"publish","type":"post","link":"https:\/\/www.europesays.com\/fr\/597175\/","title":{"rendered":"Toulouse. Berywam, les rois du beatbox, sont de retour avec un nouvel album"},"content":{"rendered":"<p>                    Par<br \/>\n        <strong><br \/>\n            <a href=\"https:\/\/actu.fr\/auteur\/gabriel-kenedi\" title=\"Consulter tous les articles de Gabriel Kenedi\" target=\"_blank\" rel=\"noopener\">Gabriel Kenedi<\/a><br \/>\n                    <\/strong><\/p>\n<p>        Publi\u00e9 le<\/p>\n<p>            13 d\u00e9c. 2025 \u00e0 16h47        <\/p>\n<p>Ils en ont fait du chemin, depuis dix ans, les <strong>Berywam<\/strong>\u2009! Le quatuor (Beatness, Rythmind, Wawad et Beasty) toulousain \u2013 qui avait d\u00e9marr\u00e9 il y a dix ans alors qu\u2019ils \u00e9taient en colocation dans un appart\u2019 du quartier Borderouge \u2013 est d\u00e9sormais suivi par <strong>plus de 30\u00a0millions de personnes <\/strong>sur les r\u00e9seaux sociaux\u2009! V\u00e9ritables performeurs sur sc\u00e8ne, le groupe \u2013 sacr\u00e9 champion du monde de beatbox en 2018 \u2013 est de retour avec un nouvel album, \u00ab\u2009Maze\u2009\u00bb, totalement autoproduit, et repart en tourn\u00e9e. Avant leur concert (complet) \u00e0 La Cabane,<a href=\"https:\/\/actu.fr\/toulouse\/\" target=\"_blank\" rel=\"noopener\"> \u00e0 Toulouse<\/a>, pr\u00e9vu le lundi 15 d\u00e9cembre 2025, <strong>Wawad<\/strong> a r\u00e9pondu aux questions d\u2019Actu Toulouse. Rencontre.<\/p>\n<p>\u00ab\u00a0C\u2019est vraiment l\u2019album de la maturit\u00e9\u00a0\u00bb<\/p>\n<p class=\"ac-article-content__question wall-content\"><strong class=\"color-primary\">Actu : <\/strong>Maze vient de sortir. Pourquoi c&rsquo;\u00e9tait important pour vous de faire ce deuxi\u00e8me album, sur lequel vous travaillez depuis longtemps ?\u00a0\n<\/p>\n<p class=\" wall-content\"><strong class=\"color-primary\">Wawad : <\/strong>On avait envie de refaire de la musique sans penser forc\u00e9ment aux chiffres et aux r\u00e9seaux sociaux. On a mis presque trois ans \u00e0 faire cet album. On \u00e9tait chez Universal avant mais on a d\u00e9cid\u00e9 de le produire nous-m\u00eames ! On voulait prendre le temps de bien faire les choses, sans se presser.\u00a0\u00a0<\/p>\n<p class=\"ac-article-content__question wall-content\">Le fait de s\u2019autoproduire, \u00e7a marque forc\u00e9ment un virage artistique assez fort pour vous\u2009?\n<\/p>\n<p class=\" wall-content\"><strong class=\"color-primary\">Wawad : <\/strong>On a beaucoup appris sur le premier album. Ce deuxi\u00e8me projet, c\u2019est vraiment l\u2019album de la maturit\u00e9. On n\u2019est plus tout jeunes, on a tous la trentaine et \u00e7a fait d\u00e9j\u00e0 dix ans qu\u2019on joue ensemble. C\u2019est aussi pour \u00e7a qu\u2019on a appel\u00e9 cet album \u00ab\u2009Maze\u2009\u00bb, qui veut dire \u00ab\u2009labyrinthe\u2009\u00bb, en anglais. Parce que pour nous, c\u2019\u00e9tait un peu comme un labyrinthe, cet album, un m\u00e9lange de toutes nos influences, de nos voyages, de nos exp\u00e9riences.<\/p>\n<p>Une collab\u2019 avec Ibrahim Maalouf<\/p>\n<p class=\"ac-article-content__question wall-content\">Il y a plusieurs collaborations dans cet album, dont une particuli\u00e8rement prestigieuse avec Ibrahim Maalouf. Comment \u00e7a s\u2019est fait\u2009?\n<\/p>\n<p class=\" wall-content\"><strong class=\"color-primary\">Wawad : <\/strong>On s\u2019est rencontr\u00e9s en 2021 sur le plateau de C \u00e0 Vous. Il avait entendu parler de nous et on s\u2019est super bien entendu. Il nous a ensuite invit\u00e9s en premi\u00e8re partie de ses Bercy \u00e0 Paris et depuis ces dates, on s\u2019\u00e9tait dit que \u00e7a serait bien de faire quelque chose ensemble. Je l\u2019ai appel\u00e9 pour lui proposer de faire un feat&rsquo; sur un de nos morceaux et il a dit oui directement, sans r\u00e9fl\u00e9chir. Pour nous c\u2019est une vraie fiert\u00e9 car c\u2019est un des musiciens les plus talentueux\u2009!<\/p>\n<p class=\"ac-article-content__question wall-content\">Et il y a en a d\u2019autres aussi\u2009!\n<\/p>\n<p class=\" wall-content\"><strong class=\"color-primary\">Wawad : <\/strong>Oui, il y a notamment Seussmace, qui est un jeune rappeur hyper talentueux avec qui on travaille depuis pas mal de temps. D\u2019ailleurs, il sera en premi\u00e8re partie de notre concert \u00e0 La Cabane\u2009! Et on esp\u00e8re qu\u2019il va r\u00e9ussir \u00e0 percer aux \u00c9tats-Unis (son pays d\u2019origine, ndlr) car il est vraiment tr\u00e8s fort\u2009! Il y a aussi Ben l\u2019Oncle Soul, qui a une voix magique. On cherchait un crooner et on a vraiment eu beaucoup de chance de l\u2019avoir sur ce projet\u2009!<\/p>\n<p>\u00ab\u00a0Il y a un engouement impressionnant autour du beatbox\u00a0\u00bb<\/p>\n<p class=\"ac-article-content__question wall-content\">En dix ans, le beatbox a beaucoup \u00e9volu\u00e9. Vous qui avez \u00e9t\u00e9 champions du monde en 2018, quel est votre regard l\u00e0-dessus\u2009?\n<\/p>\n<p class=\" wall-content\"><strong class=\"color-primary\">Wawad : <\/strong>Par rapport \u00e0 il y a une dizaine d\u2019ann\u00e9es, tout le monde sait ce que c\u2019est, le beatbox\u2009! C\u2019est d\u00e9j\u00e0 une sacr\u00e9e victoire, je trouve\u2009! On voit qu\u2019il y a de plus en plus de groupes qui se forment, partout dans le monde, des artistes qui signent sur des labels et qui font des tourn\u00e9es. Il y a un engouement impressionnant autour du beatbox par rapport \u00e0 il y a une dizaine d\u2019ann\u00e9es\u2009!<\/p>\n<p>Votre r\u00e9gion, votre actu !<\/p>\n<p>Recevez chaque jour les infos qui comptent pour vous.<\/p>\n<p>\t<a href=\"https:\/\/actu.fr\/newsletter\" class=\"ac-btn ac-btn--corner ac-btn--medium ac-btn--blue800\" target=\"_blank\" rel=\"noopener\">S&rsquo;incrire<\/a><\/p>\n<p class=\"ac-article-content__question wall-content\">Et votre long\u00e9vit\u00e9, c\u2019est aussi une belle victoire, non\u2009?\n<\/p>\n<p class=\" wall-content\"><strong class=\"color-primary\">Wawad : <\/strong>Avant d\u2019\u00eatre un groupe, on est des amis, surtout\u2009! On n\u2019a pas form\u00e9 ce groupe par opportunisme, mais simplement pour kiffer, \u00e0 la base. On a franchi les \u00e9tapes les unes apr\u00e8s les autres, marche par marche. Et je pense que c\u2019est pour \u00e7a que \u00e7a dure\u2009! Maintenant qu\u2019on produit tout par nous-m\u00eames, cela cr\u00e9e aussi une super \u00e9mulation entre nous. Et j\u2019esp\u00e8re que \u00e7a va durer au moins dix ann\u00e9es de plus\u2009!<\/p>\n<p>\u00ab\u00a0C\u2019est sur sc\u00e8ne qu\u2019on se sent vivants !\u00a0\u00bb<\/p>\n<p class=\"ac-article-content__question wall-content\">Votre quatuor prend aussi tout son sens sur sc\u00e8ne\u2009! On sent que vous y prenez beaucoup de plaisir !\n<\/p>\n<p class=\" wall-content\"><strong class=\"color-primary\">Wawad : <\/strong>\u00ab\u00a0On a beau tout faire\u2009: des albums, des r\u00e9seaux sociaux, tout ce que tu veux\u2026 L\u00e0 o\u00f9 on vit le plus, c\u2019est sur sc\u00e8ne. C\u2019est l\u00e0 o\u00f9 on se sent vivants tous les quatre, l\u00e0 o\u00f9 on a la meilleure alchimie. On vient de l\u00e0, des comp\u00e9titions, des battles. Et tout ce qu\u2019on a r\u00e9ussi \u00e0 construire en dix ans, c\u2019est d\u2019abord gr\u00e2ce \u00e0 la sc\u00e8ne. \u00c0 la base, on \u00e9tait juste des performeurs et maintenant, on a cr\u00e9\u00e9 un spectacle qui parle autant aux trentenaires, qu\u2019aux ados et qu\u2019\u00e0 leurs parents. On voit que notre public \u00e9volue avec nous et c\u2019est vraiment incroyable\u2009!\u00a0\u00bb<\/p>\n<p class=\"ac-article-content__question wall-content\">Les battles et les concours, c\u2019est d\u00e9finitivement derri\u00e8re vous ou au contraire, vous ne fermez pas la porte\u2009?\n<\/p>\n<p class=\" wall-content\"><strong class=\"color-primary\">Wawad : <\/strong>On a \u00e9t\u00e9 champions du monde en 2018 et on s\u2019\u00e9tait dit qu\u2019on arr\u00eaterait de faire des comp\u00e9titions, parce qu\u2019on avait touch\u00e9 le Graal ! Mais la porte n\u2019est plus autant ferm\u00e9e. Depuis que nous sommes devenus champions du monde, on a \u00e9t\u00e9 juges dans tous les championnats qui existent en Inde, en Allemagne, en Asie, au Japon\u2026 On a cette exp\u00e9rience et c\u2019est vrai que \u00e7a commence un peu \u00e0 nous titiller\u2009! En plus, on voit que la nouvelle g\u00e9n\u00e9ration est super forte et nous, on est un peu les vieux tontons, maintenant\u2009! \u00c7a ne nous ferait pas de mal de se mesurer \u00e0 eux, car on a encore des choses \u00e0 prouver. Mais pour le moment, ce n\u2019est pas d\u2019actualit\u00e9\u2009!<\/p>\n<p>\u00ab\u00a0Notre spectacle, c\u2019est un vrai voyage !\u00a0\u00bb<\/p>\n<p class=\"ac-article-content__question wall-content\">Pour votre concert \u00e0 La Cabane, qui est complet depuis longtemps, \u00e0 quoi s\u2019attendre\u2009?\n<\/p>\n<p class=\" wall-content\"><strong class=\"color-primary\">Wawad : <\/strong>On va jouer notre nouveau spectacle, dans lequel on a gard\u00e9 l\u2019ADN de Berywam mais on va aussi apporter une touche suppl\u00e9mentaire, un voyage musical\u2009! On va vraiment passer par toutes les \u00e9motions, tous les styles. Notre spectacle, c\u2019est un vrai voyage. Et il y aura aussi des invit\u00e9s. Je dis \u00e7a, je dis rien\u2009!<\/p>\n<p class=\"ac-article-content__question wall-content\">Vous avez aussi pris une dimension internationale assez unique\u2009! Comment le vivez-vous ?\n<\/p>\n<p class=\" wall-content\"><strong class=\"color-primary\">Wawad : <\/strong>Avant d\u2019attaquer la tourn\u00e9e fran\u00e7aise, on a jou\u00e9 \u00e0 Londres, mais aussi en Belgique, aux Pays-Bas\u2026 et m\u00eame en Chine. On a cette chance incroyable de voyager et qu\u2019on nous appelle pour faire des performances un peu partout dans le monde.<\/p>\n<p>Le beatbox, c\u2019est universel\u2009! On a d\u00e9pass\u00e9 les 30\u00a0millions de personnes qui nous suivent sur les r\u00e9seaux sociaux. C\u2019est incroyable et forc\u00e9ment, \u00e7a nous ouvre des portes. On ne pensait pas tourner autant aux \u00c9tats-Unis ou en Asie, c\u2019est vraiment g\u00e9nial. Et c\u2019est d\u2019ailleurs un peu ce qu\u2019on cherche maintenant, \u00e0 se d\u00e9velopper un peu plus s\u00e9rieusement \u00e0 l\u2019international.<\/p>\n<p class=\" wall-content\">Personnalisez votre actualit\u00e9 en ajoutant vos villes et m\u00e9dias en favori avec <a href=\"https:\/\/moncompte.actu.fr\" title=\"D\u00e9couvez Mon Actu\" rel=\"nofollow noopener\" data-trk=\"{&quot;cta&quot;:{&quot;action&quot;:&quot;https:\\\/\\\/moncompte.actu.fr&quot;,&quot;category&quot;:&quot;mon compte&quot;,&quot;from&quot;:&quot;article footer&quot;,&quot;name&quot;:&quot;Mon actu&quot;,&quot;type&quot;:&quot;cta&quot;}}\" target=\"_blank\">Mon Actu<\/a>.<\/p>\n","protected":false},"excerpt":{"rendered":"Par Gabriel Kenedi Publi\u00e9 le 13 d\u00e9c. 2025 \u00e0 16h47 Ils en ont fait du chemin, depuis dix&hellip;\n","protected":false},"author":2,"featured_media":597176,"comment_status":"","ping_status":"","sticky":false,"template":"","format":"standard","meta":{"footnotes":""},"categories":[2816],"tags":[1111,11,71001,1777,674,1011,27,1652,12,2680,25,1341,2312],"class_list":{"0":"post-597175","1":"post","2":"type-post","3":"status-publish","4":"format-standard","5":"has-post-thumbnail","7":"category-toulouse","8":"tag-actu","9":"tag-actualites","10":"tag-berywam","11":"tag-eu","12":"tag-europe","13":"tag-fr","14":"tag-france","15":"tag-loisirs-culture","16":"tag-news","17":"tag-occitanie","18":"tag-republique-francaise","19":"tag-sortir-a-toulouse","20":"tag-toulouse"},"share_on_mastodon":{"url":"https:\/\/pubeurope.com\/@fr\/115713253200894957","error":""},"_links":{"self":[{"href":"https:\/\/www.europesays.com\/fr\/wp-json\/wp\/v2\/posts\/597175","targetHints":{"allow":["GET"]}}],"collection":[{"href":"https:\/\/www.europesays.com\/fr\/wp-json\/wp\/v2\/posts"}],"about":[{"href":"https:\/\/www.europesays.com\/fr\/wp-json\/wp\/v2\/types\/post"}],"author":[{"embeddable":true,"href":"https:\/\/www.europesays.com\/fr\/wp-json\/wp\/v2\/users\/2"}],"replies":[{"embeddable":true,"href":"https:\/\/www.europesays.com\/fr\/wp-json\/wp\/v2\/comments?post=597175"}],"version-history":[{"count":0,"href":"https:\/\/www.europesays.com\/fr\/wp-json\/wp\/v2\/posts\/597175\/revisions"}],"wp:featuredmedia":[{"embeddable":true,"href":"https:\/\/www.europesays.com\/fr\/wp-json\/wp\/v2\/media\/597176"}],"wp:attachment":[{"href":"https:\/\/www.europesays.com\/fr\/wp-json\/wp\/v2\/media?parent=597175"}],"wp:term":[{"taxonomy":"category","embeddable":true,"href":"https:\/\/www.europesays.com\/fr\/wp-json\/wp\/v2\/categories?post=597175"},{"taxonomy":"post_tag","embeddable":true,"href":"https:\/\/www.europesays.com\/fr\/wp-json\/wp\/v2\/tags?post=597175"}],"curies":[{"name":"wp","href":"https:\/\/api.w.org\/{rel}","templated":true}]}}