{"id":597179,"date":"2025-12-13T16:43:11","date_gmt":"2025-12-13T16:43:11","guid":{"rendered":"https:\/\/www.europesays.com\/fr\/597179\/"},"modified":"2025-12-13T16:43:11","modified_gmt":"2025-12-13T16:43:11","slug":"lille-lhopital-jeanne-de-flandre-sequipe-dun-nouveau-robot-chirurgical-ultramoderne-ce-que-ca-change","status":"publish","type":"post","link":"https:\/\/www.europesays.com\/fr\/597179\/","title":{"rendered":"Lille. L&rsquo;h\u00f4pital Jeanne de Flandre s&rsquo;\u00e9quipe d&rsquo;un nouveau robot chirurgical ultramoderne : ce que \u00e7a change"},"content":{"rendered":"<p>                    Par<br \/>\n        <strong><br \/>\n            <a href=\"https:\/\/actu.fr\/auteur\/nicolas-demollien\" title=\"Consulter tous les articles de Nicolas Demollien\" target=\"_blank\" rel=\"noopener\">Nicolas Demollien<\/a><br \/>\n                    <\/strong><\/p>\n<p>        Publi\u00e9 le<\/p>\n<p>            13 d\u00e9c. 2025 \u00e0 17h10        <\/p>\n<p>Le <a href=\"https:\/\/actu.fr\/tag\/chu-de-lille\" target=\"_blank\" rel=\"noopener\">CHU de Lille<\/a> (Nord) continue de renforcer sa strat\u00e9gie de d\u00e9veloppement de la <b>chirurgie robotis\u00e9e<\/b>. C\u2019est en ce sens que l\u2019<b>h\u00f4pital Jeanne de Flandre<\/b> vient de recevoir un <b>nouvel \u00e9quipement ultramoderne<\/b>. Et cela change beaucoup de choses <b>pour les patients et les \u00e9quipes<\/b> de <a href=\"https:\/\/actu.fr\/tag\/sante\" target=\"_blank\" rel=\"noopener\">sant\u00e9<\/a>.<\/p>\n<p>Un robot chirurgical ultramoderne pour l\u2019h\u00f4pital Jeanne de Flandre \u00e0 Lille<\/p>\n<p class=\" wall-content\">\u00ab\u00a0La <b>chirurgie assist\u00e9e par robot <\/b>permet des gestes chirurgicaux de <b>grande<\/b> <b>pr\u00e9cision <\/b>et une <b>r\u00e9cup\u00e9ration plus rapide<\/b> pour les patients\u00a0\u00bb, rappelle d\u2019entr\u00e9e le CHU.<\/p>\n<p class=\" wall-content\">C\u2019est depuis cet \u00e9t\u00e9 qu\u2019un nouveau robot chirurgical Da Vinci Xi est venu compl\u00e9ter ce dispositif, au sein du bloc op\u00e9ratoire de l\u2019h\u00f4pital Jeanne de Flandre. C\u2019est le 4\u1d49 robot chirurgical polyvalent et le 7\u1d49 \u00e9quipement de chirurgie robotis\u00e9e du CHU de Lille.<\/p>\n<p class=\" wall-content\">\u00ab\u00a0Cet <b>\u00e9quipement de derni\u00e8re g\u00e9n\u00e9ration<\/b> permet une <b>avanc\u00e9e d\u00e9terminante<\/b> pour la qualit\u00e9 des soins et le d\u00e9veloppement de la recherche dans plusieurs domaines cl\u00e9s de la chirurgie gyn\u00e9cologique et p\u00e9diatrique\u00a0\u00bb, encha\u00eene le CHU. Et d\u2019assurer que gr\u00e2ce \u00e0 une vision tridimensionnelle haute d\u00e9finition, une excellente pr\u00e9cision gestuelle et une ergonomie optimis\u00e9e, \u00ab\u00a0ce robot <b>ouvre la voie \u00e0 une chirurgie mini-invasive<\/b> encore plus s\u00fbre et mieux ma\u00eetris\u00e9e\u00a0\u00bb. Il permet notamment de <b>r\u00e9duire les douleurs post-op\u00e9ratoires<\/b>, d\u2019offrir un r\u00e9tablissement plus rapide, de diminuer les risques de complication avec un retour \u00e0 domicile plus pr\u00e9coce et des cicatrices plus discr\u00e8tes. \u00ab\u00a0Ce robot renforce l\u2019excellence clinique au b\u00e9n\u00e9fice des patients de la r\u00e9gion\u00a0\u00bb.<\/p>\n<p>Au b\u00e9n\u00e9fice des femmes et des enfants<\/p>\n<p data-end=\"2729\" class=\" wall-content\">\u00c0 l\u2019h\u00f4pital Jeanne de Flandre, le robot est utilis\u00e9 pour des prises en charge complexes pour lesquelles les interventions mini-invasives constituent un <b>progr\u00e8s significatif<\/b>. Les <b>femmes suivies en chirurgie gyn\u00e9cologique<\/b> et les <b>enfants suivis en chirurgie p\u00e9diatrique<\/b> pourront ainsi en b\u00e9n\u00e9ficier.<\/p>\n<p data-end=\"2729\" class=\" wall-content\">Pour les premi\u00e8res, ce robot est utilis\u00e9 pour le traitement de l\u2019endom\u00e9triose profonde, de l\u2019oncologie gyn\u00e9cologique, de la chirurgie du prolapsus ou encore pour la prise en charge des fibromes. \u00ab\u00a0Cet \u00e9quipement permet d\u2019\u00e9largir l\u2019acc\u00e8s \u00e0 la chirurgie mini-invasive, souvent difficile dans ces indications, tout en renfor\u00e7ant la s\u00e9curit\u00e9 et la reproductibilit\u00e9 des proc\u00e9dures\u00a0\u00bb.<\/p>\n<p>Votre r\u00e9gion, votre actu !<\/p>\n<p>Recevez chaque jour les infos qui comptent pour vous.<\/p>\n<p>\t<a href=\"https:\/\/actu.fr\/newsletter\" class=\"ac-btn ac-btn--corner ac-btn--medium ac-btn--blue800\" target=\"_blank\" rel=\"noopener\">S&rsquo;incrire<\/a><\/p>\n<p data-end=\"2729\" class=\" wall-content\">Gr\u00e2ce \u00e0 un parcours de soin simplifi\u00e9 et adapt\u00e9 \u00e0 la chirurgie p\u00e9diatrique, ce robot chirurgical permet \u00e9galement aux enfants de b\u00e9n\u00e9ficier du robot pour de la chirurgie urologique, visc\u00e9rale et ORL.<\/p>\n<p>De nouvelles \u00e9tudes cliniques<\/p>\n<p data-end=\"3303\" class=\" wall-content\">Toujours selon le CHU, le d\u00e9ploiement favorise aussi la<b> conduite d\u2019\u00e9tudes cliniques sur les apports de la robotique<\/b> en gyn\u00e9cologie, le d\u00e9veloppement de protocoles innovants pour les pathologies complexes, la formation des internes, chefs de clinique et chirurgiens gr\u00e2ce \u00e0 des outils de simulation et d\u2019analyse avanc\u00e9s, ainsi que l\u2019essor de collaborations scientifiques nationales et internationales.<\/p>\n<p data-end=\"3939\" class=\" wall-content\"><b>\u00ab\u00a0<\/b>L\u2019introduction de ce robot constitue une \u00e9tape essentielle pour renforcer l\u2019offre de soins, optimiser les parcours des patients et soutenir l\u2019excellence scientifique des \u00e9quipes. C\u2019est une \u00e9volution logique en pr\u00e9paration du nouvel h\u00f4pital pr\u00e9vu dans le projet \u00ab\u00a0Jeanne de Flandre Demain\u00a0\u00bb, d\u00e9sormais officiellement lanc\u00e9.<\/p>\n<p class=\" wall-content\">Personnalisez votre actualit\u00e9 en ajoutant vos villes et m\u00e9dias en favori avec <a href=\"https:\/\/moncompte.actu.fr\" title=\"D\u00e9couvez Mon Actu\" rel=\"nofollow noopener\" data-trk=\"{&quot;cta&quot;:{&quot;action&quot;:&quot;https:\\\/\\\/moncompte.actu.fr&quot;,&quot;category&quot;:&quot;mon compte&quot;,&quot;from&quot;:&quot;article footer&quot;,&quot;name&quot;:&quot;Mon actu&quot;,&quot;type&quot;:&quot;cta&quot;}}\" target=\"_blank\">Mon Actu<\/a>.<\/p>\n","protected":false},"excerpt":{"rendered":"Par Nicolas Demollien Publi\u00e9 le 13 d\u00e9c. 2025 \u00e0 17h10 Le CHU de Lille (Nord) continue de renforcer&hellip;\n","protected":false},"author":2,"featured_media":597180,"comment_status":"","ping_status":"","sticky":false,"template":"","format":"standard","meta":{"footnotes":""},"categories":[2815],"tags":[1111,11,25689,1777,674,1011,27,811,1307,12,25,71,104],"class_list":{"0":"post-597179","1":"post","2":"type-post","3":"status-publish","4":"format-standard","5":"has-post-thumbnail","7":"category-lille","8":"tag-actu","9":"tag-actualites","10":"tag-chu-de-lille","11":"tag-eu","12":"tag-europe","13":"tag-fr","14":"tag-france","15":"tag-hauts-de-france","16":"tag-lille","17":"tag-news","18":"tag-republique-francaise","19":"tag-sante","20":"tag-societe"},"share_on_mastodon":{"url":"https:\/\/pubeurope.com\/@fr\/115713265269013084","error":""},"_links":{"self":[{"href":"https:\/\/www.europesays.com\/fr\/wp-json\/wp\/v2\/posts\/597179","targetHints":{"allow":["GET"]}}],"collection":[{"href":"https:\/\/www.europesays.com\/fr\/wp-json\/wp\/v2\/posts"}],"about":[{"href":"https:\/\/www.europesays.com\/fr\/wp-json\/wp\/v2\/types\/post"}],"author":[{"embeddable":true,"href":"https:\/\/www.europesays.com\/fr\/wp-json\/wp\/v2\/users\/2"}],"replies":[{"embeddable":true,"href":"https:\/\/www.europesays.com\/fr\/wp-json\/wp\/v2\/comments?post=597179"}],"version-history":[{"count":0,"href":"https:\/\/www.europesays.com\/fr\/wp-json\/wp\/v2\/posts\/597179\/revisions"}],"wp:featuredmedia":[{"embeddable":true,"href":"https:\/\/www.europesays.com\/fr\/wp-json\/wp\/v2\/media\/597180"}],"wp:attachment":[{"href":"https:\/\/www.europesays.com\/fr\/wp-json\/wp\/v2\/media?parent=597179"}],"wp:term":[{"taxonomy":"category","embeddable":true,"href":"https:\/\/www.europesays.com\/fr\/wp-json\/wp\/v2\/categories?post=597179"},{"taxonomy":"post_tag","embeddable":true,"href":"https:\/\/www.europesays.com\/fr\/wp-json\/wp\/v2\/tags?post=597179"}],"curies":[{"name":"wp","href":"https:\/\/api.w.org\/{rel}","templated":true}]}}