{"id":597181,"date":"2025-12-13T16:44:55","date_gmt":"2025-12-13T16:44:55","guid":{"rendered":"https:\/\/www.europesays.com\/fr\/597181\/"},"modified":"2025-12-13T16:44:55","modified_gmt":"2025-12-13T16:44:55","slug":"plus-de-500-verbalisations-pour-usage-de-protoxyde-dazote-en-8-mois","status":"publish","type":"post","link":"https:\/\/www.europesays.com\/fr\/597181\/","title":{"rendered":"Plus de 500 verbalisations pour usage de protoxyde d\u2019azote en 8 mois"},"content":{"rendered":"<p>A <a href=\"https:\/\/www.20minutes.fr\/lille\/\" class=\"c-link c-link--is-underlined\" target=\"_blank\" rel=\"noopener\">Lille<\/a>, la municipalit\u00e9 a \u00e9t\u00e9 parmi les premi\u00e8res \u00e0 prendre un arr\u00eat\u00e9 interdisant l\u2019usage et la vente de <a href=\"https:\/\/www.20minutes.fr\/societe\/protoxyde-azote\/\" class=\"c-link c-link--is-underlined\" target=\"_blank\" rel=\"noopener\">protoxyde d\u2019azote<\/a>. Mais <a href=\"https:\/\/www.20minutes.fr\/faits_divers\/4185006-20251111-horrible-saint-omer-vaste-hommage-mathis-tue-automobiliste-sous-protoxyde-azote\" target=\"_blank\" class=\"c-link c-link--is-underlined\" rel=\"noopener\">la mort d\u2019un jeune homme lors de la nuit d\u2019Halloween<\/a>, percut\u00e9 par un chauffard soup\u00e7onn\u00e9 d\u2019avoir consomm\u00e9 ce gaz, montre les limites de ce qu\u2019une ville peut faire seule.<\/p>\n<p>On ne peut pas dire que l\u2019arr\u00eat\u00e9 municipal pris en mai dernier par le conseil municipal de Lille n\u2019a pas \u00e9t\u00e9 suivi d\u2019effets. Le texte interdit donc depuis presque 8 mois \u00ab\u00a0la consommation, la d\u00e9tention, la vente et la distribution de protoxyde d\u2019azote dans plusieurs secteurs festifs identifi\u00e9s\u00a0\u00bb. Et sur ce laps de temps, la police municipale a dress\u00e9 \u00ab\u00a0plus de 500 verbalisations\u00a0\u00bb, notamment pour \u00ab\u00a0usage, d\u00e9tention ou abandon de cartouches dans l\u2019espace public\u00a0\u00bb.<\/p>\n<\/p>\n<p>Une volont\u00e9 politique mais des obstacles techniques<\/p>\n<p>Sauf que le proto, m\u00eame s\u2019il fait l\u2019objet d\u2019une loi cens\u00e9e lutter contre les usages dangereux qui peuvent en \u00eatre faits, reste un produit licite en France. Notamment parce que ce gaz est largement utilis\u00e9 dans les domaines de la m\u00e9decine et de l\u2019agroalimentaire et qu\u2019il ne figure pas sur la liste des stup\u00e9fiants de l\u2019ANSES.<\/p>\n<p>Mais les choses pourraient changer, du moins sent-on que la volont\u00e9 politique va dans ce sens. La ville de Lille, lors de son conseil municipal de vendredi, a formellement demand\u00e9 au gouvernement \u00ab\u00a0de faire \u00e9voluer le cadre juridique afin que [\u2026] le protoxyde d\u2019azote soit class\u00e9 comme produit stup\u00e9fiant\u00a0\u00bb. Et \u00e7a tombe bien, parce que de mani\u00e8re concomitante, le ministre de la Justice, <a href=\"https:\/\/www.20minutes.fr\/societe\/4191165-20251212-gaz-hilarant-gerald-darmanin-souhaite-protoxyde-azote-classe-comme-produit-stupefiant\" target=\"_blank\" class=\"c-link c-link--is-underlined\" rel=\"noopener\">G\u00e9rald Darmanin, a exprim\u00e9 son \u00ab\u00a0souhait\u00a0\u00bb d\u2019inscrire le proto sur cette fameuse liste<\/a>. Selon l\u2019AFP, il a confirm\u00e9 que le gouvernement travaillait \u00e0 un encadrement strict de cette substance.<\/p>\n<p><a href=\"https:\/\/www.20minutes.fr\/societe\/protoxyde-azote\/\" class=\"c-link c-btn c-btn--primary\" target=\"_blank\" rel=\"noopener\">Notre dossier sur le protoxyde d&rsquo;azote<\/a><\/p>\n<p>Le probl\u00e8me de taille qui va se poser concerne la d\u00e9tection de la substance dans l\u2019organisme pour prouver la consommation. Car le protoxyde d\u2019azote est rapidement \u00e9limin\u00e9 de l\u2019organisme, entre quelques minutes \u00e0 quelques heures selon le moyen utilis\u00e9. Et <a href=\"https:\/\/www.20minutes.fr\/societe\/4184242-20251109-pourquoi-malgre-accidents-mortels-protoxyde-azote-pres-etre-sanctionne-volant\" target=\"_blank\" class=\"c-link c-link--is-underlined\" rel=\"noopener\">il n\u2019existe pas \u00e0 ce jour de test homologu\u00e9<\/a> comme c\u2019est le cas pour l\u2019alcool ou certains stup\u00e9fiants.<\/p>\n","protected":false},"excerpt":{"rendered":"A Lille, la municipalit\u00e9 a \u00e9t\u00e9 parmi les premi\u00e8res \u00e0 prendre un arr\u00eat\u00e9 interdisant l\u2019usage et la vente&hellip;\n","protected":false},"author":2,"featured_media":597182,"comment_status":"","ping_status":"","sticky":false,"template":"","format":"standard","meta":{"footnotes":""},"categories":[2815],"tags":[1111,11,1052,1777,674,1011,27,811,1307,12,1308,1309,63867,1306,25,4377],"class_list":{"0":"post-597181","1":"post","2":"type-post","3":"status-publish","4":"format-standard","5":"has-post-thumbnail","7":"category-lille","8":"tag-actu","9":"tag-actualites","10":"tag-drogue","11":"tag-eu","12":"tag-europe","13":"tag-fr","14":"tag-france","15":"tag-hauts-de-france","16":"tag-lille","17":"tag-news","18":"tag-nord","19":"tag-nord-pas-de-calais","20":"tag-protoxyde-dazote","21":"tag-regions","22":"tag-republique-francaise","23":"tag-stupefiant"},"share_on_mastodon":{"url":"https:\/\/pubeurope.com\/@fr\/115713272891952552","error":""},"_links":{"self":[{"href":"https:\/\/www.europesays.com\/fr\/wp-json\/wp\/v2\/posts\/597181","targetHints":{"allow":["GET"]}}],"collection":[{"href":"https:\/\/www.europesays.com\/fr\/wp-json\/wp\/v2\/posts"}],"about":[{"href":"https:\/\/www.europesays.com\/fr\/wp-json\/wp\/v2\/types\/post"}],"author":[{"embeddable":true,"href":"https:\/\/www.europesays.com\/fr\/wp-json\/wp\/v2\/users\/2"}],"replies":[{"embeddable":true,"href":"https:\/\/www.europesays.com\/fr\/wp-json\/wp\/v2\/comments?post=597181"}],"version-history":[{"count":0,"href":"https:\/\/www.europesays.com\/fr\/wp-json\/wp\/v2\/posts\/597181\/revisions"}],"wp:featuredmedia":[{"embeddable":true,"href":"https:\/\/www.europesays.com\/fr\/wp-json\/wp\/v2\/media\/597182"}],"wp:attachment":[{"href":"https:\/\/www.europesays.com\/fr\/wp-json\/wp\/v2\/media?parent=597181"}],"wp:term":[{"taxonomy":"category","embeddable":true,"href":"https:\/\/www.europesays.com\/fr\/wp-json\/wp\/v2\/categories?post=597181"},{"taxonomy":"post_tag","embeddable":true,"href":"https:\/\/www.europesays.com\/fr\/wp-json\/wp\/v2\/tags?post=597181"}],"curies":[{"name":"wp","href":"https:\/\/api.w.org\/{rel}","templated":true}]}}