{"id":597187,"date":"2025-12-13T16:52:39","date_gmt":"2025-12-13T16:52:39","guid":{"rendered":"https:\/\/www.europesays.com\/fr\/597187\/"},"modified":"2025-12-13T16:52:39","modified_gmt":"2025-12-13T16:52:39","slug":"qui-veut-absolument-rendre-un-contre-hommage-a-ilan-halimi","status":"publish","type":"post","link":"https:\/\/www.europesays.com\/fr\/597187\/","title":{"rendered":"qui veut absolument rendre un contre-hommage \u00e0 Ilan Halimi ?"},"content":{"rendered":"<p itemprop=\"description\"><strong>Le 27 novembre dernier, la Ville de Lyon r\u00e9pondait \u00e0 l&rsquo;appel de l&rsquo;avocat <a href=\"https:\/\/www.lyonmag.com\/profil-personnalite-lyonnaise\/458\/alain-jakubowicz\" target=\"_blank\" rel=\"noopener\">Alain Jakubowicz<\/a> de planter un arbre en hommage \u00e0 Ilan Halimi, apr\u00e8s que celui d&rsquo;Epinay-sur-Seine a \u00e9t\u00e9 abattu \u00e0 la tron\u00e7onneuse cet \u00e9t\u00e9.<\/strong><\/p>\n<p>Un mouvement qui avait \u00e9t\u00e9 rapidement suivi par de nombreux \u00e9diles fran\u00e7ais, soucieux de planter cette \u00ab\u00a0for\u00eat r\u00e9publicaine\u00a0\u00bb d&rsquo;oliviers.<\/p>\n<p>Mais <a href=\"https:\/\/www.lyonmag.com\/profil-personnalite-lyonnaise\/504\/gregory-doucet\" target=\"_blank\" rel=\"noopener\">Gr\u00e9gory Doucet<\/a> a suivi la consigne \u00e0 sa mani\u00e8re. Car plut\u00f4t qu&rsquo;un olivier comme le reste des maires, <a href=\"https:\/\/www.lyonmag.com\/article\/148556\/lutter-contre-l-antisemitisme-c-est-defendre-la-republique-un-arbre-plante-en-hommage-a-ilan-halimi-a-lyon\" target=\"_blank\" rel=\"noopener\">l&rsquo;\u00e9dile lyonnais faisait planter un orme dans le square Jussieu<\/a>, au cours d&rsquo;une c\u00e9r\u00e9monie aux c\u00f4t\u00e9s de <a href=\"https:\/\/www.lyonmag.com\/profil-personnalite-lyonnaise\/15\/myriam-picot\" target=\"_blank\" rel=\"noopener\">Myriam Picot<\/a>, pr\u00e9sidente de la Licra Auvergne-Rh\u00f4ne-Alpes.<\/p>\n<p>Un choix qui a visiblement fait des m\u00e9contents, notamment au sein de la communaut\u00e9 juive lyonnaise, puisque une ou plusieurs personnes ont profit\u00e9 d&rsquo;une nuit calme pour planter discr\u00e8tement un olivier \u00e0 c\u00f4t\u00e9 de l&rsquo;orme comm\u00e9moratif d\u00e9but d\u00e9cembre.<\/p>\n<p>Le geste n&rsquo;a pas \u00e9t\u00e9 revendiqu\u00e9, mais il a agac\u00e9 \u00e0 son tour les \u00e9lus \u00e9cologistes. Estimant que cette plantation sauvage ne disposait pas de l&rsquo;autorisation n\u00e9cessaire et qu&rsquo;elle pouvait mettre en p\u00e9ril le d\u00e9veloppement de l&rsquo;orme pour Ilan Halimi, la Ville de Lyon a, selon nos informations, fait proc\u00e9der \u00e0 son retrait ce jeudi matin.<\/p>\n<p>\u00ab\u00a0L\u2019olivier a \u00e9t\u00e9 transf\u00e9r\u00e9 au centre technique de la Direction Biodiversit\u00e9 et Nature en Ville en attendant de pouvoir identifier un nouveau lieu d\u2019implantation plus adapt\u00e9\u00a0\u00bb, nous confirme la mairie centrale.<\/p>\n<p>Reste \u00e0 savoir si les planteurs d&rsquo;olivier s&rsquo;arr\u00eateront l\u00e0.<\/p>\n","protected":false},"excerpt":{"rendered":"Le 27 novembre dernier, la Ville de Lyon r\u00e9pondait \u00e0 l&rsquo;appel de l&rsquo;avocat Alain Jakubowicz de planter un&hellip;\n","protected":false},"author":2,"featured_media":597188,"comment_status":"","ping_status":"","sticky":false,"template":"","format":"standard","meta":{"footnotes":""},"categories":[1889],"tags":[1111,11,2813,2190,2430,1109,251,1112,2811,1777,674,118,1011,27,1922,1110,1114,2428,2810,12,241,316,25,2812,517,800],"class_list":{"0":"post-597187","1":"post","2":"type-post","3":"status-publish","4":"format-standard","5":"has-post-thumbnail","7":"category-lyon","8":"tag-actu","9":"tag-actualites","10":"tag-article","11":"tag-asvel","12":"tag-auvergne-rhone-alpes","13":"tag-breves","14":"tag-culture","15":"tag-depeches","16":"tag-economique","17":"tag-eu","18":"tag-europe","19":"tag-faits-divers","20":"tag-fr","21":"tag-france","22":"tag-info","23":"tag-informations","24":"tag-infos","25":"tag-lyon","26":"tag-lyonmag","27":"tag-news","28":"tag-ol","29":"tag-politique","30":"tag-republique-francaise","31":"tag-sociale","32":"tag-sport","33":"tag-transports"},"share_on_mastodon":{"url":"https:\/\/pubeurope.com\/@fr\/115713300474159764","error":""},"_links":{"self":[{"href":"https:\/\/www.europesays.com\/fr\/wp-json\/wp\/v2\/posts\/597187","targetHints":{"allow":["GET"]}}],"collection":[{"href":"https:\/\/www.europesays.com\/fr\/wp-json\/wp\/v2\/posts"}],"about":[{"href":"https:\/\/www.europesays.com\/fr\/wp-json\/wp\/v2\/types\/post"}],"author":[{"embeddable":true,"href":"https:\/\/www.europesays.com\/fr\/wp-json\/wp\/v2\/users\/2"}],"replies":[{"embeddable":true,"href":"https:\/\/www.europesays.com\/fr\/wp-json\/wp\/v2\/comments?post=597187"}],"version-history":[{"count":0,"href":"https:\/\/www.europesays.com\/fr\/wp-json\/wp\/v2\/posts\/597187\/revisions"}],"wp:featuredmedia":[{"embeddable":true,"href":"https:\/\/www.europesays.com\/fr\/wp-json\/wp\/v2\/media\/597188"}],"wp:attachment":[{"href":"https:\/\/www.europesays.com\/fr\/wp-json\/wp\/v2\/media?parent=597187"}],"wp:term":[{"taxonomy":"category","embeddable":true,"href":"https:\/\/www.europesays.com\/fr\/wp-json\/wp\/v2\/categories?post=597187"},{"taxonomy":"post_tag","embeddable":true,"href":"https:\/\/www.europesays.com\/fr\/wp-json\/wp\/v2\/tags?post=597187"}],"curies":[{"name":"wp","href":"https:\/\/api.w.org\/{rel}","templated":true}]}}