{"id":597189,"date":"2025-12-13T16:54:19","date_gmt":"2025-12-13T16:54:19","guid":{"rendered":"https:\/\/www.europesays.com\/fr\/597189\/"},"modified":"2025-12-13T16:54:19","modified_gmt":"2025-12-13T16:54:19","slug":"un-passager-agite-menace-de-faire-exploser-le-train-pres-de-lyon","status":"publish","type":"post","link":"https:\/\/www.europesays.com\/fr\/597189\/","title":{"rendered":"Un passager agit\u00e9 menace de faire exploser le train pr\u00e8s de Lyon"},"content":{"rendered":"<p class=\"content\" style=\"font-size:1.2em;font-weight:700\">Jeudi 11 d\u00e9cembre, un voyageur \u00e0 bord d&rsquo;un train Lyon-Nantes a sem\u00e9 la panique en mena\u00e7ant de faire exploser une bombe avant de briser une vitre, contraignant le convoi \u00e0 s&rsquo;arr\u00eater en gare de Tarare, dans le Rh\u00f4ne. <\/p>\n<p>Il \u00e9tait 13 h ce jeudi 11 d\u00e9cembre lorsqu&rsquo;un passager du train TER en provenance de Lyon et \u00e0 destination de Nantes a sem\u00e9 la panique dans les wagons. L&rsquo;homme, d\u00e9crit par nos confr\u00e8res d&rsquo;<a href=\"https:\/\/actu.fr\/auvergne-rhone-alpes\/tarare_69243\/un-coup-de-folie-un-passager-agite-seme-le-trouble-dans-un-train-sncf-pres-de-lyon_63573470.html\" target=\"_blank\" rel=\"noreferrer noopener\">actu Lyon<\/a> comme pris d\u2019un coup de folie, aurait menac\u00e9 un contr\u00f4leur de faire exploser une bombe alors que le train traversait le Rh\u00f4ne. Apr\u00e8s plusieurs minutes de menaces, il a finalement utilis\u00e9 un extincteur pour briser une vitre, provoquant une alerte \u00e0 bord et for\u00e7ant le conducteur \u00e0 activer un arr\u00eat d&rsquo;urgence en gare de Tarare, dans le Rh\u00f4ne. <\/p>\n<p>Sur une vid\u00e9o diffus\u00e9e sur les r\u00e9seaux sociaux, on voit le suspect profitant de l&rsquo;arr\u00eat, pour tenter de fuir. Apr\u00e8s avoir enjamb\u00e9 la vitre d&rsquo;une porte du train, l&rsquo;homme a r\u00f4d\u00e9 dans les rues de la ville, avant d&rsquo;\u00eatre rapidement interpell\u00e9 par les gendarmes. Apr\u00e8s les v\u00e9rifications et constatations d&rsquo;usage, le train a pu reprendre sa route vers la Loire-Atlantique sans autre incident.  <\/p>\n","protected":false},"excerpt":{"rendered":"Jeudi 11 d\u00e9cembre, un voyageur \u00e0 bord d&rsquo;un train Lyon-Nantes a sem\u00e9 la panique en mena\u00e7ant de faire&hellip;\n","protected":false},"author":2,"featured_media":597190,"comment_status":"","ping_status":"","sticky":false,"template":"","format":"standard","meta":{"footnotes":""},"categories":[1889],"tags":[1111,11,2430,1777,674,1011,27,2428,12,25,2429,926],"class_list":{"0":"post-597189","1":"post","2":"type-post","3":"status-publish","4":"format-standard","5":"has-post-thumbnail","7":"category-lyon","8":"tag-actu","9":"tag-actualites","10":"tag-auvergne-rhone-alpes","11":"tag-eu","12":"tag-europe","13":"tag-fr","14":"tag-france","15":"tag-lyon","16":"tag-news","17":"tag-republique-francaise","18":"tag-rhone","19":"tag-train"},"share_on_mastodon":{"url":"https:\/\/pubeurope.com\/@fr\/115713308338528648","error":""},"_links":{"self":[{"href":"https:\/\/www.europesays.com\/fr\/wp-json\/wp\/v2\/posts\/597189","targetHints":{"allow":["GET"]}}],"collection":[{"href":"https:\/\/www.europesays.com\/fr\/wp-json\/wp\/v2\/posts"}],"about":[{"href":"https:\/\/www.europesays.com\/fr\/wp-json\/wp\/v2\/types\/post"}],"author":[{"embeddable":true,"href":"https:\/\/www.europesays.com\/fr\/wp-json\/wp\/v2\/users\/2"}],"replies":[{"embeddable":true,"href":"https:\/\/www.europesays.com\/fr\/wp-json\/wp\/v2\/comments?post=597189"}],"version-history":[{"count":0,"href":"https:\/\/www.europesays.com\/fr\/wp-json\/wp\/v2\/posts\/597189\/revisions"}],"wp:featuredmedia":[{"embeddable":true,"href":"https:\/\/www.europesays.com\/fr\/wp-json\/wp\/v2\/media\/597190"}],"wp:attachment":[{"href":"https:\/\/www.europesays.com\/fr\/wp-json\/wp\/v2\/media?parent=597189"}],"wp:term":[{"taxonomy":"category","embeddable":true,"href":"https:\/\/www.europesays.com\/fr\/wp-json\/wp\/v2\/categories?post=597189"},{"taxonomy":"post_tag","embeddable":true,"href":"https:\/\/www.europesays.com\/fr\/wp-json\/wp\/v2\/tags?post=597189"}],"curies":[{"name":"wp","href":"https:\/\/api.w.org\/{rel}","templated":true}]}}