{"id":597197,"date":"2025-12-13T17:00:21","date_gmt":"2025-12-13T17:00:21","guid":{"rendered":"https:\/\/www.europesays.com\/fr\/597197\/"},"modified":"2025-12-13T17:00:21","modified_gmt":"2025-12-13T17:00:21","slug":"une-enquete-ouverte-apres-le-feu-dartifice-de-loris-giuliano-au-trocadero","status":"publish","type":"post","link":"https:\/\/www.europesays.com\/fr\/597197\/","title":{"rendered":"Une enqu\u00eate ouverte apr\u00e8s le feu d\u2019artifice de Loris Giuliano au Trocad\u00e9ro"},"content":{"rendered":"<p>Et vous, votre vendredi soir, c\u2019\u00e9tait quoi\u00a0? Repassage ou combo canap\u00e9-<a href=\"https:\/\/www.20minutes.fr\/dossier\/netflix\" class=\"c-link c-link--is-underlined\" target=\"_blank\" rel=\"noopener\">Netflix<\/a>\u00a0? Eh bien pas pour Loris Giuliano. Le vid\u00e9aste s\u2019est offert un (vrai) feu d\u2019artifice au Trocad\u00e9ro, pr\u00e8s de la <a href=\"https:\/\/www.20minutes.fr\/dossier\/tour_eiffel\" class=\"c-link c-link--is-underlined\" target=\"_blank\" rel=\"noopener\">Tour Eiffel<\/a>, \u00e0 <a href=\"https:\/\/www.20minutes.fr\/paris\/\" class=\"c-link c-link--is-underlined\" target=\"_blank\" rel=\"noopener\">Paris<\/a>. Comme on peut le voir sur la vid\u00e9o qu\u2019il a post\u00e9e sur X, le spectacle \u00e9tait au rendez-vous, sous les yeux des touristes \u00e9tonn\u00e9s.<\/p>\n<blockquote class=\"twitter-tweet\" data-media-max-width=\"560\">\n<p lang=\"fr\" dir=\"ltr\">bon bin vid\u00e9o sp\u00e9ciale alors mise en ligne sp\u00e9ciale et annonce sp\u00e9ciale <br \/>juste pour vous et pour napoli<br \/>merci pour tout depuis le d\u00e9but <br \/>napoli sur youtube <br \/>je vous aime fooooort \ud83d\udc99\ud83d\udc99\ud83d\udc99\ud83d\udc99\ud83d\udc99 <a href=\"https:\/\/t.co\/LDDXBNtlpC\">pic.twitter.com\/LDDXBNtlpC<\/a><\/p>\n<p>\u2014 Loris Giuliano (@Loris_Giuliano) <a href=\"https:\/\/twitter.com\/Loris_Giuliano\/status\/1999589737439334493?ref_src=twsrc%5Etfw\" target=\"_blank\" rel=\"noopener\">December 12, 2025<\/a><\/p><\/blockquote>\n<p>En l\u00e9gende, Loris Giuliano a expliqu\u00e9 qu\u2019il s\u2019agissait d\u2019une \u00ab\u00a0Vid\u00e9o sp\u00e9ciale\u00a0\u00bb avec une \u00ab\u00a0mise en ligne sp\u00e9ciale\u00a0\u00bb pour une \u00ab\u00a0annonce sp\u00e9ciale\u00a0\u00bb. Cette annonce, c\u2019est la mise en ligne sur <a href=\"https:\/\/www.20minutes.fr\/high-tech\/youtube\/\" class=\"c-link c-link--is-underlined\" target=\"_blank\" rel=\"noopener\">YouTube<\/a>, o\u00f9 il compte pr\u00e8s de 2\u00a0millions d\u2019abonn\u00e9s, <a href=\"https:\/\/www.youtube.com\/watch?v=lrreuz0RLNA\" rel=\"nofollow noopener\" target=\"_blank\" class=\"c-link c-link--is-underlined\">de son film \u00ab\u00a0Napoli\u00a0\u00bb<\/a>.<\/p>\n<p>\u00ab\u00a0Mise en danger de la vie d\u2019autrui\u00a0\u00bb<\/p>\n<p>Oui mais voil\u00e0\u00a0: <a href=\"https:\/\/www.leparisien.fr\/paris-75\/paris-75016\/paris-un-impressionnant-feu-dartifice-tire-par-le-videaste-loris-giuliano-au-trocadero-la-mairie-annonce-louverture-dune-enquete-13-12-2025-I4XC3Z6QBFHOBIAPZXLB7G2VPA.php\" rel=\"nofollow noopener\" target=\"_blank\" class=\"c-link c-link--is-underlined\">comme le rapportent nos confr\u00e8res du Parisien<\/a>, le son et lumi\u00e8re organis\u00e9 par le youtubeur vendredi soir n\u2019aurait pas \u00e9t\u00e9 autoris\u00e9 au pr\u00e9alable.<\/p>\n<p>Donc selon la mairie du 16e\u00a0arrondissement, une enqu\u00eate de police a \u00e9t\u00e9 ouverte pour \u00ab\u00a0mise en danger de la vie d\u2019autrui\u00a0\u00bb.<\/p>\n<p><script async src=\"https:\/\/platform.twitter.com\/widgets.js\" charset=\"utf-8\"><\/script><\/p>\n","protected":false},"excerpt":{"rendered":"Et vous, votre vendredi soir, c\u2019\u00e9tait quoi\u00a0? Repassage ou combo canap\u00e9-Netflix\u00a0? Eh bien pas pour Loris Giuliano. Le&hellip;\n","protected":false},"author":2,"featured_media":597198,"comment_status":"","ping_status":"","sticky":false,"template":"","format":"standard","meta":{"footnotes":""},"categories":[1888],"tags":[11,1067,1777,674,16701,1011,27,662,12,626,1306,25,7184],"class_list":{"0":"post-597197","1":"post","2":"type-post","3":"status-publish","4":"format-standard","5":"has-post-thumbnail","7":"category-paris","8":"tag-actualites","9":"tag-enquete","10":"tag-eu","11":"tag-europe","12":"tag-feu-dartifice","13":"tag-fr","14":"tag-france","15":"tag-ile-de-france","16":"tag-news","17":"tag-paris","18":"tag-regions","19":"tag-republique-francaise","20":"tag-tour-eiffel"},"share_on_mastodon":{"url":"https:\/\/pubeurope.com\/@fr\/115713331928607865","error":""},"_links":{"self":[{"href":"https:\/\/www.europesays.com\/fr\/wp-json\/wp\/v2\/posts\/597197","targetHints":{"allow":["GET"]}}],"collection":[{"href":"https:\/\/www.europesays.com\/fr\/wp-json\/wp\/v2\/posts"}],"about":[{"href":"https:\/\/www.europesays.com\/fr\/wp-json\/wp\/v2\/types\/post"}],"author":[{"embeddable":true,"href":"https:\/\/www.europesays.com\/fr\/wp-json\/wp\/v2\/users\/2"}],"replies":[{"embeddable":true,"href":"https:\/\/www.europesays.com\/fr\/wp-json\/wp\/v2\/comments?post=597197"}],"version-history":[{"count":0,"href":"https:\/\/www.europesays.com\/fr\/wp-json\/wp\/v2\/posts\/597197\/revisions"}],"wp:featuredmedia":[{"embeddable":true,"href":"https:\/\/www.europesays.com\/fr\/wp-json\/wp\/v2\/media\/597198"}],"wp:attachment":[{"href":"https:\/\/www.europesays.com\/fr\/wp-json\/wp\/v2\/media?parent=597197"}],"wp:term":[{"taxonomy":"category","embeddable":true,"href":"https:\/\/www.europesays.com\/fr\/wp-json\/wp\/v2\/categories?post=597197"},{"taxonomy":"post_tag","embeddable":true,"href":"https:\/\/www.europesays.com\/fr\/wp-json\/wp\/v2\/tags?post=597197"}],"curies":[{"name":"wp","href":"https:\/\/api.w.org\/{rel}","templated":true}]}}