{"id":597209,"date":"2025-12-13T17:07:19","date_gmt":"2025-12-13T17:07:19","guid":{"rendered":"https:\/\/www.europesays.com\/fr\/597209\/"},"modified":"2025-12-13T17:07:19","modified_gmt":"2025-12-13T17:07:19","slug":"en-allemagne-la-feerie-du-marche-de-la-foret-noire","status":"publish","type":"post","link":"https:\/\/www.europesays.com\/fr\/597209\/","title":{"rendered":"en Allemagne, la f\u00e9erie du march\u00e9 de la For\u00eat-Noire"},"content":{"rendered":"<p>      lire plus tard<\/p>\n<p id=\"dialog__title\" class=\"dialog__title\">Pour sauvegarder cet article, connectez-vous ou cr\u00e9ez un compte franceinfo<\/p>\n<p class=\"dialog__description\">Sans paiement. Sans abonnement.<\/p>\n<p>        Fermer la fen\u00eatre d\u2019activation des notifications France Info<\/p>\n<p>      cr\u00e9er votre compte<\/p>\n<p>      se connecter<\/p>\n<p>      :<\/p>\n<p>        Fermer la fen\u00eatre de pr\u00e9sentation<\/p>\n<p>    Publi\u00e9 le 13\/12\/2025 14:22<\/p>\n<p>      Mis \u00e0 jour le 13\/12\/2025 15:44<\/p>\n<p>        Temps de lecture : 3min &#8211; vid\u00e9o : 3min<\/p>\n<p>    <img decoding=\"async\" class=\"francetv-player-wrapper__image\" alt=\"No\u00ebl et f\u00eates de fin d'ann\u00e9e : en Allemagne, la f\u00e9erie du march\u00e9 de la For\u00eat-Noire\"  width=\"432\" height=\"243\" src=\"https:\/\/www.europesays.com\/fr\/wp-content\/uploads\/2025\/12\/noel-693d6841bb456152158704.png\" fetchpriority=\"high\"\/><\/p>\n<p>              No\u00ebl et f\u00eates de fin d&rsquo;ann\u00e9e : en Allemagne, la f\u00e9erie du march\u00e9 de la For\u00eat-Noire<br \/>\n                    (France 2)<\/p>\n<p>      3min<\/p>\n<p>\n  Direction l&rsquo;Allemagne \u00e0 la d\u00e9couverte de l&rsquo;un des march\u00e9s de No\u00ebl les plus beaux et r\u00e9put\u00e9s du pays. Digne d&rsquo;un conte de f\u00e9es, il est situ\u00e9 au c\u0153ur de la For\u00eat-Noire et les places y sont ch\u00e8res.\n<\/p>\n<p><strong>Ce texte correspond \u00e0 une partie de la retranscription du reportage ci-dessus. Cliquez sur la vid\u00e9o pour la regarder en int\u00e9gralit\u00e9.<\/strong><\/p>\n<p>Un d\u00e9cor digne d&rsquo;un op\u00e9ra grandiose, avec les immenses sapins de la <a href=\"https:\/\/france3-regions.franceinfo.fr\/grand-est\/alsace\/succes-fou-pour-le-playmobil-marie-de-la-foret-noire-rupture-de-stock-et-revente-record-3245596.html\" target=\"_blank\" rel=\"noopener nofollow\" data-tooltip-url=\"https:\/\/france3-regions.franceinfo.fr\/grand-est\/alsace\/succes-fou-pour-le-playmobil-marie-de-la-foret-noire-rupture-de-stock-et-revente-record-3245596.html\">For\u00eat-Noire<\/a> domin\u00e9s par un viaduc majestueux de 37 m\u00e8tres de haut. En contrebas, on trouve de petits chalets de bois d&rsquo;o\u00f9 s&rsquo;\u00e9chappe une douce odeur de cannelle et de vin chaud, qui finit par emporter le c\u0153ur des visiteurs. Ils viennent parfois de tr\u00e8s loin pour admirer ce spectacle. \u00ab\u00a0C&rsquo;est un lieu extraordinaire. On a l&rsquo;impression d&rsquo;\u00eatre \u00e0 l&rsquo;int\u00e9rieur d&rsquo;un livre de No\u00ebl, un conte de f\u00e9es. C&rsquo;est tellement beau, tellement authentique\u00a0\u00bb, s&rsquo;\u00e9merveille une touriste. \u00ab\u00a0La vue est magnifique, vraiment magnifique. Je n&rsquo;avais jamais rien vu de tel avant\u00a0\u00bb, assure un autre.<\/p>\n<p>Depuis sa cr\u00e9ation en 2010, le march\u00e9 de No\u00ebl de la Gorge de Ravenna, situ\u00e9 \u00e0 proximit\u00e9 de Fribourg, est l&rsquo;un des plus r\u00e9put\u00e9s d&rsquo;Allemagne, et des plus photographi\u00e9s. \u00ab\u00a0Quand les lumi\u00e8res du train apparaissent sur le viaduc avec le march\u00e9 en dessous, on a l&rsquo;impression de revivre ce c\u00e9l\u00e8bre film de No\u00ebl o\u00f9 un enfant monte dans un train vers le P\u00f4le Nord pour rencontrer le P\u00e8re No\u00ebl. Nous ne voulions rater ce spectacle pour rien au monde\u00a0\u00bb, commente une visiteuse.<\/p>\n<p>Le march\u00e9 n&rsquo;est ouvert que le week-end, et est r\u00e9serv\u00e9 aux privil\u00e9gi\u00e9s : seulement 75 000 places ont \u00e9t\u00e9 ouvertes \u00e0 la vente, pas une de plus. \u00ab\u00a0Le jour de la mise en ligne, j&rsquo;ai mis expr\u00e8s un r\u00e9veil pour \u00eatre s\u00fbre de faire partie des heureux \u00e9lus. Heureusement, car en trois heures, tout est parti\u00a0\u00bb, confie une femme. Parmi les petits chanceux du jour, des Fran\u00e7ais venus sp\u00e9cialement d&rsquo;Alsace, \u00e0 deux heures de voiture : \u00ab\u00a0C&rsquo;est super chouette, super f\u00e9erique, super lumineux. Les d\u00e9corations sont magnifiques, l&rsquo;illumination sur le pont, c&rsquo;est super sympa.\u00a0\u00bb<\/p>\n<p>Le march\u00e9 des gorges de Ravenna est aussi r\u00e9put\u00e9 pour la qualit\u00e9 de son artisanat, fait, selon les organisateurs, enti\u00e8rement de produits locaux. \u00ab\u00a0Ce sont toutes des pi\u00e8ces uniques de la For\u00eat-Noire, issues de diff\u00e9rentes essences de bois, comme ce poivrier en bouleau fabriqu\u00e9 par un ami de la r\u00e9gion\u00a0\u00bb, assure l&rsquo;un d&rsquo;eux. Herbert Kaiser, marchand de poissons, fume lui-m\u00eame ses saumons et truites. Il ne laisserait sa place pour rien au monde. \u00ab\u00a0La liste d&rsquo;attente pour pouvoir tenir un stand ici est \u00e9norme. C&rsquo;est nous, les marchands, qui d\u00e9cidons et votons tous ensemble pour accueillir les nouveaux. C&rsquo;est gr\u00e2ce \u00e0 cela que nous pouvons conserver le caract\u00e8re traditionnel du march\u00e9\u00a0\u00bb, explique-t-il.<\/p>\n<p>Le Ravennaschlucht, en allemand, enchantera encore tout le mois de d\u00e9cembre touristes et habitants. La reine Marie-Antoinette, qui serait pass\u00e9e dans la vall\u00e9e en 1770, aurait sans doute appr\u00e9ci\u00e9 son allure royale et th\u00e9\u00e2trale si particuli\u00e8re, au milieu d&rsquo;un cadre tellement pittoresque.<\/p>\n","protected":false},"excerpt":{"rendered":"lire plus tard Pour sauvegarder cet article, connectez-vous ou cr\u00e9ez un compte franceinfo Sans paiement. Sans abonnement. Fermer&hellip;\n","protected":false},"author":2,"featured_media":597210,"comment_status":"","ping_status":"","sticky":false,"template":"","format":"standard","meta":{"footnotes":""},"categories":[1587],"tags":[11,672,1804,1805,1803,1777,674,1801,12,1802],"class_list":{"0":"post-597209","1":"post","2":"type-post","3":"status-publish","4":"format-standard","5":"has-post-thumbnail","7":"category-allemagne","8":"tag-actualites","9":"tag-allemagne","10":"tag-bundesrepublik-deutschland","11":"tag-de","12":"tag-deutschland","13":"tag-eu","14":"tag-europe","15":"tag-germany","16":"tag-news","17":"tag-republique-federale-dallemagne"},"share_on_mastodon":{"url":"https:\/\/pubeurope.com\/@fr\/115713360318857122","error":""},"_links":{"self":[{"href":"https:\/\/www.europesays.com\/fr\/wp-json\/wp\/v2\/posts\/597209","targetHints":{"allow":["GET"]}}],"collection":[{"href":"https:\/\/www.europesays.com\/fr\/wp-json\/wp\/v2\/posts"}],"about":[{"href":"https:\/\/www.europesays.com\/fr\/wp-json\/wp\/v2\/types\/post"}],"author":[{"embeddable":true,"href":"https:\/\/www.europesays.com\/fr\/wp-json\/wp\/v2\/users\/2"}],"replies":[{"embeddable":true,"href":"https:\/\/www.europesays.com\/fr\/wp-json\/wp\/v2\/comments?post=597209"}],"version-history":[{"count":0,"href":"https:\/\/www.europesays.com\/fr\/wp-json\/wp\/v2\/posts\/597209\/revisions"}],"wp:featuredmedia":[{"embeddable":true,"href":"https:\/\/www.europesays.com\/fr\/wp-json\/wp\/v2\/media\/597210"}],"wp:attachment":[{"href":"https:\/\/www.europesays.com\/fr\/wp-json\/wp\/v2\/media?parent=597209"}],"wp:term":[{"taxonomy":"category","embeddable":true,"href":"https:\/\/www.europesays.com\/fr\/wp-json\/wp\/v2\/categories?post=597209"},{"taxonomy":"post_tag","embeddable":true,"href":"https:\/\/www.europesays.com\/fr\/wp-json\/wp\/v2\/tags?post=597209"}],"curies":[{"name":"wp","href":"https:\/\/api.w.org\/{rel}","templated":true}]}}