{"id":597219,"date":"2025-12-13T17:12:14","date_gmt":"2025-12-13T17:12:14","guid":{"rendered":"https:\/\/www.europesays.com\/fr\/597219\/"},"modified":"2025-12-13T17:12:14","modified_gmt":"2025-12-13T17:12:14","slug":"combien-gagnent-vraiment-les-medecins-en-france","status":"publish","type":"post","link":"https:\/\/www.europesays.com\/fr\/597219\/","title":{"rendered":"Combien gagnent vraiment les m\u00e9decins en France ?"},"content":{"rendered":"<p>Derri\u00e8re la blouse blanche se cachent des r\u00e9alit\u00e9s \u00e9conomiques que peu de Fran\u00e7ais soup\u00e7onnent. L&rsquo;\u00e9tude de la Caisse autonome de retraite des m\u00e9decins de <a class=\"Link\" href=\"https:\/\/www.lepoint.fr\/tags\/france\" data-gtm=\"click:capsule\" data-capsule=\"Lien\" target=\"_blank\" rel=\"noopener\">France<\/a> (Carmf), qui vient de para\u00eetre, l\u00e8ve le voile sur les nouveaux chiffres disponibles sur <a class=\"Link\" href=\"https:\/\/www.lepoint.fr\/sante\/remuneration-des-medecins-la-capitation-plus-vertueuse-que-le-paiement-a-l-acte-22-12-2023-2547997_40.php\" title=\"\" data-gtm=\"click:capsule\" data-capsule=\"Lien\" target=\"_blank\" rel=\"noopener\">les r\u00e9mun\u00e9rations des praticiens lib\u00e9raux<\/a>.\u00a0<\/p>\n<p>L&rsquo;originalit\u00e9 de cette enqu\u00eate tient \u00e0 sa m\u00e9thode. Fini le temps o\u00f9 l&rsquo;on se contentait d&rsquo;analyser les b\u00e9n\u00e9fices non commerciaux pour \u00e9valuer les revenus m\u00e9dicaux. Comme le souligne la Carmf dans sa note explicative, \u00ab\u00a0traditionnellement, on s&rsquo;appuyait sur l&rsquo;\u00e9volution du b\u00e9n\u00e9fice non commercial (BNC) pour analyser les revenus des m\u00e9decins. Cependant, il refl\u00e8te de moins en moins fid\u00e8lement la r\u00e9alit\u00e9 des revenus m\u00e9dicaux.\u00a0\u00bb<\/p>\n<p>Toute l\u2019actualit\u00e9 \u00e0 1\u20ac le premier mois<\/p>\n<p><a href=\"https:\/\/abo.lepoint.fr\/?provenance=21EDI020098\" class=\"btn\" title=\"S&#039;abonner\" data-gtm=\"click:abo|display:abo\" data-campaign=\"paywall_maison\" target=\"_blank\" rel=\"noopener\">S&rsquo;abonner<\/a><\/p>\n<p>ou<\/p>\n<p>La newsletter sant\u00e9<\/p>\n<p class=\"period\">Tous les mardis \u00e0 9h30<\/p>\n<p>Recevez notre s\u00e9lection d\u2019articles issue de notre rubrique Sant\u00e9 ainsi que les Palmar\u00e8s des h\u00f4pitaux et cliniques, dossiers sp\u00e9ciaux, conseils et astuces\u2026<\/p>\n<p>Merci !<br \/>Votre inscription a bien \u00e9t\u00e9 prise en compte avec l&rsquo;adresse email :<\/p>\n<p>Pour d\u00e9couvrir toutes nos autres newsletters, rendez-vous ici : <a href=\"https:\/\/moncompte.lepoint.fr\/\" title=\"\" target=\"_blank\" rel=\"noopener\">MonCompte<\/a><\/p>\n<p>En vous inscrivant, vous acceptez les <a href=\"https:\/\/www.lepoint.fr\/html\/cgu\/\" title=\"Conditions g\u00e9n\u00e9rales d&#039;utilisation\" target=\"_blank\" rel=\"noopener\">conditions g\u00e9n\u00e9rales d\u2019utilisations<\/a> et notre <a href=\"https:\/\/www.lepoint.fr\/html\/politique-de-protection-donnees-personnelles\/\" title=\"Politique de confidentialit\u00e9\" target=\"_blank\" rel=\"noopener\">politique de confidentialit\u00e9<\/a>.<\/p>\n","protected":false},"excerpt":{"rendered":"Derri\u00e8re la blouse blanche se cachent des r\u00e9alit\u00e9s \u00e9conomiques que peu de Fran\u00e7ais soup\u00e7onnent. L&rsquo;\u00e9tude de la Caisse&hellip;\n","protected":false},"author":2,"featured_media":597220,"comment_status":"","ping_status":"","sticky":false,"template":"","format":"standard","meta":{"footnotes":""},"categories":[4],"tags":[11,1011,27,125,12,25],"class_list":{"0":"post-597219","1":"post","2":"type-post","3":"status-publish","4":"format-standard","5":"has-post-thumbnail","7":"category-france","8":"tag-actualites","9":"tag-fr","10":"tag-france","11":"tag-ministere-de-la-sante","12":"tag-news","13":"tag-republique-francaise"},"share_on_mastodon":{"url":"https:\/\/pubeurope.com\/@fr\/115713379220334875","error":""},"_links":{"self":[{"href":"https:\/\/www.europesays.com\/fr\/wp-json\/wp\/v2\/posts\/597219","targetHints":{"allow":["GET"]}}],"collection":[{"href":"https:\/\/www.europesays.com\/fr\/wp-json\/wp\/v2\/posts"}],"about":[{"href":"https:\/\/www.europesays.com\/fr\/wp-json\/wp\/v2\/types\/post"}],"author":[{"embeddable":true,"href":"https:\/\/www.europesays.com\/fr\/wp-json\/wp\/v2\/users\/2"}],"replies":[{"embeddable":true,"href":"https:\/\/www.europesays.com\/fr\/wp-json\/wp\/v2\/comments?post=597219"}],"version-history":[{"count":0,"href":"https:\/\/www.europesays.com\/fr\/wp-json\/wp\/v2\/posts\/597219\/revisions"}],"wp:featuredmedia":[{"embeddable":true,"href":"https:\/\/www.europesays.com\/fr\/wp-json\/wp\/v2\/media\/597220"}],"wp:attachment":[{"href":"https:\/\/www.europesays.com\/fr\/wp-json\/wp\/v2\/media?parent=597219"}],"wp:term":[{"taxonomy":"category","embeddable":true,"href":"https:\/\/www.europesays.com\/fr\/wp-json\/wp\/v2\/categories?post=597219"},{"taxonomy":"post_tag","embeddable":true,"href":"https:\/\/www.europesays.com\/fr\/wp-json\/wp\/v2\/tags?post=597219"}],"curies":[{"name":"wp","href":"https:\/\/api.w.org\/{rel}","templated":true}]}}