{"id":597221,"date":"2025-12-13T17:13:23","date_gmt":"2025-12-13T17:13:23","guid":{"rendered":"https:\/\/www.europesays.com\/fr\/597221\/"},"modified":"2025-12-13T17:13:23","modified_gmt":"2025-12-13T17:13:23","slug":"le-troisieme-tour-de-lalfred-dunhill-championship-suspendu-le-tournoi-reduit-a-54-trous","status":"publish","type":"post","link":"https:\/\/www.europesays.com\/fr\/597221\/","title":{"rendered":"Le troisi\u00e8me tour de l&rsquo;Alfred Dunhill Championship suspendu, le tournoi r\u00e9duit \u00e0 54 trous"},"content":{"rendered":"<p>J\u00e9r\u00e9my Gandon 37e de la finale des cartes du PGA Tour<\/p>\n<p>Outre-Atlantique, se dispute, en Floride, la finale des cartes am\u00e9ricaines. \u00c0 mi-parcours, J\u00e9r\u00e9my Gandon se classe 37e (-2) et compte cinq longueurs de retard sur le quintet de t\u00eate (-7), qui s&rsquo;octroie pour l&rsquo;instant les cinq tickets pour le PGA Tour mis en jeu cette semaine. Plus loin, Quentin Debove (126e, +3) et Bastien Amat (162e, +8) sont d\u00e9croch\u00e9s.<\/p>\n","protected":false},"excerpt":{"rendered":"J\u00e9r\u00e9my Gandon 37e de la finale des cartes du PGA Tour Outre-Atlantique, se dispute, en Floride, la finale&hellip;\n","protected":false},"author":2,"featured_media":597222,"comment_status":"","ping_status":"","sticky":false,"template":"","format":"standard","meta":{"footnotes":""},"categories":[1418],"tags":[1011,27,1472,60],"class_list":{"0":"post-597221","1":"post","2":"type-post","3":"status-publish","4":"format-standard","5":"has-post-thumbnail","7":"category-golf","8":"tag-fr","9":"tag-france","10":"tag-golf","11":"tag-sports"},"share_on_mastodon":{"url":"https:\/\/pubeurope.com\/@fr\/115713383026812733","error":""},"_links":{"self":[{"href":"https:\/\/www.europesays.com\/fr\/wp-json\/wp\/v2\/posts\/597221","targetHints":{"allow":["GET"]}}],"collection":[{"href":"https:\/\/www.europesays.com\/fr\/wp-json\/wp\/v2\/posts"}],"about":[{"href":"https:\/\/www.europesays.com\/fr\/wp-json\/wp\/v2\/types\/post"}],"author":[{"embeddable":true,"href":"https:\/\/www.europesays.com\/fr\/wp-json\/wp\/v2\/users\/2"}],"replies":[{"embeddable":true,"href":"https:\/\/www.europesays.com\/fr\/wp-json\/wp\/v2\/comments?post=597221"}],"version-history":[{"count":0,"href":"https:\/\/www.europesays.com\/fr\/wp-json\/wp\/v2\/posts\/597221\/revisions"}],"wp:featuredmedia":[{"embeddable":true,"href":"https:\/\/www.europesays.com\/fr\/wp-json\/wp\/v2\/media\/597222"}],"wp:attachment":[{"href":"https:\/\/www.europesays.com\/fr\/wp-json\/wp\/v2\/media?parent=597221"}],"wp:term":[{"taxonomy":"category","embeddable":true,"href":"https:\/\/www.europesays.com\/fr\/wp-json\/wp\/v2\/categories?post=597221"},{"taxonomy":"post_tag","embeddable":true,"href":"https:\/\/www.europesays.com\/fr\/wp-json\/wp\/v2\/tags?post=597221"}],"curies":[{"name":"wp","href":"https:\/\/api.w.org\/{rel}","templated":true}]}}