{"id":597223,"date":"2025-12-13T17:15:23","date_gmt":"2025-12-13T17:15:23","guid":{"rendered":"https:\/\/www.europesays.com\/fr\/597223\/"},"modified":"2025-12-13T17:15:23","modified_gmt":"2025-12-13T17:15:23","slug":"histoire-13-la-naissance-des-dragons-catalans-quand-le-xiii-devient-international-rugby-a-xiii","status":"publish","type":"post","link":"https:\/\/www.europesays.com\/fr\/597223\/","title":{"rendered":"Histoire &#8211; #13 &#8211; La naissance des Dragons Catalans : Quand le XIII devient international &#8211; Rugby \u00e0 XIII"},"content":{"rendered":"<p style=\"text-align: justify;\"><strong>Jour apr\u00e8s jour, jusqu\u2019\u00e0 No\u00ebl, replongez dans la grande histoire du rugby \u00e0 XIII, de ses origines \u00e0 ses h\u00e9ros \u00e9ternels, avec le calendrier de l\u2019Avent Treize Mondial.<\/strong><\/p>\n<p style=\"text-align: justify;\">L\u2019histoire des Dragons Catalans commence bien avant leur entr\u00e9e triomphale en Super League. Elle na\u00eet d\u2019un r\u00eave, celui d\u2019un homme passionn\u00e9 : Bernard Guasch. Ancien joueur de rugby \u00e0 XIII et entrepreneur roussillonnais, Guasch souhaite donner au rugby catalan un club capable de rivaliser avec les plus grandes \u00e9quipes europ\u00e9ennes.<\/p>\n<p style=\"text-align: justify;\">En juillet 2000, il concr\u00e9tise cette ambition en r\u00e9unissant deux monuments du XIII fran\u00e7ais : le XIII Catalan et l\u2019AS Saint-Est\u00e8ve XIII. De cette fusion na\u00eet l\u2019Union Treiziste Catalane (UTC), un club fort d\u2019un h\u00e9ritage impressionnant avec 17 titres de champion de France et 16 Coupes de France. L\u2019objectif est clair : b\u00e2tir une structure professionnelle solide et int\u00e9grer, \u00e0 terme, la prestigieuse Super League, domin\u00e9e par les clubs britanniques.<\/p>\n<p>Les premiers succ\u00e8s d\u2019un projet ambitieux<\/p>\n<p style=\"text-align: justify;\">D\u00e8s sa premi\u00e8re saison, l\u2019UTC frappe fort. Le club remporte la Coupe de France 2001, et son deuxi\u00e8me ligne Pascal Jampy est \u00e9lu joueur de l\u2019ann\u00e9e. L\u2019ann\u00e9e suivante, les Catalans atteignent la finale du championnat de France, confirmant la solidit\u00e9 du projet sportif.<\/p>\n<p style=\"text-align: justify;\">Pendant ce temps, les dirigeants de la Super League envisagent d\u2019\u00e9largir la comp\u00e9tition. Trois clubs fran\u00e7ais d\u00e9posent leur candidature : Toulouse Olympique XIII, Villeneuve XIII, et bien s\u00fbr, l\u2019Union Treiziste Catalane. En janvier 2003, apr\u00e8s un examen minutieux, c\u2019est le club de Bernard Guasch qui d\u00e9croche le pr\u00e9cieux s\u00e9same. L\u2019UTC deviendra le deuxi\u00e8me club fran\u00e7ais \u00e0 rejoindre la Super League, apr\u00e8s le Paris Saint-Germain XIII, avec une entr\u00e9e pr\u00e9vue pour 2005.<\/p>\n<p>Une mont\u00e9e en puissance structur\u00e9e<\/p>\n<p style=\"text-align: justify;\">L\u2019\u00e9quipe se renforce avec l\u2019entra\u00eeneur anglais Steve Deakin et plusieurs internationaux fran\u00e7ais : Julien Rinaldi, Laurent Frayssinous et Jamal Fakir. Malgr\u00e9 un effectif encore en construction, l\u2019UTC remporte la Coupe de France 2004 et atteint la finale du championnat. Le club prouve ainsi qu\u2019il a la carrure pour int\u00e9grer la Super League.<\/p>\n<p>Un contretemps, mais une d\u00e9termination intacte<\/p>\n<p style=\"text-align: justify;\">En novembre 2003, coup de th\u00e9\u00e2tre : les dirigeants britanniques d\u00e9cident finalement de reporter l\u2019entr\u00e9e de l\u2019UTC \u00e0 2006, pour des raisons li\u00e9es aux droits t\u00e9l\u00e9vis\u00e9s. Loin de se d\u00e9courager, Bernard Guasch poursuit la professionnalisation du club et renforce encore son projet sportif. L\u2019UTC cl\u00f4t la saison 2004 avec deux finales et une nouvelle Coupe de France, convainquant d\u00e9finitivement les Anglais de sa l\u00e9gitimit\u00e9.<\/p>\n<p>Les Dragons Catalans voient le jour<\/p>\n<p style=\"text-align: justify;\">Le 16 avril 2005, Bernard Guasch d\u00e9voile officiellement le nom et l\u2019identit\u00e9 de son futur club de Super League : les Dragons Catalans.<\/p>\n<p style=\"text-align: justify;\">Bas\u00e9s au stade Gilbert-Brutus, en pleine r\u00e9novation, les Dragons deviennent la vitrine du rugby \u00e0 XIII fran\u00e7ais. L\u2019UTC, elle, poursuit son chemin en championnat national et sert d\u00e9sormais de r\u00e9serve officielle.<\/p>\n<p style=\"text-align: justify;\">La Rugby Football League accorde au club catalan plusieurs conditions exceptionnelles :<\/p>\n<ul style=\"text-align: justify;\">\n<li>un maintien garanti pendant trois saisons,<\/li>\n<li>la possibilit\u00e9 d\u2019avoir jusqu\u2019\u00e0 huit joueurs \u00e9trangers,<\/li>\n<li>l\u2019obligation d\u2019aligner au moins 75 % de joueurs fran\u00e7ais.<\/li>\n<\/ul>\n<p style=\"text-align: justify;\">Ces mesures visent \u00e0 assurer la stabilit\u00e9 du projet et \u00e0 favoriser l\u2019\u00e9mergence de talents locaux.<\/p>\n<p>Une pr\u00e9paration exemplaire avant le grand saut<\/p>\n<p style=\"text-align: justify;\">Entre 2004 et 2005, Guasch et son staff montent une \u00e9quipe de haut niveau.<\/p>\n<p style=\"text-align: justify;\">L\u2019Australien Paul Deakin rejoint le staff, bient\u00f4t suivi par des recrues prestigieuses : Chris Beattie, Sean Rudder, Justin Murphy, mais aussi le demi n\u00e9o-z\u00e9landais Stacey Jones, v\u00e9ritable star des New Zealand Warriors.<\/p>\n<p style=\"text-align: justify;\">Des internationaux fran\u00e7ais comme Jamal Fakir, Adel Fellous ou David Berthez\u00e8ne prolongent \u00e9galement l\u2019aventure.<\/p>\n<p style=\"text-align: justify;\">Les r\u00e9sultats ne se font pas attendre : les Catalans r\u00e9alisent un doubl\u00e9 historique Coupe de France \/ Championnat de France en 2005, terminant invaincus toute la saison.<\/p>\n<p>L\u2019aube d\u2019une nouvelle \u00e8re<\/p>\n<p style=\"text-align: justify;\">L\u2019\u00e9t\u00e9 2005 est consacr\u00e9 \u00e0 la modernisation du stade Gilbert-Brutus et \u00e0 la structuration d\u00e9finitive de la franchise. Un stade que les Dragons retrouveront lors de la saison 2007 et qui continue son d\u00e9veloppement encore aujourd\u2019hui avec une nouvelle tribune qui va voir le jour. La premi\u00e8re ann\u00e9e aura alors lieu en grande partie \u00e0 quelques rues, au stade Aim\u00e9 Giral. Les Dragons joueront \u00e9galement \u00e0 Carcassonne, Narbonne ou encore Canet-en-Roussillon.<\/p>\n<p style=\"text-align: justify;\">Tout est pr\u00eat pour 2006 : les Dragons Catalans s\u2019appr\u00eatent \u00e0 devenir le premier club fran\u00e7ais p\u00e9renne \u00e0 rejoindre la Super League, marquant le d\u00e9but d\u2019une aventure historique pour le rugby \u00e0 XIII fran\u00e7ais.<\/p>\n<p style=\"text-align: justify;\">La naissance des Dragons Catalans a chang\u00e9 le visage du rugby \u00e0 XIII en France. Elle a permis au sport de sortir de ses bastions locaux pour s\u2019ouvrir \u00e0 un public international, tout en inspirant une nouvelle g\u00e9n\u00e9ration.<\/p>\n<p style=\"text-align: justify;\">Et vous, pensez-vous que les Dragons ont r\u00e9ellement rapproch\u00e9 le XIII fran\u00e7ais du niveau mondial ?<\/p>\n<blockquote class=\"instagram-media\" data-instgrm-captioned=\"\" data-instgrm-permalink=\"https:\/\/www.instagram.com\/p\/DSM78qyDMeT\/?utm_source=ig_embed&amp;utm_campaign=loading\" data-instgrm-version=\"14\" style=\" background:#FFF; border:0; border-radius:3px; box-shadow:0 0 1px 0 rgba(0,0,0,0.5),0 1px 10px 0 rgba(0,0,0,0.15); margin: 1px; max-width:500px; min-width:326px; padding:0; width:99.375%; width:-webkit-calc(100% - 2px); width:calc(100% - 2px);\">\n<\/blockquote>\n<p>        <script async src=\"\/\/www.instagram.com\/embed.js\"><\/script><\/p>\n","protected":false},"excerpt":{"rendered":"Jour apr\u00e8s jour, jusqu\u2019\u00e0 No\u00ebl, replongez dans la grande histoire du rugby \u00e0 XIII, de ses origines \u00e0&hellip;\n","protected":false},"author":2,"featured_media":597224,"comment_status":"","ping_status":"","sticky":false,"template":"","format":"standard","meta":{"footnotes":""},"categories":[1416],"tags":[69618,4401,1011,27,937,479,2228,1468,2229,60,4474],"class_list":{"0":"post-597223","1":"post","2":"type-post","3":"status-publish","4":"format-standard","5":"has-post-thumbnail","7":"category-rugby","8":"tag-calendrier-de-lavent","9":"tag-challenge-cup","10":"tag-fr","11":"tag-france","12":"tag-histoire","13":"tag-rugby","14":"tag-rugby-a-xiii","15":"tag-rugby-football","16":"tag-rugby-league","17":"tag-sports","18":"tag-super-league"},"share_on_mastodon":{"url":"https:\/\/pubeurope.com\/@fr\/115713390888476098","error":""},"_links":{"self":[{"href":"https:\/\/www.europesays.com\/fr\/wp-json\/wp\/v2\/posts\/597223","targetHints":{"allow":["GET"]}}],"collection":[{"href":"https:\/\/www.europesays.com\/fr\/wp-json\/wp\/v2\/posts"}],"about":[{"href":"https:\/\/www.europesays.com\/fr\/wp-json\/wp\/v2\/types\/post"}],"author":[{"embeddable":true,"href":"https:\/\/www.europesays.com\/fr\/wp-json\/wp\/v2\/users\/2"}],"replies":[{"embeddable":true,"href":"https:\/\/www.europesays.com\/fr\/wp-json\/wp\/v2\/comments?post=597223"}],"version-history":[{"count":0,"href":"https:\/\/www.europesays.com\/fr\/wp-json\/wp\/v2\/posts\/597223\/revisions"}],"wp:featuredmedia":[{"embeddable":true,"href":"https:\/\/www.europesays.com\/fr\/wp-json\/wp\/v2\/media\/597224"}],"wp:attachment":[{"href":"https:\/\/www.europesays.com\/fr\/wp-json\/wp\/v2\/media?parent=597223"}],"wp:term":[{"taxonomy":"category","embeddable":true,"href":"https:\/\/www.europesays.com\/fr\/wp-json\/wp\/v2\/categories?post=597223"},{"taxonomy":"post_tag","embeddable":true,"href":"https:\/\/www.europesays.com\/fr\/wp-json\/wp\/v2\/tags?post=597223"}],"curies":[{"name":"wp","href":"https:\/\/api.w.org\/{rel}","templated":true}]}}