{"id":597227,"date":"2025-12-13T17:22:16","date_gmt":"2025-12-13T17:22:16","guid":{"rendered":"https:\/\/www.europesays.com\/fr\/597227\/"},"modified":"2025-12-13T17:22:16","modified_gmt":"2025-12-13T17:22:16","slug":"michael-vanthourenhout-et-ryan-kamp-se-chamaillent-durant-le-cyclo-cross-de-courtrai-je-ne-me-laisse-pas-faire","status":"publish","type":"post","link":"https:\/\/www.europesays.com\/fr\/597227\/","title":{"rendered":"Michael Vanthourenhout et Ryan Kamp se chamaillent durant le cyclo-cross de Courtrai\u00a0: \u00ab\u00a0Je ne me laisse pas faire\u00a0\u00bb"},"content":{"rendered":"<p class=\"ap-StoryElement ap-StoryElement--mb ap-StoryText\">Les anciens co\u00e9quipiers Ryan Kamp et Michael Vanthourenhout se sont accroch\u00e9 \u00e0 plusieurs reprises lors du Cross de la Lys samedi \u00e0 Courtrai. Ryan Kamp (Fenix), 25 ans, a r\u00e9ussi \u00e0 d\u00e9crocher la troisi\u00e8me place. Vanthourenhout a chut\u00e9 en fin de course et a finalement d\u00fb se contenter d&rsquo;une quinzi\u00e8me place.<\/p>\n<p class=\"ap-StoryElement ap-StoryElement--mb ap-StoryText\">Le N\u00e9erlandais s&rsquo;est plusieurs fois accroch\u00e9 avec Michael Vanthourenhout. Il y a eu quelques bousculades et soudain, Vanthourenhout s&rsquo;est retrouv\u00e9 \u00e0 terre apr\u00e8s \u00eatre entr\u00e9 en collision avec Kamp. \u00ab\u00a0C&rsquo;est la course. Chacun doit d\u00e9fendre ses int\u00e9r\u00eats. Je suis un ancien co\u00e9quipier de Michael Vanthourenhout. Je le trouve tr\u00e8s sympathique. Au sein de son \u00e9quipe, ils peuvent jouer le jeu d&rsquo;\u00e9quipe mais je ne me laisse pas faire\u00a0\u00bb, a assur\u00e9 Kamp. \u00ab\u00a0Michael est tomb\u00e9 sur le pont. Je pense qu&rsquo;il voulait que j&rsquo;acc\u00e9l\u00e8re. Mais j&rsquo;ai ralenti parce que je voulais me reposer un peu. Il a commis une petite erreur d&rsquo;appr\u00e9ciation. Je n&rsquo;ai rien fait de mal et je n&rsquo;y suis donc pour rien dans sa chute. En tout cas, je n&rsquo;ai rien \u00e0 me reprocher.\u00a0\u00bb<\/p>\n","protected":false},"excerpt":{"rendered":"Les anciens co\u00e9quipiers Ryan Kamp et Michael Vanthourenhout se sont accroch\u00e9 \u00e0 plusieurs reprises lors du Cross de&hellip;\n","protected":false},"author":2,"featured_media":597228,"comment_status":"","ping_status":"","sticky":false,"template":"","format":"standard","meta":{"footnotes":""},"categories":[1411],"tags":[1154,207,3057,16686,1011,27,1227,60,3058],"class_list":{"0":"post-597227","1":"post","2":"type-post","3":"status-publish","4":"format-standard","5":"has-post-thumbnail","7":"category-cyclisme","8":"tag-cycling","9":"tag-cyclisme","10":"tag-essential","11":"tag-fbl","12":"tag-fr","13":"tag-france","14":"tag-horizontal","15":"tag-sports","16":"tag-topshots"},"share_on_mastodon":{"url":"https:\/\/pubeurope.com\/@fr\/115713418533500882","error":""},"_links":{"self":[{"href":"https:\/\/www.europesays.com\/fr\/wp-json\/wp\/v2\/posts\/597227","targetHints":{"allow":["GET"]}}],"collection":[{"href":"https:\/\/www.europesays.com\/fr\/wp-json\/wp\/v2\/posts"}],"about":[{"href":"https:\/\/www.europesays.com\/fr\/wp-json\/wp\/v2\/types\/post"}],"author":[{"embeddable":true,"href":"https:\/\/www.europesays.com\/fr\/wp-json\/wp\/v2\/users\/2"}],"replies":[{"embeddable":true,"href":"https:\/\/www.europesays.com\/fr\/wp-json\/wp\/v2\/comments?post=597227"}],"version-history":[{"count":0,"href":"https:\/\/www.europesays.com\/fr\/wp-json\/wp\/v2\/posts\/597227\/revisions"}],"wp:featuredmedia":[{"embeddable":true,"href":"https:\/\/www.europesays.com\/fr\/wp-json\/wp\/v2\/media\/597228"}],"wp:attachment":[{"href":"https:\/\/www.europesays.com\/fr\/wp-json\/wp\/v2\/media?parent=597227"}],"wp:term":[{"taxonomy":"category","embeddable":true,"href":"https:\/\/www.europesays.com\/fr\/wp-json\/wp\/v2\/categories?post=597227"},{"taxonomy":"post_tag","embeddable":true,"href":"https:\/\/www.europesays.com\/fr\/wp-json\/wp\/v2\/tags?post=597227"}],"curies":[{"name":"wp","href":"https:\/\/api.w.org\/{rel}","templated":true}]}}