{"id":597231,"date":"2025-12-13T17:24:21","date_gmt":"2025-12-13T17:24:21","guid":{"rendered":"https:\/\/www.europesays.com\/fr\/597231\/"},"modified":"2025-12-13T17:24:21","modified_gmt":"2025-12-13T17:24:21","slug":"je-ne-partagerai-jamais-vos-idees-theodora-sinsurge-contre-lutilisation-de-sa-musique-par-des-personnalites-dextreme-droite","status":"publish","type":"post","link":"https:\/\/www.europesays.com\/fr\/597231\/","title":{"rendered":"\u00ab\u00a0Je ne partagerai jamais vos id\u00e9es\u00a0\u00bb: Theodora s&rsquo;insurge contre l&rsquo;utilisation de sa musique par des personnalit\u00e9s d&rsquo;extr\u00eame droite"},"content":{"rendered":"<p class=\"mb-4 text-lg md:leading-8 break-words\">\u00ab\u00a0Je ne partagerai jamais vos id\u00e9es, vos valeurs ni vos projets politiques n\u00e9fastes, dangereux et profond\u00e9ment m\u00e9prisants envers des personnes comme moi\u00a0\u00bb. Dans une story publi\u00e9e sur Instagram vendredi 12 d\u00e9cembre, la chanteuse <a href=\"https:\/\/fr.news.yahoo.com\/infographies-clara-luciani-theodora-sdm-073357694.html\" data-ylk=\"slk:Theodora, qui a battu tous les records en 2025;elm:context_link;itc:0;sec:content-canvas;outcm:mb_qualified_link;_E:mb_qualified_link;ct:story;\" class=\"link  yahoo-link\" target=\"_blank\" rel=\"noopener\">Theodora, qui a battu tous les records en 2025<\/a>, a interpell\u00e9 \u00ab\u00a0toutes les personnalit\u00e9s qui utilisent (sa) musique ou (son) image pour promouvoir une politique d&rsquo;extr\u00eame droite\u00a0\u00bb.<\/p>\n<p class=\"mb-4 text-lg md:leading-8 break-words\">\u00ab\u00a0Je ne peux pas comprendre que vous, qui ne me consid\u00e9rerez jamais comme pleinement fran\u00e7aise, tiriez profit de mon travail pour d\u00e9fendre des positions que je combats et auxquelles je n&rsquo;ai jamais voulu \u00eatre associ\u00e9e. Expliquez-moi: pourquoi associer vos id\u00e9es \u00e0 une oeuvre cr\u00e9\u00e9e par une immigr\u00e9e congolaise?\u00a0\u00bb, \u00e9crit l&rsquo;artiste.<\/p>\n<p><img alt=\"\" loading=\"lazy\" width=\"738\" height=\"1220\" decoding=\"async\" data-nimg=\"1\" class=\"rounded-lg\" style=\"color:transparent\" src=\"https:\/\/www.europesays.com\/fr\/wp-content\/uploads\/2025\/12\/da326e913faa7742c0ce7faa5809d4e6.jpeg\"\/><\/p>\n<p class=\"mb-4 text-lg md:leading-8 break-words\">Un message qui semble r\u00e9pondre \u00e0 une publication datant du 29 novembre dernier du pr\u00e9sident du Rassemblement national Jordan Bardella. Ce dernier avait post\u00e9 un montage de lui lors de ses d\u00e9placements, avec pour bande sonore \u00ab\u00a0Melodrama\u00a0\u00bb, featuring entre le rappeur Disiz et Theodora.<\/p>\n<p class=\"mb-4 text-lg md:leading-8 break-words\">\u00ab\u00a0N&rsquo;utilisez pas les mots des artistes si vous n&rsquo;agissez pas pour les vies qu&rsquo;ils d\u00e9fendent. Et cela vaut pour toutes les personnalit\u00e9s politiques\u00a0\u00bb, conclut Th\u00e9odora, reprenant les paroles d&rsquo;une autre chanteuse, <a href=\"https:\/\/fr.news.yahoo.com\/gaza-zaho-sagazan-invite-emmanuel-151655378.html\" data-ylk=\"slk:Zaho de Sagazan, qui avait d\u00e9nonc\u00e9 l&#039;utilisation par Emmanuel Macron dans sa communication;elm:context_link;itc:0;sec:content-canvas;outcm:mb_qualified_link;_E:mb_qualified_link;ct:story;\" class=\"link  yahoo-link\" target=\"_blank\" rel=\"noopener\">Zaho de Sagazan, qui avait d\u00e9nonc\u00e9 l&rsquo;utilisation par Emmanuel Macron dans sa communication<\/a> de ses propres chansons.<\/p>\n<p class=\"mb-4 text-lg md:leading-8 break-words\"><a href=\"https:\/\/www.bfmtv.com\/tech\/pourquoi-twitter-a-desactive-une-video-de-campagne-de-donald-trump_AD-202007200069.html\" rel=\"nofollow noopener\" target=\"_blank\" data-ylk=\"slk:Linkin Park;elm:context_link;itc:0;sec:content-canvas\" class=\"link \">Linkin Park<\/a>, <a href=\"https:\/\/www.bfmtv.com\/people\/musique\/les-rolling-stones-menacent-donald-trump-d-action-en-justice-s-il-utilise-un-de-leurs-hits_AD-202006280021.html\" rel=\"nofollow noopener\" target=\"_blank\" data-ylk=\"slk:Rolling Stones;elm:context_link;itc:0;sec:content-canvas\" class=\"link \">Rolling Stones<\/a>, <a href=\"https:\/\/www.bfmtv.com\/people\/musique\/queen-s-insurge-contre-l-utilisation-de-we-are-the-champions-par-trump_AN-201607200035.html\" rel=\"nofollow noopener\" target=\"_blank\" data-ylk=\"slk:Queen;elm:context_link;itc:0;sec:content-canvas\" class=\"link \">Queen<\/a>, <a href=\"https:\/\/fr.news.yahoo.com\/inhumain-choquant-sza-d%C3%A9nonce-lutilisation-131709212.html\" data-ylk=\"slk:SZA;elm:context_link;itc:0;sec:content-canvas;outcm:mb_qualified_link;_E:mb_qualified_link;ct:story;\" class=\"link  yahoo-link\" target=\"_blank\" rel=\"noopener\">SZA<\/a>&#8230; Aux \u00c9tats-Unis, de nombreux artistes se sont insurg\u00e9s ces derniers mois de l&rsquo;utilisation de leurs morceaux par les \u00e9quipes de Donald Trump.<\/p>\n<p class=\"mb-4 text-lg md:leading-8 break-words\"><a href=\"https:\/\/www.bfmtv.com\/people\/musique\/je-ne-partagerai-jamais-vos-idees-theodora-s-insurge-contre-l-utilisation-de-sa-musique-par-des-personnalites-d-extreme-droite_AN-202512130266.html#xtor=AL-68\" rel=\"nofollow noopener\" target=\"_blank\" data-ylk=\"slk:Article original publi\u00e9 sur BFMTV.com;elm:context_link;itc:0;sec:content-canvas\" class=\"link \">Article original publi\u00e9 sur BFMTV.com<\/a><\/p>\n","protected":false},"excerpt":{"rendered":"\u00ab\u00a0Je ne partagerai jamais vos id\u00e9es, vos valeurs ni vos projets politiques n\u00e9fastes, dangereux et profond\u00e9ment m\u00e9prisants envers&hellip;\n","protected":false},"author":2,"featured_media":597232,"comment_status":"","ping_status":"","sticky":false,"template":"","format":"standard","meta":{"footnotes":""},"categories":[1359],"tags":[58,59,1011,27,3246,5776,973,16928],"class_list":{"0":"post-597231","1":"post","2":"type-post","3":"status-publish","4":"format-standard","5":"has-post-thumbnail","7":"category-people","8":"tag-divertissement","9":"tag-entertainment","10":"tag-fr","11":"tag-france","12":"tag-idees","13":"tag-jamais","14":"tag-people","15":"tag-personnalites-politiques"},"share_on_mastodon":{"url":"https:\/\/pubeurope.com\/@fr\/115713427581113316","error":""},"_links":{"self":[{"href":"https:\/\/www.europesays.com\/fr\/wp-json\/wp\/v2\/posts\/597231","targetHints":{"allow":["GET"]}}],"collection":[{"href":"https:\/\/www.europesays.com\/fr\/wp-json\/wp\/v2\/posts"}],"about":[{"href":"https:\/\/www.europesays.com\/fr\/wp-json\/wp\/v2\/types\/post"}],"author":[{"embeddable":true,"href":"https:\/\/www.europesays.com\/fr\/wp-json\/wp\/v2\/users\/2"}],"replies":[{"embeddable":true,"href":"https:\/\/www.europesays.com\/fr\/wp-json\/wp\/v2\/comments?post=597231"}],"version-history":[{"count":0,"href":"https:\/\/www.europesays.com\/fr\/wp-json\/wp\/v2\/posts\/597231\/revisions"}],"wp:featuredmedia":[{"embeddable":true,"href":"https:\/\/www.europesays.com\/fr\/wp-json\/wp\/v2\/media\/597232"}],"wp:attachment":[{"href":"https:\/\/www.europesays.com\/fr\/wp-json\/wp\/v2\/media?parent=597231"}],"wp:term":[{"taxonomy":"category","embeddable":true,"href":"https:\/\/www.europesays.com\/fr\/wp-json\/wp\/v2\/categories?post=597231"},{"taxonomy":"post_tag","embeddable":true,"href":"https:\/\/www.europesays.com\/fr\/wp-json\/wp\/v2\/tags?post=597231"}],"curies":[{"name":"wp","href":"https:\/\/api.w.org\/{rel}","templated":true}]}}