{"id":597241,"date":"2025-12-13T17:30:21","date_gmt":"2025-12-13T17:30:21","guid":{"rendered":"https:\/\/www.europesays.com\/fr\/597241\/"},"modified":"2025-12-13T17:30:21","modified_gmt":"2025-12-13T17:30:21","slug":"les-micro-amenagements-du-domicile-qui-peuvent-tout-changer-apres-60-ans","status":"publish","type":"post","link":"https:\/\/www.europesays.com\/fr\/597241\/","title":{"rendered":"les micro-am\u00e9nagements du domicile qui peuvent tout changer apr\u00e8s 60 ans"},"content":{"rendered":"<p>    Image d\u2019illustration.<br \/>\n                sebra \/ stock.adobe.com<\/p>\n<p>\n    <strong>ENTRETIEN<\/strong> &#8211; Lorsque la douleur s\u2019installe, envahit chaque geste, il est sage de revoir la configuration de son logement. De simples microam\u00e9nagements, presque imperceptibles, peuvent redonner autonomie et confort.<\/p>\n<p class=\"fig-paragraph\">\u00abMa douleur est toujours l\u00e0, mais mes journ\u00e9es ne tournent plus autour d\u2019elle.\u00bb Martine, 82 ans, nous avait confi\u00e9 cette phrase en d\u00e9but d\u2019ann\u00e9e alors que Le Figaro l\u2019interrogeait pour un article sur la perte d\u2019autonomie. Veuve depuis cinq ans, cette Bretonne vit seule dans sa grande maison de trois \u00e9tages. Pendant des ann\u00e9es, une\u00a0<a href=\"https:\/\/www.lefigaro.fr\/sciences\/comment-avoir-moins-mal-au-dos-20231115\" data-fig-type=\"Article\" data-gtm-custom-categorie=\"navigation\" data-gtm-custom-action=\"crossclick\" data-gtm-custom-label=\"Contextuel\" data-gtm-event=\"customEventSPE\" data-fig-domain=\"LEFIGARO\" target=\"_blank\" rel=\"noopener\">douleur au dos<\/a>\u00a0a envahi son quotidien. Elle avait tout essay\u00e9\u00a0: prise quotidienne de m\u00e9dicaments, multiples chirurgies, jusqu\u2019\u00e0 consulter un m\u00e9decin \u00abqui soigne par les \u00e9nergies\u00bb. Chaque rendez-vous devenait un espoir. Et puis, un jour, elle a \u00abd\u00e9plac\u00e9\u00bb le combat et adapt\u00e9 son logement. Elle a descendu sa chambre au rez-de-chauss\u00e9e, refait sa salle de bains, install\u00e9 un monte-escaliers, \u00abqui me sert surtout pour monter mes courses\u00bb, pr\u00e9cisait-elle. Sa douleur n\u2019a pas disparu, mais ses journ\u00e9es ont chang\u00e9 et sont devenues plus douces.<\/p>\n<p class=\"fig-paragraph\">En France, l\u2019adaptation du domicile reste largement pens\u00e9e \u00e0 travers le prisme de la chute ou de la d\u00e9pendance. Beaucoup moins \u00e0 travers un ph\u00e9nom\u00e8ne pourtant central dans la vie quotidienne\u00a0<a href=\"http:\/\/sante.lefigaro.fr\/social\/sante-publique\/23-millions-de-francais-souffrent-de-douleurs-chroniques-un-nombre-en-forte-hausse-20251020\" data-fig-type=\"Article\" data-gtm-custom-categorie=\"navigation\" data-gtm-custom-action=\"crossclick\" data-gtm-custom-label=\"Contextuel\" data-gtm-event=\"customEventSPE\" data-fig-domain=\"SANTE\" target=\"_blank\" rel=\"noopener\">de millions de personnes<\/a>\u00a0: la douleur. C\u2019est ce point aveugle qu\u2019a mis en lumi\u00e8re l\u2019ergoth\u00e9rapeute \u00c9lisabeth Hercberg. Depuis plus de dix ans, elle recueille syst\u00e9matiquement, \u00e0 l\u2019aide d\u2019un outil d\u00e9di\u00e9, Dom\u2019Ergo, les donn\u00e9es issues de ses visites \u00e0 domicile. Entre 2012 et 2022, pr\u00e8s de\u00a0<a href=\"https:\/\/www.leroymerlinsource.fr\/autonomie\/la-douleur-declic-des-adaptations-pour-bien-vieillir-chez-soi\/\" target=\"_blank\" rel=\"sponsored noopener\" data-gtm-custom-categorie=\"navigation\" data-gtm-custom-action=\"crossclick\" data-gtm-custom-label=\"Contextuel\" data-gtm-event=\"customEventSPE\">2.500 diagnostics de logements*\u00a0<\/a>ont ainsi \u00e9t\u00e9 r\u00e9alis\u00e9s. Dans le cadre d\u2019une recherche\u2026<\/p>\n<p class=\"fig-premium-paywall__infos\">\n        Cet article est r\u00e9serv\u00e9 aux abonn\u00e9s.        Il vous reste 88% \u00e0 d\u00e9couvrir.\n    <\/p>\n<p>                <img  data- alt=\"Le Figaro\" class=\"fig-img--complete fig-img\"\/><\/p>\n<p class=\"fig-premium-paywall__title\">Vente Flash<\/p>\n<p class=\"fig-premium-paywall__subtitle\">-50% sur l&rsquo;abonnement num\u00e9rique<\/p>\n<p class=\"fig-premium-paywall__connect\">\n                D\u00e9j\u00e0 abonn\u00e9\u00a0?                <a class=\"fig-premium-paywall__connect-link\" href=\"https:\/\/connect.lefigaro.fr\/login?client=sante_web&amp;type=main&amp;redirect_uri=https%3A%2F%2Fsante.lefigaro.fr%2Fmieux-etre%2Fquand-la-douleur-devient-obsedante-les-micro-amenagements-du-domicile-qui-peuvent-tout-changer-apres-60-ans-20251213\" data-js-gtm=\"{&quot;customCategorie&quot;: &quot;conversion&quot;, &quot;customAction&quot;: &quot;before_Landing_Connexion_paywall_manuel&quot;, &quot;customLabel&quot;: &quot;c2FudGUubGVmaWdhcm8uZnJfXzFmMGQ1MWQ3LTRiOTctNjRmYS1hMzlkLTM5NWEyNDMzNDcyNV9fQXJ0aWNsZQ==_Quand la douleur devient obs\u00e9dante\u00a0: les micro-am\u00e9nagements du domicile qui peuvent tout changer apr\u00e8s 60 ans_568&quot;, &quot;customIDSPE&quot;: &quot;c2FudGUubGVmaWdhcm8uZnJfXzFmMGQ1MWQ3LTRiOTctNjRmYS1hMzlkLTM5NWEyNDMzNDcyNV9fQXJ0aWNsZQ==&quot;, &quot;event&quot;: &quot;customEventSPE&quot;}\" target=\"_blank\" rel=\"noopener\"><br \/>\n                    Connectez-vous<br \/>\n                <\/a>\n            <\/p>\n","protected":false},"excerpt":{"rendered":"Image d\u2019illustration. sebra \/ stock.adobe.com ENTRETIEN &#8211; Lorsque la douleur s\u2019installe, envahit chaque geste, il est sage de&hellip;\n","protected":false},"author":2,"featured_media":597242,"comment_status":"","ping_status":"","sticky":false,"template":"","format":"standard","meta":{"footnotes":""},"categories":[10],"tags":[5899,1011,27,72,71],"class_list":{"0":"post-597241","1":"post","2":"type-post","3":"status-publish","4":"format-standard","5":"has-post-thumbnail","7":"category-sante","8":"tag-douleur","9":"tag-fr","10":"tag-france","11":"tag-health","12":"tag-sante"},"share_on_mastodon":{"url":"https:\/\/pubeurope.com\/@fr\/115713449900360188","error":""},"_links":{"self":[{"href":"https:\/\/www.europesays.com\/fr\/wp-json\/wp\/v2\/posts\/597241","targetHints":{"allow":["GET"]}}],"collection":[{"href":"https:\/\/www.europesays.com\/fr\/wp-json\/wp\/v2\/posts"}],"about":[{"href":"https:\/\/www.europesays.com\/fr\/wp-json\/wp\/v2\/types\/post"}],"author":[{"embeddable":true,"href":"https:\/\/www.europesays.com\/fr\/wp-json\/wp\/v2\/users\/2"}],"replies":[{"embeddable":true,"href":"https:\/\/www.europesays.com\/fr\/wp-json\/wp\/v2\/comments?post=597241"}],"version-history":[{"count":0,"href":"https:\/\/www.europesays.com\/fr\/wp-json\/wp\/v2\/posts\/597241\/revisions"}],"wp:featuredmedia":[{"embeddable":true,"href":"https:\/\/www.europesays.com\/fr\/wp-json\/wp\/v2\/media\/597242"}],"wp:attachment":[{"href":"https:\/\/www.europesays.com\/fr\/wp-json\/wp\/v2\/media?parent=597241"}],"wp:term":[{"taxonomy":"category","embeddable":true,"href":"https:\/\/www.europesays.com\/fr\/wp-json\/wp\/v2\/categories?post=597241"},{"taxonomy":"post_tag","embeddable":true,"href":"https:\/\/www.europesays.com\/fr\/wp-json\/wp\/v2\/tags?post=597241"}],"curies":[{"name":"wp","href":"https:\/\/api.w.org\/{rel}","templated":true}]}}