{"id":597246,"date":"2025-12-13T17:34:13","date_gmt":"2025-12-13T17:34:13","guid":{"rendered":"https:\/\/www.europesays.com\/fr\/597246\/"},"modified":"2025-12-13T17:34:13","modified_gmt":"2025-12-13T17:34:13","slug":"150-etoiles-filantes-par-heure-mais-un-risque-pour-la-normandie","status":"publish","type":"post","link":"https:\/\/www.europesays.com\/fr\/597246\/","title":{"rendered":"150 \u00e9toiles filantes par heure mais un risque pour la Normandie"},"content":{"rendered":"<p melodystyle=\"texte\" data-end=\"1296\">Chaque mois de d\u00e9cembre, les <b data-end=\"953\">G\u00e9minides<\/b> offrent l&rsquo;un des plus beaux rendez-vous astronomiques. Contrairement \u00e0 d&rsquo;autres pluies de m\u00e9t\u00e9ores issues de com\u00e8tes, cet essaim provient des poussi\u00e8res laiss\u00e9es par l&rsquo;ast\u00e9ro\u00efde <b data-end=\"1148\">3200 Pha\u00e9ton<\/b>. En entrant dans l&rsquo;atmosph\u00e8re, ces particules se consument lentement, produisant des tra\u00een\u00e9es lumineuses souvent color\u00e9es, allant du jaune au vert.<\/p>\n<p melodystyle=\"texte\" data-end=\"1511\">Avec un radiant situ\u00e9 dans la constellation des <b data-end=\"1357\">G\u00e9meaux<\/b>, ce ph\u00e9nom\u00e8ne est particuli\u00e8rement stable d&rsquo;une ann\u00e9e \u00e0 l&rsquo;autre, ce qui en fait un \u00e9v\u00e9nement incontournable pour les observateurs comme pour les curieux.<\/p>\n<p>Pic d&rsquo;activit\u00e9 dans la nuit du 13 au 14\u00a0d\u00e9cembre<\/p>\n<p melodystyle=\"texte\" data-end=\"1875\">En 2025, l&rsquo;essaim reste actif plusieurs jours, mais c&rsquo;est bien <b data-end=\"1673\">dans la nuit du 13 au 14\u00a0d\u00e9cembre<\/b> que le maximum est attendu.<br data-end=\"1704\"\/>Dans des conditions id\u00e9ales, les G\u00e9minides peuvent atteindre <b data-end=\"1797\">100 \u00e0 150 m\u00e9t\u00e9ores par heure<\/b>, faisant de cette pluie l&rsquo;une des plus intenses visibles depuis la Normandie.<\/p>\n<p melodystyle=\"texte\" data-end=\"2028\">Autre bonne nouvelle\u00a0: la <b data-end=\"1936\"><a href=\"https:\/\/www.tendanceouest.com\/actualite-422331-science-avez-vous-bien-dormi-cette-nuit-les-vrais-effets-de-la-pleine-lune-sur-le-sommeil\" target=\"_blank\" rel=\"noopener\">Lune<\/a> n&rsquo;est \u00e9clair\u00e9e qu&rsquo;\u00e0 30\u00a0%<\/b>, une luminosit\u00e9 faible qui aurait d\u00fb offrir un parfait contraste avec les \u00e9toiles filantes.<\/p>\n<p>Comment r\u00e9ussir l&rsquo;observation en Normandie (si la m\u00e9t\u00e9o le permet)<\/p>\n<p melodystyle=\"texte\" data-end=\"2179\">Pour profiter pleinement du spectacle, les sp\u00e9cialistes recommandent\u00a0:<\/p>\n<ul>&#13;<\/p>\n<li melodystyle=\"texte\"><b>S&rsquo;\u00e9loigner de la pollution lumineuse<\/b><\/li>\n<p>&#13;\n<\/ul>\n<p melodystyle=\"texte\" data-end=\"2375\">Les villes et zones industrielles \u00e9crasent la lumi\u00e8re des m\u00e9t\u00e9ores. Il faut privil\u00e9gier les campagnes normandes, plages isol\u00e9es ou hauteurs d\u00e9gag\u00e9es.<\/p>\n<ul>&#13;<\/p>\n<li melodystyle=\"texte\"><b>Regarder vers l&rsquo;est et le haut du ciel<\/b><\/li>\n<p>&#13;\n<\/ul>\n<p melodystyle=\"texte\" data-end=\"2565\">Pas besoin de <a href=\"https:\/\/www.tendanceouest.com\/actualite-400617-le-telescope-james-webb-pourrait-avoir-deja-trouve-la-galaxie-la-plus-distante-jamais-observee\" target=\"_blank\" rel=\"noopener\">t\u00e9lescope<\/a>\u00a0: un large champ de vision suffit. Les m\u00e9t\u00e9ores apparaissent partout dans le ciel, pas seulement du c\u00f4t\u00e9 des G\u00e9meaux.<\/p>\n<ul>&#13;<\/p>\n<li melodystyle=\"texte\"><b>S&rsquo;\u00e9quiper pour une longue nuit<\/b><\/li>\n<p>&#13;\n<\/ul>\n<p melodystyle=\"texte\" data-end=\"2816\">D\u00e9cembre est assez <a href=\"https:\/\/www.tendanceouest.com\/actualite-433378-meteo-froid-pluie-neige-a-quoi-s-attendre-en-normandie-cet-hiver-selon-les-previsions-de-meteo-france\" target=\"_blank\" rel=\"noopener\">froid<\/a> et <a href=\"https:\/\/www.tendanceouest.com\/actualite-434412-alerte-meteo-vents-violents-averses-vigilance-etendue-a-deux-departements-quand-mettre-les-decorations-exterieures-de-noel\" target=\"_blank\" rel=\"noopener\">humide<\/a> en Normandie\u00a0: v\u00eatements chauds, couvertures, transat et <a href=\"https:\/\/www.tendanceouest.com\/actualite-66064-notre-recette-de-chocolat-chaud-aux-epices\" target=\"_blank\" rel=\"noopener\">boisson chaude<\/a> sont indispensables pour une observation prolong\u00e9e, surtout entre <b data-end=\"2788\">2h et 4h du matin<\/b>, p\u00e9riode la plus favorable.<\/p>\n<p>M\u00e9t\u00e9o en Normandie\u00a0: un spectacle menac\u00e9\u00a0?<\/p>\n<p melodystyle=\"texte\" data-end=\"3199\">Et c&rsquo;est l\u00e0 que tout se complique.<br data-end=\"2911\"\/>Selon les premi\u00e8res pr\u00e9visions de <a href=\"https:\/\/meteofrance.com\/previsions-meteo-france\/normandie\/2\" target=\"_blank\" rel=\"noopener\"><b data-end=\"2961\">M\u00e9t\u00e9o-France<\/b><\/a>, la nuit du samedi\u00a013 au dimanche 14\u00a0d\u00e9cembre pourrait \u00eatre <b data-end=\"3063\">pluvieuse sur l&rsquo;ensemble de la r\u00e9gion<\/b>, accompagn\u00e9e d&rsquo;un <b data-end=\"3103\">ciel tr\u00e8s nuageux<\/b>.<br data-end=\"3107\"\/>Autrement dit\u2026 les chances d&rsquo;observer le maximum des G\u00e9minides s&rsquo;annoncent <b data-end=\"3198\">tr\u00e8s faibles<\/b>.<\/p>\n<p melodystyle=\"texte\" data-end=\"3431\">Des \u00e9claircies restent toujours possibles, mais pour l&rsquo;instant, la tendance n&rsquo;est pas favorable. Un vrai coup dur pour les passionn\u00e9s qui esp\u00e9raient profiter de l&rsquo;un des plus beaux ph\u00e9nom\u00e8nes astronomiques de l&rsquo;ann\u00e9e en Normandie.<\/p>\n","protected":false},"excerpt":{"rendered":"Chaque mois de d\u00e9cembre, les G\u00e9minides offrent l&rsquo;un des plus beaux rendez-vous astronomiques. Contrairement \u00e0 d&rsquo;autres pluies de&hellip;\n","protected":false},"author":2,"featured_media":597247,"comment_status":"","ping_status":"","sticky":false,"template":"","format":"standard","meta":{"footnotes":""},"categories":[7],"tags":[1011,27,43,40,41,39,42,44],"class_list":{"0":"post-597246","1":"post","2":"type-post","3":"status-publish","4":"format-standard","5":"has-post-thumbnail","7":"category-sciences-et-technologies","8":"tag-fr","9":"tag-france","10":"tag-science","11":"tag-science-and-technology","12":"tag-sciences","13":"tag-sciences-et-technologies","14":"tag-technologies","15":"tag-technology"},"share_on_mastodon":{"url":"https:\/\/pubeurope.com\/@fr\/115713465722497359","error":""},"_links":{"self":[{"href":"https:\/\/www.europesays.com\/fr\/wp-json\/wp\/v2\/posts\/597246","targetHints":{"allow":["GET"]}}],"collection":[{"href":"https:\/\/www.europesays.com\/fr\/wp-json\/wp\/v2\/posts"}],"about":[{"href":"https:\/\/www.europesays.com\/fr\/wp-json\/wp\/v2\/types\/post"}],"author":[{"embeddable":true,"href":"https:\/\/www.europesays.com\/fr\/wp-json\/wp\/v2\/users\/2"}],"replies":[{"embeddable":true,"href":"https:\/\/www.europesays.com\/fr\/wp-json\/wp\/v2\/comments?post=597246"}],"version-history":[{"count":0,"href":"https:\/\/www.europesays.com\/fr\/wp-json\/wp\/v2\/posts\/597246\/revisions"}],"wp:featuredmedia":[{"embeddable":true,"href":"https:\/\/www.europesays.com\/fr\/wp-json\/wp\/v2\/media\/597247"}],"wp:attachment":[{"href":"https:\/\/www.europesays.com\/fr\/wp-json\/wp\/v2\/media?parent=597246"}],"wp:term":[{"taxonomy":"category","embeddable":true,"href":"https:\/\/www.europesays.com\/fr\/wp-json\/wp\/v2\/categories?post=597246"},{"taxonomy":"post_tag","embeddable":true,"href":"https:\/\/www.europesays.com\/fr\/wp-json\/wp\/v2\/tags?post=597246"}],"curies":[{"name":"wp","href":"https:\/\/api.w.org\/{rel}","templated":true}]}}