{"id":597249,"date":"2025-12-13T17:36:20","date_gmt":"2025-12-13T17:36:20","guid":{"rendered":"https:\/\/www.europesays.com\/fr\/597249\/"},"modified":"2025-12-13T17:36:20","modified_gmt":"2025-12-13T17:36:20","slug":"rod-dreher-le-message-de-donald-trump-est-une-forme-damour-vache-venu-dun-allie","status":"publish","type":"post","link":"https:\/\/www.europesays.com\/fr\/597249\/","title":{"rendered":"Rod Dreher\u00a0:\u00a0\u00ab\u00a0Le message de Donald Trump est une forme d\u2019amour vache venu d\u2019un alli\u00e9\u00a0\u00bb"},"content":{"rendered":"<p>\n    <strong>TRIBUNE &#8211; <\/strong>Pour l\u2019essayiste am\u00e9ricain, la \u00ab\u00a0strat\u00e9gie de s\u00e9curit\u00e9 nationale\u00a0\u00bb vise moins les peuples europ\u00e9ens que ses \u00e9lites. Et loin de traduire une d\u00e9testation de l\u2019Europe, elle appelle \u00e0 un sursaut civilisationnel du Vieux Continent.<\/p>\n<p class=\"fig-paragraph\">Rod Dreher est \u00e9crivain, professeur associ\u00e9 au Danube Institute \u00e0 Budapest. Son dernier essai\u00a0: Comment retrouver le go\u00fbt de Dieu dans un monde qui l\u2019a chass\u00e9 (\u00c9ditions Art\u00e8ge, 2025)<\/p>\n<p class=\"fig-paragraph\">Trump d\u00e9teste l\u2019Europe\u00a0! Tel est le refrain unanime des bien-pensants du continent apr\u00e8s la publication de\u00a0<a href=\"http:\/\/www.lefigaro.fr\/international\/la-nouvelle-strategie-de-securite-americaine-ou-quand-les-etats-unis-sabordent-un-ordre-mondial-qu-ils-avaient-cree-apres-1945-20251207\" data-fig-type=\"Article\" data-gtm-custom-categorie=\"navigation\" data-gtm-custom-action=\"crossclick\" data-gtm-custom-label=\"Contextuel\" data-gtm-event=\"customEventSPE\" data-fig-domain=\"LEFIGARO\" target=\"_blank\" rel=\"noopener\">la nouvelle strat\u00e9gie de s\u00e9curit\u00e9 nationale des \u00c9tats-Unis<\/a>. Ce jugement est commode et faux. Cette semaine, j\u2019ai \u00e9chang\u00e9 des messages avec Michael Anton, ancien haut conseiller de Trump et principal r\u00e9dacteur du document. J\u2019ai d\u00een\u00e9 avec lui en Europe\u00a0; je sais qu\u2019il s\u2019agit d\u2019un homme cultiv\u00e9, voyageur, cosmopolite, qui ch\u00e9rit profond\u00e9ment notre continent. \u00ab\u00a0Je ne suis pas un fan de l\u2019Union europ\u00e9enne en tant que bureaucratie, m\u2019a-t-il \u00e9crit, mais j\u2019aime les pays europ\u00e9ens, leurs peuples et leurs cultures.\u00a0\u00bb Moi aussi. Et c\u2019est pr\u00e9cis\u00e9ment pourquoi je soutiens la strat\u00e9gie de s\u00e9curit\u00e9 nationale de Trump. La classe dirigeante de chaque pays, et bien s\u00fbr celle de Bruxelles, trahit depuis des\u2026<\/p>\n<p class=\"fig-premium-paywall__infos\">\n        Cet article est r\u00e9serv\u00e9 aux abonn\u00e9s.        Il vous reste 84% \u00e0 d\u00e9couvrir.\n    <\/p>\n<p>                <img  data- alt=\"Le Figaro\" class=\"fig-img--complete fig-img\"\/><\/p>\n<p class=\"fig-premium-paywall__title\">Vente Flash<\/p>\n<p class=\"fig-premium-paywall__subtitle\">-50% sur l&rsquo;abonnement num\u00e9rique<\/p>\n<p class=\"fig-premium-paywall__connect\">\n                D\u00e9j\u00e0 abonn\u00e9\u00a0?                <a class=\"fig-premium-paywall__connect-link\" href=\"https:\/\/connect.lefigaro.fr\/login?client=horizon_web&amp;type=main&amp;redirect_uri=https%3A%2F%2Fwww.lefigaro.fr%2Fvox%2Fmonde%2Frod-dreher-le-message-de-donald-trump-est-une-forme-d-amour-vache-venu-d-un-allie-20251213\" data-js-gtm=\"{&quot;customCategorie&quot;: &quot;conversion&quot;, &quot;customAction&quot;: &quot;before_Landing_Connexion_paywall_auto&quot;, &quot;customLabel&quot;: &quot;bGVmaWdhcm8uZnJfXzFmMGQ3NDdhLTUxODMtNjZhYS05YzhmLWQ5ZWE4YzI5NGUyOF9fQXJ0aWNsZQ==_Rod Dreher\u00a0:\u00a0\u00ab\u00a0Le message de Donald Trump est une forme d\u2019amour vache venu d\u2019un alli\u00e9\u00a0\u00bb_813&quot;, &quot;customIDSPE&quot;: &quot;bGVmaWdhcm8uZnJfXzFmMGQ3NDdhLTUxODMtNjZhYS05YzhmLWQ5ZWE4YzI5NGUyOF9fQXJ0aWNsZQ==&quot;, &quot;event&quot;: &quot;customEventSPE&quot;}\" target=\"_blank\" rel=\"noopener\"><br \/>\n                    Connectez-vous<br \/>\n                <\/a>\n            <\/p>\n","protected":false},"excerpt":{"rendered":"TRIBUNE &#8211; Pour l\u2019essayiste am\u00e9ricain, la \u00ab\u00a0strat\u00e9gie de s\u00e9curit\u00e9 nationale\u00a0\u00bb vise moins les peuples europ\u00e9ens que ses \u00e9lites.&hellip;\n","protected":false},"author":2,"featured_media":597250,"comment_status":"","ping_status":"","sticky":false,"template":"","format":"standard","meta":{"footnotes":""},"categories":[5],"tags":[11,75,73,1011,27,14,12,364,28],"class_list":{"0":"post-597249","1":"post","2":"type-post","3":"status-publish","4":"format-standard","5":"has-post-thumbnail","7":"category-international","8":"tag-actualites","9":"tag-donald-trump","10":"tag-etats-unis","11":"tag-fr","12":"tag-france","13":"tag-international","14":"tag-news","15":"tag-union-europeenne","16":"tag-world"},"share_on_mastodon":{"url":"https:\/\/pubeurope.com\/@fr\/115713473429226435","error":""},"_links":{"self":[{"href":"https:\/\/www.europesays.com\/fr\/wp-json\/wp\/v2\/posts\/597249","targetHints":{"allow":["GET"]}}],"collection":[{"href":"https:\/\/www.europesays.com\/fr\/wp-json\/wp\/v2\/posts"}],"about":[{"href":"https:\/\/www.europesays.com\/fr\/wp-json\/wp\/v2\/types\/post"}],"author":[{"embeddable":true,"href":"https:\/\/www.europesays.com\/fr\/wp-json\/wp\/v2\/users\/2"}],"replies":[{"embeddable":true,"href":"https:\/\/www.europesays.com\/fr\/wp-json\/wp\/v2\/comments?post=597249"}],"version-history":[{"count":0,"href":"https:\/\/www.europesays.com\/fr\/wp-json\/wp\/v2\/posts\/597249\/revisions"}],"wp:featuredmedia":[{"embeddable":true,"href":"https:\/\/www.europesays.com\/fr\/wp-json\/wp\/v2\/media\/597250"}],"wp:attachment":[{"href":"https:\/\/www.europesays.com\/fr\/wp-json\/wp\/v2\/media?parent=597249"}],"wp:term":[{"taxonomy":"category","embeddable":true,"href":"https:\/\/www.europesays.com\/fr\/wp-json\/wp\/v2\/categories?post=597249"},{"taxonomy":"post_tag","embeddable":true,"href":"https:\/\/www.europesays.com\/fr\/wp-json\/wp\/v2\/tags?post=597249"}],"curies":[{"name":"wp","href":"https:\/\/api.w.org\/{rel}","templated":true}]}}