{"id":597251,"date":"2025-12-13T17:38:13","date_gmt":"2025-12-13T17:38:13","guid":{"rendered":"https:\/\/www.europesays.com\/fr\/597251\/"},"modified":"2025-12-13T17:38:13","modified_gmt":"2025-12-13T17:38:13","slug":"je-ny-crois-pas-apres-la-disparition-du-patron-pecheur-jean-baptiste-durand-au-large-des-glenan-lemotion-submerge-la-pointe-de-lechiagat","status":"publish","type":"post","link":"https:\/\/www.europesays.com\/fr\/597251\/","title":{"rendered":"\u00ab\u00a0Je n\u2019y crois pas\u00a0\u00bb\u00a0: apr\u00e8s la disparition du patron p\u00eacheur Jean-Baptiste Durand, au large des Gl\u00e9nan, l\u2019\u00e9motion submerge la pointe de L\u00e9chiagat"},"content":{"rendered":"<p>Pr\u00e8s des pontons o\u00f9 L\u2018Atari, un ligneur de 8,50\u200am, avait l\u2019habitude d\u2019accoster, les nombreuses personnes qui connaissaient et appr\u00e9ciaient l\u2019homme de 48\u200aans, sont encore sous le choc. \u00ab\u00a0Je n\u2019y crois pas, j\u2019ai l\u2019impression d\u2019une \u201cfake news\u201d\u00a0\u00bb, confie ce patron p\u00eacheur, qui \u00e9tait son voisin de ponton.<\/p>\n<p>Au Bar des Brisants, c\u2019est \u00e9galement la stup\u00e9faction qui pr\u00e9domine. \u00ab\u00a0C\u2019\u00e9tait un gar\u00e7on tr\u00e8s gentil. Il venait avec Hector, son petit chien, qui venait prendre son g\u00e2teau r\u00e9guli\u00e8rement\u00a0\u00bb, \u00e9voque, avec beaucoup de tristesse, Claudine, la propri\u00e9taire des lieux.<\/p>\n<p>Sur les quais, de nombreux marins louent ses qualit\u00e9s. \u00ab\u00a0Il connaissait bien le m\u00e9tier et le coin. C\u2019\u00e9tait un tr\u00e8s bon p\u00eacheur, mais une vague a pu suffire\u00a0\u00bb, d\u00e9plorent-ils am\u00e8rement. Un sauveteur de la SNSM, engag\u00e9 dans les op\u00e9rations de secours, d\u00e9crit \u00ab\u00a0une ambiance tr\u00e8s pesante \u00e0 bord\u00a0\u00bb, apr\u00e8s le d\u00e9c\u00e8s de la victime et son \u00e9vacuation vers le port du Guilvinec, vendredi soir. Tous font \u00e9tat d\u2019une v\u00e9ritable trag\u00e9die.<\/p>\n<p>\u00ab\u00a0Il n\u2019y a pas de mots\u00a0\u00bb<\/p>\n<p>\u00ab\u00a0Pour gagner sa vie, on doit prendre des risques calcul\u00e9s, mais cette fois, la nature a \u00e9t\u00e9 plus forte. Il n\u2019y a pas de mots\u00a0\u00bb, livre Jean-Luc Tanneau, maire du Guilvinec. Nathalie Tanneau-Carrot, maire de Treffiagat-L\u00e9chiagat, \u00e9tait pr\u00e9sente sur les quais au moment du retour de la navette SNSM vendredi\u00a0: \u00ab\u00a0On sentait une tr\u00e8s grosse \u00e9motion \u00e0 la pointe. Le silence \u00e9tait le plus total. On sait que face aux \u00e9l\u00e9ments, le risque z\u00e9ro n\u2019existe pas\u2026\u00a0\u00bb.<\/p>\n<p>\u00ab\u00a0Ce fait divers tragique nous ram\u00e8ne \u00e0 la triste r\u00e9alit\u00e9. Des marins se mettent en p\u00e9ril pour nourrir le territoire et les Fran\u00e7ais. C\u2019est dramatique pour le d\u00e9partement et la fili\u00e8re\u00a0\u00bb, souligne St\u00e9phane Le Doar\u00e9, pr\u00e9sident de la communaut\u00e9 de communes du Pays bigouden sud et vice-pr\u00e9sident du D\u00e9partement. \u00ab\u00a0Cette nouvelle trag\u00e9die va malheureusement se rajouter \u00e0 la longue liste des nombreux p\u00e9rils en mer\u00a0\u00bb, conclut Pascal Criquet, <a href=\"https:\/\/www.letelegramme.fr\/bretagne\/bugaled-breizh-un-exemple-du-role-essentiel-de-la-caisse-dentraide-des-marins-peris-en-mer-6502451.php\" target=\"_blank\" rel=\"noopener\">pr\u00e9sident de la Caisse des p\u00e9rils en mer<\/a>.<\/p>\n","protected":false},"excerpt":{"rendered":"Pr\u00e8s des pontons o\u00f9 L\u2018Atari, un ligneur de 8,50\u200am, avait l\u2019habitude d\u2019accoster, les nombreuses personnes qui connaissaient et&hellip;\n","protected":false},"author":2,"featured_media":597252,"comment_status":"","ping_status":"","sticky":false,"template":"","format":"standard","meta":{"footnotes":""},"categories":[4],"tags":[11,3321,1011,27,4555,12,25,26334],"class_list":{"0":"post-597251","1":"post","2":"type-post","3":"status-publish","4":"format-standard","5":"has-post-thumbnail","7":"category-france","8":"tag-actualites","9":"tag-finistere","10":"tag-fr","11":"tag-france","12":"tag-local","13":"tag-news","14":"tag-republique-francaise","15":"tag-treffiagat-lechiagat"},"share_on_mastodon":{"url":"https:\/\/pubeurope.com\/@fr\/115713481411775696","error":""},"_links":{"self":[{"href":"https:\/\/www.europesays.com\/fr\/wp-json\/wp\/v2\/posts\/597251","targetHints":{"allow":["GET"]}}],"collection":[{"href":"https:\/\/www.europesays.com\/fr\/wp-json\/wp\/v2\/posts"}],"about":[{"href":"https:\/\/www.europesays.com\/fr\/wp-json\/wp\/v2\/types\/post"}],"author":[{"embeddable":true,"href":"https:\/\/www.europesays.com\/fr\/wp-json\/wp\/v2\/users\/2"}],"replies":[{"embeddable":true,"href":"https:\/\/www.europesays.com\/fr\/wp-json\/wp\/v2\/comments?post=597251"}],"version-history":[{"count":0,"href":"https:\/\/www.europesays.com\/fr\/wp-json\/wp\/v2\/posts\/597251\/revisions"}],"wp:featuredmedia":[{"embeddable":true,"href":"https:\/\/www.europesays.com\/fr\/wp-json\/wp\/v2\/media\/597252"}],"wp:attachment":[{"href":"https:\/\/www.europesays.com\/fr\/wp-json\/wp\/v2\/media?parent=597251"}],"wp:term":[{"taxonomy":"category","embeddable":true,"href":"https:\/\/www.europesays.com\/fr\/wp-json\/wp\/v2\/categories?post=597251"},{"taxonomy":"post_tag","embeddable":true,"href":"https:\/\/www.europesays.com\/fr\/wp-json\/wp\/v2\/tags?post=597251"}],"curies":[{"name":"wp","href":"https:\/\/api.w.org\/{rel}","templated":true}]}}