{"id":597253,"date":"2025-12-13T17:39:13","date_gmt":"2025-12-13T17:39:13","guid":{"rendered":"https:\/\/www.europesays.com\/fr\/597253\/"},"modified":"2025-12-13T17:39:13","modified_gmt":"2025-12-13T17:39:13","slug":"challenge-cup-montauban-ospreys-revivez-le-succes-des-gallois-a-sapiac","status":"publish","type":"post","link":"https:\/\/www.europesays.com\/fr\/597253\/","title":{"rendered":"Challenge Cup \u2013 Montauban \u2013 Ospreys\u00a0: revivez le succ\u00e8s des Gallois \u00e0 Sapiac"},"content":{"rendered":"<p>\n                Bonjour et bienvenue sur Rugbyrama pour revivre la rencontre opposant Montauban aux Ospreys, comptant pour la 2e journ\u00e9e de Challenge Cup.\n            <\/p>\n<p>L\u2019US Montalbanaise recevait les Ospreys, ce samedi \u00e0 16h15 pour la 2e journ\u00e9e de Challenge Cup.<\/p>\n<p>Pour ce retour de la Coupe d\u2019Europe \u00e0 Sapiac, les hommes de S\u00e9bastien Tillous-Borde voulaient faire bonne impression et remporter une premi\u00e8re victoire dans cette comp\u00e9tition.<\/p>\n<p>L\u2019arbitre de la rencontre \u00e9tait M. Leal (Angleterre).<\/p>\n","protected":false},"excerpt":{"rendered":"Bonjour et bienvenue sur Rugbyrama pour revivre la rencontre opposant Montauban aux Ospreys, comptant pour la 2e journ\u00e9e&hellip;\n","protected":false},"author":2,"featured_media":597254,"comment_status":"","ping_status":"","sticky":false,"template":"","format":"standard","meta":{"footnotes":""},"categories":[2],"tags":[11,69590,1011,27,12,68796],"class_list":{"0":"post-597253","1":"post","2":"type-post","3":"status-publish","4":"format-standard","5":"has-post-thumbnail","7":"category-actualites","8":"tag-actualites","9":"tag-epcr-challenge-cup","10":"tag-fr","11":"tag-france","12":"tag-news","13":"tag-rugby-u00e0-xv"},"share_on_mastodon":{"url":"https:\/\/pubeurope.com\/@fr\/115713485425972040","error":""},"_links":{"self":[{"href":"https:\/\/www.europesays.com\/fr\/wp-json\/wp\/v2\/posts\/597253","targetHints":{"allow":["GET"]}}],"collection":[{"href":"https:\/\/www.europesays.com\/fr\/wp-json\/wp\/v2\/posts"}],"about":[{"href":"https:\/\/www.europesays.com\/fr\/wp-json\/wp\/v2\/types\/post"}],"author":[{"embeddable":true,"href":"https:\/\/www.europesays.com\/fr\/wp-json\/wp\/v2\/users\/2"}],"replies":[{"embeddable":true,"href":"https:\/\/www.europesays.com\/fr\/wp-json\/wp\/v2\/comments?post=597253"}],"version-history":[{"count":0,"href":"https:\/\/www.europesays.com\/fr\/wp-json\/wp\/v2\/posts\/597253\/revisions"}],"wp:featuredmedia":[{"embeddable":true,"href":"https:\/\/www.europesays.com\/fr\/wp-json\/wp\/v2\/media\/597254"}],"wp:attachment":[{"href":"https:\/\/www.europesays.com\/fr\/wp-json\/wp\/v2\/media?parent=597253"}],"wp:term":[{"taxonomy":"category","embeddable":true,"href":"https:\/\/www.europesays.com\/fr\/wp-json\/wp\/v2\/categories?post=597253"},{"taxonomy":"post_tag","embeddable":true,"href":"https:\/\/www.europesays.com\/fr\/wp-json\/wp\/v2\/tags?post=597253"}],"curies":[{"name":"wp","href":"https:\/\/api.w.org\/{rel}","templated":true}]}}