{"id":597257,"date":"2025-12-13T17:42:46","date_gmt":"2025-12-13T17:42:46","guid":{"rendered":"https:\/\/www.europesays.com\/fr\/597257\/"},"modified":"2025-12-13T17:42:46","modified_gmt":"2025-12-13T17:42:46","slug":"mercato-ex-girondins-davitashvili-asse-bouillant-et-tres-courtise-leurope-lappelle","status":"publish","type":"post","link":"https:\/\/www.europesays.com\/fr\/597257\/","title":{"rendered":"Mercato Ex-Girondins : Davitashvili (ASSE) bouillant et tr\u00e8s courtis\u00e9, l&rsquo;Europe l&rsquo;appelle"},"content":{"rendered":"<p><img decoding=\"async\" src=\"https:\/\/www.europesays.com\/fr\/wp-content\/uploads\/2025\/12\/671_2bce26c96cfe85857720cc13cbc706d1.jpg\" alt=\"Mercato Ex-Girondins : Davitashvili (ASSE) bouillant et tr\u00e8s courtis\u00e9, l'Europe l'appelle\" class=\"img-responsive mt-3\"\/><\/p>\n<p class=\"text-center mb-3\" style=\"font-size: 14px\">\u00a9 Iconsport<\/p>\n<p>      <strong>Mercato : Zuriko Davitashvili, l&rsquo;ancien Bordelais, attire les convoitises europ\u00e9ennes<\/strong><\/p>\n<p style=\"text-align: justify;\">Le mercato d&rsquo;hiver s&rsquo;annonce agit\u00e9 pour Zuriko Davitashvili, un joueur que les supporters des Girondins de Bordeaux connaissent bien. L&rsquo;attaquant g\u00e9orgien, qui a rejoint l&rsquo;AS Saint-\u00c9tienne en 2024, est au c\u0153ur de l&rsquo;actualit\u00e9 des transferts.<\/p>\n<p style=\"text-align: justify;\">L&rsquo;\u00e9t\u00e9 dernier, l&rsquo;ASSE, fra\u00eechement rachet\u00e9e par Kilmer Sports, avait refus\u00e9 de laisser partir ses stars, bloquant notamment le d\u00e9part de Davitashvili, qui souhaitait pourtant changer d&rsquo;air. Le joueur, sous contrat jusqu&rsquo;en 2028, s&rsquo;\u00e9tait ressaisi et a r\u00e9alis\u00e9 une bonne premi\u00e8re partie de saison en Ligue 2, inscrivant six buts et d\u00e9livrant une passe d\u00e9cisive en 14 journ\u00e9es.<\/p>\n<p><strong>Le Be\u015fikta\u015f et un club myst\u00e8re \u00e0 l&rsquo;aff\u00fbt<\/strong><\/p>\n<p style=\"text-align: justify;\">Aujourd&rsquo;hui, l&rsquo;ASSE est face \u00e0 un dilemme. Alors que le club est dauphin de Ligue 2, il doit choisir entre conserver son meilleur atout offensif pour assurer la remont\u00e9e en Ligue 1 ou r\u00e9aliser une belle op\u00e9ration financi\u00e8re.<\/p>\n<p style=\"text-align: justify;\">Selon RMC Sport, le club turc de Be\u015fikta\u015f a manifest\u00e9 un int\u00e9r\u00eat concret et souhaite boucler son arriv\u00e9e d\u00e8s janvier. Ce challenge s\u00e9duit le joueur, et l&rsquo;ASSE serait d\u00e9sormais ouverte \u00e0 un d\u00e9part en cas d&rsquo;offre jug\u00e9e satisfaisante.<\/p>\n<p style=\"text-align: justify;\">Rappelons que le club st\u00e9phanois avait d\u00e9bours\u00e9 6 millions d\u2019euros aux Girondins de Bordeaux pour s&rsquo;attacher les services de Davitashvili en 2024. Sa valeur est aujourd&rsquo;hui estim\u00e9e \u00e0 9 millions d\u2019euros par Transfermarkt. La plus-value serait donc assur\u00e9e pour les Verts, d&rsquo;autant plus qu&rsquo;un autre club europ\u00e9en, dont le nom n&rsquo;a pas filtr\u00e9, serait pr\u00eat \u00e0 d\u00e9gainer une offre.<\/p>\n<p><strong><br \/>INFO WG<\/strong> &gt;&gt; <strong><a href=\"https:\/\/www.webgirondins.com\/actualite-girondins-girondins-l-attaquant-pierre-bertrand-arne-va-signer-a-bordeaux-au-mercato-131463\" target=\"_blank\" rel=\"noopener\">L&rsquo;attaquant Pierre-Bertrand Arn\u00e9 va signer \u00e0 Bordeaux au mercato<\/a><\/strong><\/p>\n<p style=\"text-align: justify;\">\u00c9coutez dans le podcast court ci-dessous les trois tops de Bordeaux-Dinan en championnat (moins de deux minutes) :<\/p>\n<p>\u00a0<\/p>\n","protected":false},"excerpt":{"rendered":"\u00a9 Iconsport Mercato : Zuriko Davitashvili, l&rsquo;ancien Bordelais, attire les convoitises europ\u00e9ennes Le mercato d&rsquo;hiver s&rsquo;annonce agit\u00e9 pour&hellip;\n","protected":false},"author":2,"featured_media":597258,"comment_status":"","ping_status":"","sticky":false,"template":"","format":"standard","meta":{"footnotes":""},"categories":[9653],"tags":[1111,11,4255,18235,461,2430,1997,56621,3335,71004,28419,19638,1777,674,1011,27,1987,6736,1441,1434,12,25,4001,933,32816],"class_list":{"0":"post-597257","1":"post","2":"type-post","3":"status-publish","4":"format-standard","5":"has-post-thumbnail","7":"category-saint-etienne","8":"tag-actu","9":"tag-actualites","10":"tag-ancien","11":"tag-appelle","12":"tag-asse","13":"tag-auvergne-rhone-alpes","14":"tag-bordeaux","15":"tag-bouillant","16":"tag-centre","17":"tag-convoitises","18":"tag-courtise","19":"tag-davitashvili","20":"tag-eu","21":"tag-europe","22":"tag-fr","23":"tag-france","24":"tag-girondins","25":"tag-hiver","26":"tag-joueur","27":"tag-mercato","28":"tag-news","29":"tag-republique-francaise","30":"tag-saint-etienne","31":"tag-tres","32":"tag-zuriko"},"share_on_mastodon":{"url":"https:\/\/pubeurope.com\/@fr\/115713498292065809","error":""},"_links":{"self":[{"href":"https:\/\/www.europesays.com\/fr\/wp-json\/wp\/v2\/posts\/597257","targetHints":{"allow":["GET"]}}],"collection":[{"href":"https:\/\/www.europesays.com\/fr\/wp-json\/wp\/v2\/posts"}],"about":[{"href":"https:\/\/www.europesays.com\/fr\/wp-json\/wp\/v2\/types\/post"}],"author":[{"embeddable":true,"href":"https:\/\/www.europesays.com\/fr\/wp-json\/wp\/v2\/users\/2"}],"replies":[{"embeddable":true,"href":"https:\/\/www.europesays.com\/fr\/wp-json\/wp\/v2\/comments?post=597257"}],"version-history":[{"count":0,"href":"https:\/\/www.europesays.com\/fr\/wp-json\/wp\/v2\/posts\/597257\/revisions"}],"wp:featuredmedia":[{"embeddable":true,"href":"https:\/\/www.europesays.com\/fr\/wp-json\/wp\/v2\/media\/597258"}],"wp:attachment":[{"href":"https:\/\/www.europesays.com\/fr\/wp-json\/wp\/v2\/media?parent=597257"}],"wp:term":[{"taxonomy":"category","embeddable":true,"href":"https:\/\/www.europesays.com\/fr\/wp-json\/wp\/v2\/categories?post=597257"},{"taxonomy":"post_tag","embeddable":true,"href":"https:\/\/www.europesays.com\/fr\/wp-json\/wp\/v2\/tags?post=597257"}],"curies":[{"name":"wp","href":"https:\/\/api.w.org\/{rel}","templated":true}]}}