{"id":597265,"date":"2025-12-13T18:01:39","date_gmt":"2025-12-13T18:01:39","guid":{"rendered":"https:\/\/www.europesays.com\/fr\/597265\/"},"modified":"2025-12-13T18:01:39","modified_gmt":"2025-12-13T18:01:39","slug":"les-jeunes-reviennent-acheter-des-santons-temoigne-helene-prouger-pionniere-du-marche-de-noel-de-montpellier","status":"publish","type":"post","link":"https:\/\/www.europesays.com\/fr\/597265\/","title":{"rendered":"\u00ab\u00a0Les jeunes reviennent acheter des santons\u00a0\u00bb, t\u00e9moigne H\u00e9l\u00e8ne Prouger, pionni\u00e8re du march\u00e9 de No\u00ebl de Montpellier"},"content":{"rendered":"<p>\n                                                                H\u00e9l\u00e8ne Prouget assiste son mari Jacques dans la production de santons, \u00e0 Saint-Guilhem-le-D\u00e9sert. Ils font partie des rares rescap\u00e9s de la toute premi\u00e8re \u00e9dition du march\u00e9 de No\u00ebl de Montpellier.\n                            <\/p>\n<p>Derri\u00e8re son stand situ\u00e9 \u00e0 l\u2019entr\u00e9e du march\u00e9 de No\u00ebl, H\u00e9l\u00e8ne Prouget est intarissable quand il s\u2019agit d\u2019\u00e9voquer les santons cr\u00e9\u00e9s par son mari Jacques. \u00c0 73 ans, celui-ci continue d\u2019en cr\u00e9er sans rel\u00e2che \u00e0 Saint-Guilhem-le-D\u00e9sert.<\/p>\n<p>\u00ab\u00a0Tous les ans, mon mari r\u00e9alise une grande cr\u00e8che que nous offrons \u00e0 la ville de Montpellier\u00a0\u00bb, explique H\u00e9l\u00e8ne. Expos\u00e9e \u00e0 l\u2019entr\u00e9e du march\u00e9, derri\u00e8re une grande vitrine, elle fait l\u2019admiration des visiteurs.<\/p>\n<p>Le couple fait partie des pionniers ayant particip\u00e9 \u00e0 la toute premi\u00e8re \u00e9dition du march\u00e9 de No\u00ebl, en 2002, sur la Com\u00e9die. \u00ab\u00a0La Ville avait demand\u00e9 \u00e0 mon mari de participer en tant que santonnier\u00a0\u00bb, rappelle-t-elle.<\/p>\n<p>C\u2019est \u00e0 la fin des ann\u00e9es 90 que Jacques, baron de Carav\u00e8tes (depuis onze g\u00e9n\u00e9rations), s\u2019est lanc\u00e9 dans la cr\u00e9ation de santons. \u00ab\u00a0Il les fait tous, et les d\u00e9cors aussi. Tout est en argile. On cr\u00e9e le mod\u00e8le, on fait un moule. Sorti du moule, il y a un gros travail de finition. Il y a beaucoup de plis, de d\u00e9tails, ce n\u2019est jamais deux fois la m\u00eame pi\u00e8ce.\u00a0\u00bb<\/p>\n<p>Leur particularit\u00e9, c\u2019est qu\u2019elles n\u2019ont pas de socle, ce qui demande un travail encore plus fin\u2026<\/p>\n<p>\u00ab\u00a0Un santon de base co\u00fbte 16\u00a0euros, une bergerie, c\u2019est 140\u00a0euros. Il y a tous les prix\u00a0\u00bb, pr\u00e9cise H\u00e9l\u00e8ne, qui aide son mari \u00e0 peindre les santons.<\/p>\n<p>Au d\u00e9but des ann\u00e9es 2000, le choix \u00e9tait plus limit\u00e9. \u00ab\u00a0Notre production \u00e9tait assez restreinte \u00e0 l\u2019\u00e9poque, et on \u00e9tait deux artisans dans le m\u00eame chalet lors du premier march\u00e9 de No\u00ebl, mais le public avait r\u00e9pondu pr\u00e9sent d\u00e8s la premi\u00e8re \u00e9dition, et on est toujours revenus depuis\u00a0\u00bb, souligne H\u00e9l\u00e8ne.<\/p>\n<p>\u00ab\u00a0Faire une cr\u00e8che, \u00e7a prend parfois une vie\u00a0\u00bb<\/p>\n<p>Plus tard, le rendez-vous a d\u00e9m\u00e9nag\u00e9 sur l\u2019esplanade puis au Peyrou. \u00ab\u00a0Ici, c\u2019est beaucoup mieux. On craignait de venir au d\u00e9part, on avait peur que les gens ne viennent pas. Et en fait, c\u2019est le contraire. Il y a encore plus de monde, mais c\u2019est aussi plus s\u00e9curisant. \u00c0 part quand il y a du vent, et donc de la poussi\u00e8re, comme l\u2019an dernier o\u00f9 on a ferm\u00e9 deux fois, tout est parfait.\u00a0\u00bb<\/p>\n<p>\u00ab\u00a0C\u2019est la passion de la cr\u00e8che qui nous a conduits \u00e0 cr\u00e9er des santons. Les gens agrandissent leur cr\u00e8che chaque ann\u00e9e. \u00c7a prend parfois toute une vie. Des clients ont tellement de santons qu\u2019ils n\u2019ont pas la place de tous les mettre. Du coup, ils font des cr\u00e8ches th\u00e9matiques.\u00a0\u00bb<\/p>\n<p>Et \u00e0 ceux qui pensent que les santons sont aujourd\u2019hui pass\u00e9s de mode, H\u00e9l\u00e8ne apporte un d\u00e9menti formel. \u00ab\u00a0Depuis quelques ann\u00e9es, beaucoup de couples de jeunes d\u00e9marrent une cr\u00e8che. C\u2019est important de marquer nos racines, nos origines.\u00a0\u00bb<\/p>\n","protected":false},"excerpt":{"rendered":"H\u00e9l\u00e8ne Prouget assiste son mari Jacques dans la production de santons, \u00e0 Saint-Guilhem-le-D\u00e9sert. Ils font partie des rares&hellip;\n","protected":false},"author":2,"featured_media":597266,"comment_status":"","ping_status":"","sticky":false,"template":"","format":"standard","meta":{"footnotes":""},"categories":[9599],"tags":[1111,11,215,33,1777,674,1011,27,7089,2208,12,2680,25],"class_list":{"0":"post-597265","1":"post","2":"type-post","3":"status-publish","4":"format-standard","5":"has-post-thumbnail","7":"category-montpellier","8":"tag-actu","9":"tag-actualites","10":"tag-commerce","11":"tag-economie","12":"tag-eu","13":"tag-europe","14":"tag-fr","15":"tag-france","16":"tag-herault","17":"tag-montpellier","18":"tag-news","19":"tag-occitanie","20":"tag-republique-francaise"},"share_on_mastodon":{"url":"https:\/\/pubeurope.com\/@fr\/115713571797493121","error":""},"_links":{"self":[{"href":"https:\/\/www.europesays.com\/fr\/wp-json\/wp\/v2\/posts\/597265","targetHints":{"allow":["GET"]}}],"collection":[{"href":"https:\/\/www.europesays.com\/fr\/wp-json\/wp\/v2\/posts"}],"about":[{"href":"https:\/\/www.europesays.com\/fr\/wp-json\/wp\/v2\/types\/post"}],"author":[{"embeddable":true,"href":"https:\/\/www.europesays.com\/fr\/wp-json\/wp\/v2\/users\/2"}],"replies":[{"embeddable":true,"href":"https:\/\/www.europesays.com\/fr\/wp-json\/wp\/v2\/comments?post=597265"}],"version-history":[{"count":0,"href":"https:\/\/www.europesays.com\/fr\/wp-json\/wp\/v2\/posts\/597265\/revisions"}],"wp:featuredmedia":[{"embeddable":true,"href":"https:\/\/www.europesays.com\/fr\/wp-json\/wp\/v2\/media\/597266"}],"wp:attachment":[{"href":"https:\/\/www.europesays.com\/fr\/wp-json\/wp\/v2\/media?parent=597265"}],"wp:term":[{"taxonomy":"category","embeddable":true,"href":"https:\/\/www.europesays.com\/fr\/wp-json\/wp\/v2\/categories?post=597265"},{"taxonomy":"post_tag","embeddable":true,"href":"https:\/\/www.europesays.com\/fr\/wp-json\/wp\/v2\/tags?post=597265"}],"curies":[{"name":"wp","href":"https:\/\/api.w.org\/{rel}","templated":true}]}}