{"id":597268,"date":"2025-12-13T18:08:23","date_gmt":"2025-12-13T18:08:23","guid":{"rendered":"https:\/\/www.europesays.com\/fr\/597268\/"},"modified":"2025-12-13T18:08:23","modified_gmt":"2025-12-13T18:08:23","slug":"la-journaliste-mairam-guisse-de-retour-a-canteleu-pour-signer-son-premier-livre","status":"publish","type":"post","link":"https:\/\/www.europesays.com\/fr\/597268\/","title":{"rendered":"La journaliste Mairam Guiss\u00e9 de retour \u00e0 Canteleu pour signer son premier livre"},"content":{"rendered":"<p>                    Par<br \/>\n        <strong><br \/>\n            <a href=\"https:\/\/actu.fr\/auteur\/lily-dedeye\" title=\"Consulter tous les articles de Lily Dedeye\" target=\"_blank\" rel=\"noopener\">Lily Dedeye<\/a><br \/>\n                    <\/strong><\/p>\n<p>        Publi\u00e9 le<\/p>\n<p>            13 d\u00e9c. 2025 \u00e0 17h36        <\/p>\n<p>Mairam Guiss\u00e9 a grandi dans les quartiers de <a href=\"https:\/\/actu.fr\/normandie\/canteleu_76157\" target=\"_blank\" rel=\"noopener\">Canteleu<\/a>, pr\u00e8s de Rouen. Aujourd\u2019hui, elle est <strong>journaliste, r\u00e9alisatrice, autrice<\/strong> et vit \u00e0 Paris. Le 15 novembre 2025, elle \u00e9tait de retour dans sa ville natale pour la pr\u00e9sentation de <strong>son nouveau livre Sous nos peaux<\/strong>. \u00c0 cette occasion, elle nous raconte son histoire et revient sur son parcours.<\/p>\n<p>Elle voulait raconter des histoires et d\u00e9couvrir le monde<\/p>\n<p class=\" wall-content\">Dans les ann\u00e9es 80, Mairam Guiss\u00e9 est encore une enfant. Dans la joie et l\u2019insouciance, elle grandit dans les quartiers populaires de Canteleu.<\/p>\n<blockquote class=\"ac-article-quote wall-content\">\n<p>Tout a commenc\u00e9 \u00e0 Canteleu et tout revient toujours \u00e0 Canteleu. Je suis devenue journaliste pour d\u00e9couvrir le monde et raconter des histoires.<\/p>\n<p>    <strong>Mairam Guiss\u00e9<\/strong><br \/>\n        Journaliste, autrice et r\u00e9alisatrice    <\/p><\/blockquote>\n<p class=\" wall-content\">Tr\u00e8s jeune, elle s\u2019int\u00e9resse au monde qui l\u2019entoure. Elle n\u2019en a pas encore conscience mais c\u2019est son \u00e2me de journaliste qui se d\u00e9veloppe d\u00e9j\u00e0.<\/p>\n<p class=\" wall-content\">\u00ab\u2009Tr\u00e8s t\u00f4t je me suis pos\u00e9 des questions. Dans les ann\u00e9es 90, il y avait la guerre du Golfe. \u00c0 la t\u00e9l\u00e9vision, je voyais des images, je me demandais si la guerre allait arriver \u00e0 Canteleu. Un jour un avion a vol\u00e9 au-dessus de ma t\u00eate, je me suis dit \u00e7a y est, c\u2019est la guerre. J\u2019ai couru chez mes parents\u2026 et en voyant toute ma famille tr\u00e8s calme et d\u00e9tendue, j\u2019ai compris que ce n\u2019\u00e9tait pas \u00e7a\u2009! Et c\u2019est comme \u00e7a que j\u2019ai voulu devenir journaliste. Je me suis dit qu\u2019en tant que journaliste, j\u2019aurai forc\u00e9ment des r\u00e9ponses.\u2009\u00bb<\/p>\n<p class=\" wall-content\">En grandissant, le projet professionnel de Mairam Guiss\u00e9 ne change pas. \u00c0 23 ans, elle d\u00e9cide d\u2019assumer son envie d\u2019\u00eatre journaliste et se renseigne sur les options qui s\u2019offrent \u00e0 elle. \u00ab\u2009Je ne connaissais personne du milieu, c\u2019\u00e9tait assez bloquant. Je me suis int\u00e9ress\u00e9e aux \u00e9coles de journalisme mais j\u2019ai vite abandonn\u00e9, il fallait que je travaille\u2009! Donc j\u2019ai d\u00e9cid\u00e9 de faire une licence m\u00e9diation culturelle et communication \u00e0 Lille.\u2009\u00bb<\/p>\n<blockquote class=\"ac-article-quote wall-content\">\n<p>C&rsquo;est marrant parce qu&rsquo;en \u00e9voluant dans le milieu journalistique, j&rsquo;ai beaucoup entendu qu&rsquo;un master m\u00e9diation culturelle et communication, c&rsquo;\u00e9tait absolument ce qu&rsquo;il ne fallait PAS faire pour devenir journaliste ! Mais bon, \u00e7a ne m&rsquo;a pas emp\u00each\u00e9 de le devenir !<\/p>\n<p>    <strong>Mairam Guiss\u00e9<\/strong><br \/>\n        Journaliste, autrice, r\u00e9alisatrice    <\/p><\/blockquote>\n<p>Votre r\u00e9gion, votre actu !<\/p>\n<p>Recevez chaque jour les infos qui comptent pour vous.<\/p>\n<p>\t<a href=\"https:\/\/actu.fr\/newsletter\" class=\"ac-btn ac-btn--corner ac-btn--medium ac-btn--blue800\" target=\"_blank\" rel=\"noopener\">S&rsquo;incrire<\/a><br \/>\nUne journaliste form\u00e9e sur le tas<\/p>\n<p class=\" wall-content\">\u00c0 Lille, Mairam Guiss\u00e9 commence \u00e0 s\u2019\u00e9panouir. \u00ab\u2009C\u2019\u00e9tait extraordinaire, j\u2019ai commenc\u00e9 \u00e0 faire ce qui me passionnait\u2009\u00bb, raconte la jeune femme. \u00ab\u2009J\u2019\u00e9crivais b\u00e9n\u00e9volement pour l\u2019association Hip Hop Days.\u2009\u00bb C\u2019est d\u2019ailleurs au sein de ce journal, que son premier article est publi\u00e9. \u00ab\u2009J\u2019avais tellement peur quand j\u2019ai envoy\u00e9 l\u2019article. Je me suis dit c\u2019est s\u00fbr, je veux devenir journaliste\u2009!\u2009\u00bb<\/p>\n<p class=\" wall-content\">En parall\u00e8le, elle r\u00e9alise un premier stage chez Radio Etampes puis encha\u00eene sur un master\u00a0Info Com \u00e0 Paris. \u00ab\u2009Apr\u00e8s ce master, j\u2019ai \u00e9crit un article pour Libert\u00e9 Dimanche \u00e0 Rouen, et j\u2019ai \u00e9t\u00e9 rep\u00e9r\u00e9e par Paris Normandie. Ils m\u2019ont propos\u00e9 un stage et m\u2019ont form\u00e9 sur le tas.\u2009\u00bb<\/p>\n<blockquote class=\"ac-article-quote wall-content\">\n<p>Le journalisme est un milieu difficile et concurrentiel. Je m&rsquo;estime chanceuse car j&rsquo;ai rencontr\u00e9 des gens qui m&rsquo;ont tendu la main, m&rsquo;ont soutenu et ont cru en moi. <\/p>\n<p>    <strong>Mairam Guiss\u00e9<\/strong><br \/>\n        Journaliste, autrice, r\u00e9alisatrice    <\/p><\/blockquote>\n<p class=\" wall-content\">\u00c0 la suite de cette exp\u00e9rience, Mairam Guiss\u00e9 se rend \u00e0 La R\u00e9union pour faire un master 2 Info Com option journalisme. En revenant \u00e0 Paris, elle est embauch\u00e9e en CDD par Le Parisien. \u00ab\u2009J\u2019ai commenc\u00e9 \u00e0 travailler sur <strong>des sujets qui me passionnaient comme la sant\u00e9, l\u2019\u00e9ducation, les quartiers populaires<\/strong>\u2009\u00bb, d\u00e9crit la jeune femme.<\/p>\n<p>Les d\u00e9buts dans l\u2019audiovisuel<\/p>\n<p class=\" wall-content\">Un jour dans les bureaux du Parisien, Mairam discute avec une coll\u00e8gue. \u00ab\u2009Je lui demandais de me parler de ses amours. Elle m\u2019a retourn\u00e9 la question mais moi je ne voulais pas en parler. Je lui ai dit que dans les quartiers populaires on ne parlait pas de \u00e7a. Et on s\u2019est dit qu\u2019en r\u00e9alit\u00e9 c\u2019\u00e9tait un super sujet\u2009! Un ami m\u2019a propos\u00e9 de <strong>l\u2019adapter en documentaire<\/strong>.\u2009\u00bb<\/p>\n<p class=\" wall-content\">En 2013, Mairam Guiss\u00e9 se lance alors dans l\u2019aventure avec son co-r\u00e9alisateur Rudy. Elle ne conna\u00eet encore rien du monde audiovisuel mais elle se renseigne, s\u2019entoure et apr\u00e8s un an, sort <strong>son premier film<\/strong>\u2009: L\u2019amour en cit\u00e9. Le documentaire retrace les histoires de six Fran\u00e7ais vivant dans diff\u00e9rentes cit\u00e9s, dont une \u00e0 Canteleu, et d\u00e9crit leur rapport \u00e0 l\u2019amour.<\/p>\n<blockquote class=\"ac-article-quote wall-content\">\n<p>J&rsquo;ai d\u00e9couvert un univers. Pour moi le cin\u00e9ma c&rsquo;\u00e9tait que des films d&rsquo;action. J&rsquo;ai d\u00e9couvert un autre monde, une autre fa\u00e7on de raconter des histoires, o\u00f9 on prend plus le temps. J&rsquo;ai trouv\u00e9 fascinant la fa\u00e7on dont l&rsquo;image peut raconter quelque chose, je suis tomb\u00e9e amoureuse! Cette pratique compl\u00e9tait bien mes activit\u00e9s de journaliste hard news. <\/p>\n<p>    <strong>Mairam Guiss\u00e9<\/strong><br \/>\n        Journaliste, autrice, r\u00e9alisatrice    <\/p><\/blockquote>\n<p class=\" wall-content\">Tomb\u00e9e amoureuse de ce nouvel univers, Mairam Guiss\u00e9 poursuit sa carri\u00e8re en r\u00e9alisant un nouveau documentaire en 2018, Quartier d\u2019\u00e9t\u00e9, puis le plus intime La vie de ma m\u00e8re en 2022. \u00ab\u2009J\u2019ai r\u00e9alis\u00e9 que je ne connaissais pas ma m\u00e8re. Donc j\u2019ai voulu faire un film pour comprendre qui elle \u00e9tait, quelle avait \u00e9t\u00e9 sa vie de femme, comment elle s\u2019\u00e9tait reconstruite apr\u00e8s l\u2019exil du S\u00e9n\u00e9gal en Normandie.\u2009\u00bb Le film a eu un grand succ\u00e8s en festival et la premi\u00e8re a \u00e9t\u00e9 projet\u00e9e \u00e0 Canteleu. \u00ab\u2009Mes parents se sont \u00e9tablis l\u00e0-bas en 1982, c\u2019\u00e9tait important pour moi que ce film soit vu l\u00e0-bas en premier.\u2009\u00bb<\/p>\n<p>Journaliste, r\u00e9alisatrice et\u2026 autrice\u2009!<\/p>\n<p class=\" wall-content\">En 2023, Mairam Guiss\u00e9 est sollicit\u00e9e par deux journalistes pour participer \u00e0 <strong>l\u2019\u00e9criture collective d\u2019un livre<\/strong>\u2009: Jibril, le retour du roi. Pour la premi\u00e8re fois de sa carri\u00e8re, la jeune femme s\u2019essaye \u00e0 la fiction. \u00ab\u2009J\u2019ai ador\u00e9 l\u2019exercice\u2009! On a racont\u00e9 une histoire\u2026 qui en plus se d\u00e9roulait \u00e0 Canteleu\u2009!\u2009\u00bb, se souvient Mairam Guiss\u00e9 en souriant.<\/p>\n<p>    <img   decoding=\"async\" loading=\"lazy\" src=\"https:\/\/www.europesays.com\/fr\/wp-content\/uploads\/2025\/12\/97822468442803-960x640.jpg\" alt=\"Mairam Guiss\u00e9, journaliste et r\u00e9alisatrice Cantilienne  de 41 ans a sorti un deuxi\u00e8me livre.\" width=\"960\" height=\"640\"\/><br \/>\n    Mairam Guiss\u00e9, journaliste et r\u00e9alisatrice Cantilienne de 41\u00a0ans a sorti un deuxi\u00e8me livre. (\u00a9N. Lemal)<\/p>\n<p class=\" wall-content\">Quelques mois plus tard, Mairam Guiss\u00e9 est contact\u00e9e par une \u00e9ditrice. \u00ab\u2009Elle aimait mon travail de documentaire, elle avait vu La vie de ma m\u00e8re, elle m\u2019a propos\u00e9 d\u2019\u00e9crire un livre seule. Au d\u00e9part, je n\u2019\u00e9tais pas s\u00fbre puis finalement je me suis lanc\u00e9e.\u2009\u00bb<\/p>\n<p class=\" wall-content\">Intitul\u00e9 Sous nos peaux, c\u2019est ce livre que Mairam Guiss\u00e9 a pr\u00e9sent\u00e9 \u00e0 la m\u00e9diath\u00e8que Fran\u00e7ois-Mitterrand de Canteleu le 15 novembre 2025. \u00ab\u2009Sous nos peaux est une histoire r\u00e9elle, racont\u00e9e sous la forme d\u2019un r\u00e9cit. On appelle \u00e7a de la \u2018narrative non fiction\u2019 en anglais. <strong>Ce livre est une lettre \u00e0 ma fille<\/strong> dans lequel je lui raconte des bouts d\u2019histoire de femmes noires et m\u00e9tisses qu\u2019elle pourrait croiser dans la rue. En r\u00e9alit\u00e9, \u00e7a raconte ce que c\u2019est d\u2019\u00eatre une femme noire et m\u00e9tisse actuellement. C\u2019est comme une lettre d\u2019amour.\u2009\u00bb<\/p>\n<blockquote class=\"ac-article-quote wall-content\">\n<p>J&rsquo;aime raconter des histoires banales. Les grandes histoires ne naissent pas toujours l\u00e0 o\u00f9 on le croit. J&rsquo;aime partir de l&rsquo;anodin et de l&rsquo;intime. En g\u00e9n\u00e9ral, on raconte beaucoup de choses. <\/p>\n<p>    <strong>Mairam Guiss\u00e9<\/strong><br \/>\n        Journaliste, autrice, r\u00e9alisatrice    <\/p><\/blockquote>\n<p class=\" wall-content\">Aujourd\u2019hui, Mairam Guiss\u00e9 est ind\u00e9pendante et multiplie les projets. Elle continue d\u2019\u00e9crire des articles de temps \u00e0 autre, s\u2019essaie \u00e0 la BD, et au long-m\u00e9trage. Peu importe le format, son fil rouge est toujours le m\u00eame\u2009: <strong>raconter des histoires subtiles et d\u00e9couvrir le monde. <\/strong>\u00ab\u2009Je m\u2019estime privil\u00e9gi\u00e9e de r\u00e9ussir \u00e0 vivre de ma passion. C\u2019est du travail, ce n\u2019est pas facile tous les jours, mais c\u2019est beaucoup de bonheur.\u2009\u00bb<\/p>\n<p>Suivez l\u2019actualit\u00e9 de Rouen sur<a href=\"https:\/\/www.whatsapp.com\/channel\/0029VaKfnf99hXF2ddApFB1D\" target=\"_blank\" rel=\"noopener\"> notre cha\u00eene WhatsApp<\/a> et sur <a href=\"https:\/\/www.tiktok.com\/@76actu.fr?lang=fr\" target=\"_blank\" rel=\"noopener\">notre compte TikTok<\/a><\/p>\n<p class=\" wall-content\">Personnalisez votre actualit\u00e9 en ajoutant vos villes et m\u00e9dias en favori avec <a href=\"https:\/\/moncompte.actu.fr\" title=\"D\u00e9couvez Mon Actu\" rel=\"nofollow noopener\" data-trk=\"{&quot;cta&quot;:{&quot;action&quot;:&quot;https:\\\/\\\/moncompte.actu.fr&quot;,&quot;category&quot;:&quot;mon compte&quot;,&quot;from&quot;:&quot;article footer&quot;,&quot;name&quot;:&quot;Mon actu&quot;,&quot;type&quot;:&quot;cta&quot;}}\" target=\"_blank\">Mon Actu<\/a>.<\/p>\n<p>                    <script async src=\"\/\/www.tiktok.com\/embed.js\"><\/script><\/p>\n","protected":false},"excerpt":{"rendered":"Par Lily Dedeye Publi\u00e9 le 13 d\u00e9c. 2025 \u00e0 17h36 Mairam Guiss\u00e9 a grandi dans les quartiers de&hellip;\n","protected":false},"author":2,"featured_media":597269,"comment_status":"","ping_status":"","sticky":false,"template":"","format":"standard","meta":{"footnotes":""},"categories":[9587],"tags":[1111,11,1777,674,1011,27,1380,1652,12,5161,9026,25,9590,240],"class_list":{"0":"post-597268","1":"post","2":"type-post","3":"status-publish","4":"format-standard","5":"has-post-thumbnail","7":"category-rouen","8":"tag-actu","9":"tag-actualites","10":"tag-eu","11":"tag-europe","12":"tag-fr","13":"tag-france","14":"tag-livres","15":"tag-loisirs-culture","16":"tag-news","17":"tag-normandie","18":"tag-portrait","19":"tag-republique-francaise","20":"tag-rouen","21":"tag-temoignage"},"share_on_mastodon":{"url":"https:\/\/pubeurope.com\/@fr\/115713600424851906","error":""},"_links":{"self":[{"href":"https:\/\/www.europesays.com\/fr\/wp-json\/wp\/v2\/posts\/597268","targetHints":{"allow":["GET"]}}],"collection":[{"href":"https:\/\/www.europesays.com\/fr\/wp-json\/wp\/v2\/posts"}],"about":[{"href":"https:\/\/www.europesays.com\/fr\/wp-json\/wp\/v2\/types\/post"}],"author":[{"embeddable":true,"href":"https:\/\/www.europesays.com\/fr\/wp-json\/wp\/v2\/users\/2"}],"replies":[{"embeddable":true,"href":"https:\/\/www.europesays.com\/fr\/wp-json\/wp\/v2\/comments?post=597268"}],"version-history":[{"count":0,"href":"https:\/\/www.europesays.com\/fr\/wp-json\/wp\/v2\/posts\/597268\/revisions"}],"wp:featuredmedia":[{"embeddable":true,"href":"https:\/\/www.europesays.com\/fr\/wp-json\/wp\/v2\/media\/597269"}],"wp:attachment":[{"href":"https:\/\/www.europesays.com\/fr\/wp-json\/wp\/v2\/media?parent=597268"}],"wp:term":[{"taxonomy":"category","embeddable":true,"href":"https:\/\/www.europesays.com\/fr\/wp-json\/wp\/v2\/categories?post=597268"},{"taxonomy":"post_tag","embeddable":true,"href":"https:\/\/www.europesays.com\/fr\/wp-json\/wp\/v2\/tags?post=597268"}],"curies":[{"name":"wp","href":"https:\/\/api.w.org\/{rel}","templated":true}]}}