{"id":597270,"date":"2025-12-13T18:10:14","date_gmt":"2025-12-13T18:10:14","guid":{"rendered":"https:\/\/www.europesays.com\/fr\/597270\/"},"modified":"2025-12-13T18:10:14","modified_gmt":"2025-12-13T18:10:14","slug":"lauteur-de-rouen-sebastien-monod-sort-trois-livres-pour-les-fetes-et-explore-le-repertoire-de-daho","status":"publish","type":"post","link":"https:\/\/www.europesays.com\/fr\/597270\/","title":{"rendered":"L&rsquo;auteur de Rouen S\u00e9bastien Monod sort trois livres pour les f\u00eates et explore le r\u00e9pertoire de Daho"},"content":{"rendered":"<p>                    Par<br \/>\n        <strong><br \/>\n            <a href=\"https:\/\/actu.fr\/auteur\/laredaction\" title=\"Consulter tous les articles de R\u00e9daction Normandie\" target=\"_blank\" rel=\"noopener\">R\u00e9daction Normandie<\/a><br \/>\n                    <\/strong><\/p>\n<p>        Publi\u00e9 le<\/p>\n<p>            13 d\u00e9c. 2025 \u00e0 17h16        <\/p>\n<p>Pour son premier job, S\u00e9bastien Monod, originaire de <a href=\"https:\/\/actu.fr\/normandie\/bois-guillaume_76108\" target=\"_blank\" rel=\"noopener\">Bois-Guillaume<\/a>, a \u00e9t\u00e9 coresponsable d\u2019une agence locale de notre confr\u00e8re Paris Normandie. Fin 1999, <strong>il est entr\u00e9 dans le monde de l\u2019\u00e9dition<\/strong> en collaborant \u00e0 l\u2019\u00e9criture d\u2019une s\u00e9rie litt\u00e9raire en 10 tomes : \u00ab C\u2019\u00e9tait une commande, pas une \u0153uvre personnelle. Je me suis bien amus\u00e9 et surtout, \u00e7a a bien march\u00e9 \u00bb. Mais le go\u00fbt de l\u2019\u00e9criture \u00e9tait l\u00e0 et en 2005, il publie son premier roman, Rue des deux Anges.<\/p>\n<p>Plus d\u2019une vingtaine d\u2019ouvrages en 20\u00a0ans<\/p>\n<p class=\" wall-content\">\u00ab Cela a \u00e9t\u00e9 difficile, car j\u2019y ai mis toutes les erreurs de jeunesse. Mais \u00e0 sa publication, assez vite, j\u2019ai senti une sorte d\u2019engouement, notamment dans les m\u00e9dias. C\u2019\u00e9tait lanc\u00e9 \u00bb, confie S\u00e9bastien Monod.<\/p>\n<p class=\" wall-content\">En 20 ans de carri\u00e8re, l\u2019auteur boisguillaumais va ainsi \u00e9crire plus d\u2019une vingtaine d\u2019ouvrages et recevoir de nombreux prix. Ses grands succ\u00e8s, il va les vivre en 2017 avec Montgomery Clift, l\u2019enfer du d\u00e9cor, aux \u00c9ditions LettMotif, pour lequel il a m\u00eame \u00e9t\u00e9 gratifi\u00e9 d\u2019un 3T dans T\u00e9l\u00e9rama et surtout, en 2021, avec Daho Vision, chez M\u00e9diapop \u00c9ditions et Chicmedias \u00c9ditions.<\/p>\n<p>Fan d\u2019\u00c9tienne Daho<\/p>\n<p class=\" wall-content\">\u00ab Les gens savaient que j\u2019\u00e9tais fan d\u2019\u00c9tienne Daho. J\u2019ai cr\u00e9\u00e9 un groupe sur Facebook qui lui est consacr\u00e9, Pop Zone. De nombreuses personnes s\u2019\u00e9tonnaient que je n\u2019aie pas encore \u00e9crit de livre sur lui. Pour moi, il y a en avait d\u00e9j\u00e0. Pour avoir cette pr\u00e9tention, il fallait faire autrement. Alors, j\u2019ai remarqu\u00e9 qu\u2019\u00c9tienne Daho avait souvent convoqu\u00e9 sa culture personnelle dans l\u2019\u00e9criture de ses chansons, la r\u00e9alisation de ses clips, sur les pochettes de ses disques. Il y avait des \u0153uvres qui ressortaient \u00bb, explique l\u2019auteur.<\/p>\n<p class=\" wall-content\">D\u00e9but 2020, il a alors pris des notes jusqu\u2019\u00e0 avoir 80 pages. Pendant le premier confinement, il a \u00e9crit ce livre sur la vie de Daho \u00e0 travers ses r\u00e9f\u00e9rences. \u00ab J\u2019ai contact\u00e9 \u00c9tienne pour une interview qu\u2019il a accept\u00e9e tout de suite. Lui-m\u00eame \u00e9tait confin\u00e9. \u00c0 sa sortie, il l\u2019a lu et a relay\u00e9 l\u2019info sur ses r\u00e9seaux sociaux et son site. Il m\u2019a f\u00e9licit\u00e9 en m\u2019indiquant que pour lui, c\u2019\u00e9tait le livre ultime sur son travail. J\u2019avais r\u00e9ussi mon travail. Le livre a alors v\u00e9cu et vit encore. \u00bb<\/p>\n<p>Plong\u00e9e dans quarante chansons<\/p>\n<p class=\" wall-content\">En 2023, S\u00e9bastien Monod sort un deuxi\u00e8me opus, Daho, l\u2019attraction des arts, aux \u00c9ditions des Deux Anges : \u00ab Il y avait encore des choses \u00e0 dire sur sa carri\u00e8re \u00bb. M\u00eame s\u2019il refuse d\u2019\u00eatre estampill\u00e9 comme le sp\u00e9cialiste, les \u00c9ditions Hugo Publishing, dans le cadre de la collection Une vie, une chanson, le contactent en 2024 pour raconter les histoires de chansons embl\u00e9matiques d\u2019\u00c9tienne Daho : comment sont-elles n\u00e9es ? Pourquoi ? Dans quel contexte ? Comment ont-elles \u00e9t\u00e9 re\u00e7ues ? Donner des anecdotes, etc. Le tout sans voyeurisme.<\/p>\n<p>Votre r\u00e9gion, votre actu !<\/p>\n<p>Recevez chaque jour les infos qui comptent pour vous.<\/p>\n<p>\t<a href=\"https:\/\/actu.fr\/newsletter\" class=\"ac-btn ac-btn--corner ac-btn--medium ac-btn--blue800\" target=\"_blank\" rel=\"noopener\">S&rsquo;incrire<\/a><\/p>\n<p class=\" wall-content\">\u00ab Cela n\u2019avait rien \u00e0 voir avec ce que j\u2019ai fait auparavant. J\u2019ai accept\u00e9. J\u2019ai choisi quarante chansons. De grands tubes comme Week-end \u00e0 Rome ou encore Comme un Boomerang, mais aussi des plus intimes dont La Baie, \u00e9crite avec le Havrais J\u00e9r\u00f4me Soligny ou L\u2019Homme qui marche. Une nouvelle fois, \u00c9tienne Daho a accept\u00e9 de participer ainsi que ses nombreux collaborateurs \u00bb, raconte S\u00e9bastien Monod.<\/p>\n<p>Des id\u00e9es de cadeaux pour No\u00ebl<\/p>\n<p class=\" wall-content\">Exceptionnel cadeau de No\u00ebl pour les fans, Daho, une Vie en chansons, est sorti le 13\u00a0novembre et est disponible dans toutes les librairies, Fnac et centres culturels. Mais, ce n\u2019est pas tout, car S\u00e9bastien Monod a un hiver bien charg\u00e9. Tout d\u2019abord, depuis septembre, l\u2019\u00e9crivain normand a republi\u00e9 Rue des deux Anges : \u00ab Je l\u2019ai relu et corrig\u00e9 un peu. Beaucoup de lecteurs \u00e9taient frustr\u00e9s, parce que le livre n\u2019\u00e9tait plus disponible depuis longtemps. 20 ans, c\u2019est un anniversaire pour me faire plaisir \u00bb.<\/p>\n<p>Sortie de son dernier roman<\/p>\n<p class=\" wall-content\">Son dernier roman, Les Voiles de la libert\u00e9, est aussi sorti r\u00e9cemment chez Asmod\u00e9e Edern, une maison d\u2019\u00e9dition bruxelloise. Un ouvrage qui n\u2019a rien \u00e0 voir avec le grand rassemblement rouennais de voiliers : \u00ab C\u2019est une histoire qui se passe en 1731 et \u00e9voque deux femmes qui se d\u00e9guisent pour travailler \u00e0 bord de navires. L\u2019une d\u2019elles va devenir pirate. C\u2019est une fiction tir\u00e9e de faits historiques que j\u2019ai d\u00e9couverts lors d\u2019une conf\u00e9rence \u00e0 Ouessant. Cela m\u2019a captiv\u00e9 de travailler sur ce sujet et les premiers retours sont dithyrambiques : c\u2019est une aventure o\u00f9 on respire, qui a du rythme \u00bb, conclut l\u2019auteur.<\/p>\n<p>Daho, une vie en chansons, de S\u00e9bastien Monod chez Hugo Publishing \u2013 312 pages \u2013 17,50 euros. Rue des deux Anges, de S\u00e9bastien Monod, en auto\u00e9dition (<a href=\"https:\/\/actu.fr\/cdn-cgi\/l\/email-protection\" class=\"__cf_email__\" data-cfemail=\"b6c5d3d4d7c5c2dfd3d8dbd9d8d9d28180f6d1dbd7dfda98d5d9db\" target=\"_blank\" rel=\"noopener\">[email\u00a0protected]<\/a>) \u2013 160 pages \u2013 18 euros. Les Voiles de la libert\u00e9, de S\u00e9bastien Monod aux \u00c9ditions Asmod\u00e9e Edern \u2013 160 pages \u2013 21 euros.Suivez l\u2019actualit\u00e9 de Rouen <a href=\"https:\/\/www.whatsapp.com\/channel\/0029VaKfnf99hXF2ddApFB1D\" target=\"_blank\" rel=\"noopener\">sur notre cha\u00eene WhatsApp<\/a> et <a href=\"https:\/\/www.tiktok.com\/@76actu.fr?lang=fr\" target=\"_blank\" rel=\"noopener\">sur notre compte TikTok<\/a><\/p>\n<p class=\" wall-content\">Personnalisez votre actualit\u00e9 en ajoutant vos villes et m\u00e9dias en favori avec <a href=\"https:\/\/moncompte.actu.fr\" title=\"D\u00e9couvez Mon Actu\" rel=\"nofollow noopener\" data-trk=\"{&quot;cta&quot;:{&quot;action&quot;:&quot;https:\\\/\\\/moncompte.actu.fr&quot;,&quot;category&quot;:&quot;mon compte&quot;,&quot;from&quot;:&quot;article footer&quot;,&quot;name&quot;:&quot;Mon actu&quot;,&quot;type&quot;:&quot;cta&quot;}}\" target=\"_blank\">Mon Actu<\/a>.<\/p>\n<p>                    <script async src=\"\/\/www.tiktok.com\/embed.js\"><\/script><\/p>\n","protected":false},"excerpt":{"rendered":"Par R\u00e9daction Normandie Publi\u00e9 le 13 d\u00e9c. 2025 \u00e0 17h16 Pour son premier job, S\u00e9bastien Monod, originaire de&hellip;\n","protected":false},"author":2,"featured_media":597271,"comment_status":"","ping_status":"","sticky":false,"template":"","format":"standard","meta":{"footnotes":""},"categories":[9587],"tags":[1111,11,1777,674,1011,27,1380,1652,12,5161,25,9590],"class_list":{"0":"post-597270","1":"post","2":"type-post","3":"status-publish","4":"format-standard","5":"has-post-thumbnail","7":"category-rouen","8":"tag-actu","9":"tag-actualites","10":"tag-eu","11":"tag-europe","12":"tag-fr","13":"tag-france","14":"tag-livres","15":"tag-loisirs-culture","16":"tag-news","17":"tag-normandie","18":"tag-republique-francaise","19":"tag-rouen"},"share_on_mastodon":{"url":"https:\/\/pubeurope.com\/@fr\/115713607232788803","error":""},"_links":{"self":[{"href":"https:\/\/www.europesays.com\/fr\/wp-json\/wp\/v2\/posts\/597270","targetHints":{"allow":["GET"]}}],"collection":[{"href":"https:\/\/www.europesays.com\/fr\/wp-json\/wp\/v2\/posts"}],"about":[{"href":"https:\/\/www.europesays.com\/fr\/wp-json\/wp\/v2\/types\/post"}],"author":[{"embeddable":true,"href":"https:\/\/www.europesays.com\/fr\/wp-json\/wp\/v2\/users\/2"}],"replies":[{"embeddable":true,"href":"https:\/\/www.europesays.com\/fr\/wp-json\/wp\/v2\/comments?post=597270"}],"version-history":[{"count":0,"href":"https:\/\/www.europesays.com\/fr\/wp-json\/wp\/v2\/posts\/597270\/revisions"}],"wp:featuredmedia":[{"embeddable":true,"href":"https:\/\/www.europesays.com\/fr\/wp-json\/wp\/v2\/media\/597271"}],"wp:attachment":[{"href":"https:\/\/www.europesays.com\/fr\/wp-json\/wp\/v2\/media?parent=597270"}],"wp:term":[{"taxonomy":"category","embeddable":true,"href":"https:\/\/www.europesays.com\/fr\/wp-json\/wp\/v2\/categories?post=597270"},{"taxonomy":"post_tag","embeddable":true,"href":"https:\/\/www.europesays.com\/fr\/wp-json\/wp\/v2\/tags?post=597270"}],"curies":[{"name":"wp","href":"https:\/\/api.w.org\/{rel}","templated":true}]}}