{"id":597274,"date":"2025-12-13T18:12:22","date_gmt":"2025-12-13T18:12:22","guid":{"rendered":"https:\/\/www.europesays.com\/fr\/597274\/"},"modified":"2025-12-13T18:12:22","modified_gmt":"2025-12-13T18:12:22","slug":"la-motte-servolex-un-cours-dhistoire-sur-le-terrain-a-grenoble-pour-des-eleves-de-3e","status":"publish","type":"post","link":"https:\/\/www.europesays.com\/fr\/597274\/","title":{"rendered":"La Motte-Servolex. Un cours d\u2019histoire sur le terrain \u00e0 Grenoble pour des \u00e9l\u00e8ves de 3e"},"content":{"rendered":"<p>&#13;<br \/>\n              Le Dauphin\u00e9 Lib\u00e9r\u00e9  &#8211; &#13;<br \/>\n        &#13;<br \/>\n          Aujourd&rsquo;hui \u00e0 18:51&#13;<br \/>\n    &#13;<br \/>\n        &#8211; Temps de lecture : &#13;<br \/>\n  &#13;\n<\/p>\n<p>                        &#13;<br \/>\n    &#13;<br \/>\n    &#13;<br \/>\n    <a href=\"https:\/\/cdn-s-www.ledauphine.com\/images\/183ee3a7-d518-4768-87fb-dbe7b09a025e\/NW_raw\/les-eleves-de-3-e-du-lycee-professionnel-sainte-anne-ont-beneficie-ce-jeudi-11-decembre-d-une-sortie-a-grenoble-dans-le-cadre-d-un-projet-en-partie-subventionne-par-la-region-au-programme-notamment-une-decouverte-du-musee-de-la-resistance-qui-a-permis-aux-jeunes-de-reviser-leurs-cours-d-histoire-sur-la-deuxieme-guerre-mondiale-photo-lycee-sainte-anne-1765648348.jpg\" title=\"Les \u00e9l\u00e8ves de 3 e\u00a0du lyc\u00e9e professionnel Sainte-Anne ont b\u00e9n\u00e9fici\u00e9 ce jeudi 11\u00a0d\u00e9cembre d\u2019une sortie \u00e0 Grenoble, dans le cadre d\u2019un projet en partie subventionn\u00e9 par la R\u00e9gion. Au programme notamment, une d\u00e9couverte du mus\u00e9e de la r\u00e9sistance, qui a permis aux jeunes de r\u00e9viser leurs cours d\u2019histoire sur la Deuxi\u00e8me Guerre mondiale.  Photo lyc\u00e9e Sainte-Anne\" class=\"chocolat-image GA-tracking\" data-ga_type=\"click\" data-ga_category=\"D\u00e9tail\" data-ga_action=\"zoomer\" data-ga_label=\"aggrandir image\" target=\"_blank\" rel=\"noopener\">&#13;<br \/>\n        <img src=\"https:\/\/www.europesays.com\/fr\/wp-content\/uploads\/2025\/12\/les-eleves-de-3-e-du-lycee-professionnel-sainte-anne-ont-beneficie-ce-jeudi-11-decembre-d-une-sortie.jpeg\"   alt=\"Les \u00e9l\u00e8ves de 3 e\u00a0du lyc\u00e9e professionnel Sainte-Anne ont b\u00e9n\u00e9fici\u00e9 ce jeudi 11\u00a0d\u00e9cembre d\u2019une sortie \u00e0 Grenoble, dans le cadre d\u2019un projet en partie subventionn\u00e9 par la R\u00e9gion. Au programme notamment, une d\u00e9couverte du mus\u00e9e de la r\u00e9sistance, qui a permis aux jeunes de r\u00e9viser leurs cours d\u2019histoire sur la Deuxi\u00e8me Guerre mondiale.  Photo lyc\u00e9e Sainte-Anne\" fetchpriority=\"high\" decoding=\"async\" data-mobile=\"NW_detail_M|1765648348\" data-base=\"NW_detail|1765648348\"\/>&#13;<br \/>\n    <\/a>&#13;<br \/>\n    Les \u00e9l\u00e8ves de 3 e\u00a0du lyc\u00e9e professionnel Sainte-Anne ont b\u00e9n\u00e9fici\u00e9 ce jeudi 11\u00a0d\u00e9cembre d\u2019une sortie \u00e0 Grenoble, dans le cadre d\u2019un projet en partie subventionn\u00e9 par la R\u00e9gion. Au programme notamment, une d\u00e9couverte du mus\u00e9e de la r\u00e9sistance, qui a permis aux jeunes de r\u00e9viser leurs cours d\u2019histoire sur la Deuxi\u00e8me Guerre mondiale.  Photo lyc\u00e9e Sainte-Anne<\/p>\n","protected":false},"excerpt":{"rendered":"&#13; Le Dauphin\u00e9 Lib\u00e9r\u00e9 &#8211; &#13; &#13; Aujourd&rsquo;hui \u00e0 18:51&#13; &#13; &#8211; Temps de lecture : &#13; &#13;&hellip;\n","protected":false},"author":2,"featured_media":597275,"comment_status":"","ping_status":"","sticky":false,"template":"","format":"standard","meta":{"footnotes":""},"categories":[9566],"tags":[1111,11,2430,3599,7001,1057,1777,674,1011,27,2731,7000,11447,12,25],"class_list":{"0":"post-597274","1":"post","2":"type-post","3":"status-publish","4":"format-standard","5":"has-post-thumbnail","7":"category-grenoble","8":"tag-actu","9":"tag-actualites","10":"tag-auvergne-rhone-alpes","11":"tag-college-lycee","12":"tag-edition-chambery-aix-les-bains","13":"tag-education","14":"tag-eu","15":"tag-europe","16":"tag-fr","17":"tag-france","18":"tag-grenoble","19":"tag-lagglomeration","20":"tag-la-motte-servolex","21":"tag-news","22":"tag-republique-francaise"},"share_on_mastodon":{"url":"https:\/\/pubeurope.com\/@fr\/115713616417798693","error":""},"_links":{"self":[{"href":"https:\/\/www.europesays.com\/fr\/wp-json\/wp\/v2\/posts\/597274","targetHints":{"allow":["GET"]}}],"collection":[{"href":"https:\/\/www.europesays.com\/fr\/wp-json\/wp\/v2\/posts"}],"about":[{"href":"https:\/\/www.europesays.com\/fr\/wp-json\/wp\/v2\/types\/post"}],"author":[{"embeddable":true,"href":"https:\/\/www.europesays.com\/fr\/wp-json\/wp\/v2\/users\/2"}],"replies":[{"embeddable":true,"href":"https:\/\/www.europesays.com\/fr\/wp-json\/wp\/v2\/comments?post=597274"}],"version-history":[{"count":0,"href":"https:\/\/www.europesays.com\/fr\/wp-json\/wp\/v2\/posts\/597274\/revisions"}],"wp:featuredmedia":[{"embeddable":true,"href":"https:\/\/www.europesays.com\/fr\/wp-json\/wp\/v2\/media\/597275"}],"wp:attachment":[{"href":"https:\/\/www.europesays.com\/fr\/wp-json\/wp\/v2\/media?parent=597274"}],"wp:term":[{"taxonomy":"category","embeddable":true,"href":"https:\/\/www.europesays.com\/fr\/wp-json\/wp\/v2\/categories?post=597274"},{"taxonomy":"post_tag","embeddable":true,"href":"https:\/\/www.europesays.com\/fr\/wp-json\/wp\/v2\/tags?post=597274"}],"curies":[{"name":"wp","href":"https:\/\/api.w.org\/{rel}","templated":true}]}}