{"id":597280,"date":"2025-12-13T18:17:32","date_gmt":"2025-12-13T18:17:32","guid":{"rendered":"https:\/\/www.europesays.com\/fr\/597280\/"},"modified":"2025-12-13T18:17:32","modified_gmt":"2025-12-13T18:17:32","slug":"lampertheim-une-trentaine-dexposants-au-rendez-vous-du-marche-de-noel","status":"publish","type":"post","link":"https:\/\/www.europesays.com\/fr\/597280\/","title":{"rendered":"Lampertheim. Une trentaine d\u2019exposants au rendez-vous du march\u00e9 de No\u00ebl"},"content":{"rendered":"<p>Le march\u00e9 de No\u00ebl de Lampertheim s\u2019est d\u00e9ploy\u00e9 sur la place du G\u00e9n\u00e9ral-de-Gaulle et dans la m\u00e9diath\u00e8que Mille et une pages, mitoyenne. Une trentaine d\u2019exposants au total ont occup\u00e9 chalets ou tonnelles sur la place, d\u2019autres ont pris leur quartier dans la m\u00e9diath\u00e8que.<\/p>\n<p>Le badaud a pu trouver un large \u00e9ventail d\u2019objets comme des bijoux tiss\u00e9s en perles Miyuki, des cristaux, des pierres, des d\u00e9corations&#8230;<\/p>\n","protected":false},"excerpt":{"rendered":"Le march\u00e9 de No\u00ebl de Lampertheim s\u2019est d\u00e9ploy\u00e9 sur la place du G\u00e9n\u00e9ral-de-Gaulle et dans la m\u00e9diath\u00e8que Mille&hellip;\n","protected":false},"author":2,"featured_media":597281,"comment_status":"","ping_status":"","sticky":false,"template":"","format":"standard","meta":{"footnotes":""},"categories":[2820],"tags":[1111,11,130,1687,33,2880,1777,674,1011,27,775,10462,2089,12,25,104,640,3265,1631],"class_list":{"0":"post-597280","1":"post","2":"type-post","3":"status-publish","4":"format-standard","5":"has-post-thumbnail","7":"category-strasbourg","8":"tag-actu","9":"tag-actualites","10":"tag-consommation","11":"tag-culture-loisirs","12":"tag-economie","13":"tag-edition-strasbourg","14":"tag-eu","15":"tag-europe","16":"tag-fr","17":"tag-france","18":"tag-grand-est","19":"tag-lampertheim","20":"tag-marche","21":"tag-news","22":"tag-republique-francaise","23":"tag-societe","24":"tag-strasbourg","25":"tag-strasbourg-nord","26":"tag-vie-associative"},"share_on_mastodon":{"url":"https:\/\/pubeurope.com\/@fr\/115713634746645922","error":""},"_links":{"self":[{"href":"https:\/\/www.europesays.com\/fr\/wp-json\/wp\/v2\/posts\/597280","targetHints":{"allow":["GET"]}}],"collection":[{"href":"https:\/\/www.europesays.com\/fr\/wp-json\/wp\/v2\/posts"}],"about":[{"href":"https:\/\/www.europesays.com\/fr\/wp-json\/wp\/v2\/types\/post"}],"author":[{"embeddable":true,"href":"https:\/\/www.europesays.com\/fr\/wp-json\/wp\/v2\/users\/2"}],"replies":[{"embeddable":true,"href":"https:\/\/www.europesays.com\/fr\/wp-json\/wp\/v2\/comments?post=597280"}],"version-history":[{"count":0,"href":"https:\/\/www.europesays.com\/fr\/wp-json\/wp\/v2\/posts\/597280\/revisions"}],"wp:featuredmedia":[{"embeddable":true,"href":"https:\/\/www.europesays.com\/fr\/wp-json\/wp\/v2\/media\/597281"}],"wp:attachment":[{"href":"https:\/\/www.europesays.com\/fr\/wp-json\/wp\/v2\/media?parent=597280"}],"wp:term":[{"taxonomy":"category","embeddable":true,"href":"https:\/\/www.europesays.com\/fr\/wp-json\/wp\/v2\/categories?post=597280"},{"taxonomy":"post_tag","embeddable":true,"href":"https:\/\/www.europesays.com\/fr\/wp-json\/wp\/v2\/tags?post=597280"}],"curies":[{"name":"wp","href":"https:\/\/api.w.org\/{rel}","templated":true}]}}