{"id":597288,"date":"2025-12-13T18:29:59","date_gmt":"2025-12-13T18:29:59","guid":{"rendered":"https:\/\/www.europesays.com\/fr\/597288\/"},"modified":"2025-12-13T18:29:59","modified_gmt":"2025-12-13T18:29:59","slug":"un-nouveau-college-iles-de-loire-repondant-aux-enjeux-environnementaux","status":"publish","type":"post","link":"https:\/\/www.europesays.com\/fr\/597288\/","title":{"rendered":"Un nouveau coll\u00e8ge \u00celes de Loire r\u00e9pondant aux enjeux environnementaux"},"content":{"rendered":"<p>Le D\u00e9partement de Loire-Atlantique investit 24\u00a0millions d\u2019euros dans la reconstruction du coll\u00e8ge public \u00celes de Loire \u00e0 Saint-S\u00e9bastien-sur-Loire. Les travaux, commenc\u00e9s en septembre\u00a02024, s\u2019ach\u00e8veront fin 2027.<\/p>\n<p>                                                <img decoding=\"async\" loading=\"lazy\" src=\"https:\/\/www.europesays.com\/fr\/wp-content\/uploads\/2025\/12\/Illes_de_Loire_IJ_web-760x396-c-default.jpg\"   width=\"760\" height=\"396\" alt=\"Le coll\u00e8ge \u00celes de Loire \u00e0 Saint-S\u00e9bastien-sur-Loire\" aria-describedby=\"caption-post-174393\"\/><\/p>\n<p id=\"caption-attachment-174393\" class=\"wp-caption-text\">Le coll\u00e8ge \u00celes de Loire \u00e0 Saint-S\u00e9bastien-sur-Loire NICOLAS LE PORT &#8211; IJ<\/p>\n<p>L\u2019op\u00e9ration engag\u00e9e par le D\u00e9partement avec le soutien de l\u2019\u00c9tat pour 2,6\u00a0millions d\u2019euros\u00a0se veut un exemple de r\u00e9ponse \u00ab\u00a0aux enjeux sociaux contemporains\u00a0et \u00e0 l\u2019adaptation au changement climatique\u00a0\u00bb et consiste \u00e0 reconstruire le coll\u00e8ge et ses trois logements de fonction sur une parcelle de 12\u00a0100\u00a0m2. Le futur \u00e9tablissement accueillera 720 \u00e9l\u00e8ves, soit 24 classes au lieu de 15 actuellement. L\u2019ancien\u00a0coll\u00e8ge avec sa structure m\u00e9tallique accueille\u00a0385 \u00e9l\u00e8ves jusqu\u2019\u00e0 la prochaine rentr\u00e9e.<\/p>\n<p>L\u2019agence nantaise K.Architectures, qui a r\u00e9cemment sign\u00e9 le coll\u00e8ge Ernest Renan \u00e0 Saint-Herblain, a mis en avant le bois qui repr\u00e9sente 60\u00a0% de la structure et assure presque enti\u00e8rement l\u2019isolation et l\u2019enveloppe ext\u00e9rieure, \u00ab\u00a0offrant non seulement la durabilit\u00e9 mais aussi le confort thermique et acoustique\u00a0\u00bb de l\u2019\u00e9tablissement. Si le b\u00e2timent repose sur un socle de b\u00e9ton, les \u00e9tages sont construits en bois et mat\u00e9riaux biosourc\u00e9s. Le coll\u00e8ge sera par ailleurs \u00e9quip\u00e9 d\u2019une chaufferie bois.<\/p>\n<p>Le chantier se d\u00e9roule en deux phases\u00a0: d\u2019une part la construction de ce nouveau b\u00e2timent principal dans lequel les \u00e9l\u00e8ves \u00e9tudieront \u00e0 partir de septembre\u00a02026, et d\u2019autre part, la d\u00e9construction des locaux actuels et la reconstruction de la salle polyvalente, des sanitaires et des trois logements de fonction ainsi que le r\u00e9am\u00e9nagement et la v\u00e9g\u00e9talisation de sa cour, dont la livraison est pr\u00e9vue fin 2027. Ce chantier mobilise une part importante des 39\u00a0millions d\u2019euros engag\u00e9s chaque ann\u00e9e par le D\u00e9partement pour la modernisation des coll\u00e8ges publics dont il a la charge.<\/p>\n","protected":false},"excerpt":{"rendered":"Le D\u00e9partement de Loire-Atlantique investit 24\u00a0millions d\u2019euros dans la reconstruction du coll\u00e8ge public \u00celes de Loire \u00e0 Saint-S\u00e9bastien-sur-Loire.&hellip;\n","protected":false},"author":2,"featured_media":597289,"comment_status":"","ping_status":"","sticky":false,"template":"","format":"standard","meta":{"footnotes":""},"categories":[2818],"tags":[1111,11,1777,674,1011,27,766,12,2636,25],"class_list":{"0":"post-597288","1":"post","2":"type-post","3":"status-publish","4":"format-standard","5":"has-post-thumbnail","7":"category-nantes","8":"tag-actu","9":"tag-actualites","10":"tag-eu","11":"tag-europe","12":"tag-fr","13":"tag-france","14":"tag-nantes","15":"tag-news","16":"tag-pays-de-la-loire","17":"tag-republique-francaise"},"share_on_mastodon":{"url":"https:\/\/pubeurope.com\/@fr\/115713686699138874","error":""},"_links":{"self":[{"href":"https:\/\/www.europesays.com\/fr\/wp-json\/wp\/v2\/posts\/597288","targetHints":{"allow":["GET"]}}],"collection":[{"href":"https:\/\/www.europesays.com\/fr\/wp-json\/wp\/v2\/posts"}],"about":[{"href":"https:\/\/www.europesays.com\/fr\/wp-json\/wp\/v2\/types\/post"}],"author":[{"embeddable":true,"href":"https:\/\/www.europesays.com\/fr\/wp-json\/wp\/v2\/users\/2"}],"replies":[{"embeddable":true,"href":"https:\/\/www.europesays.com\/fr\/wp-json\/wp\/v2\/comments?post=597288"}],"version-history":[{"count":0,"href":"https:\/\/www.europesays.com\/fr\/wp-json\/wp\/v2\/posts\/597288\/revisions"}],"wp:featuredmedia":[{"embeddable":true,"href":"https:\/\/www.europesays.com\/fr\/wp-json\/wp\/v2\/media\/597289"}],"wp:attachment":[{"href":"https:\/\/www.europesays.com\/fr\/wp-json\/wp\/v2\/media?parent=597288"}],"wp:term":[{"taxonomy":"category","embeddable":true,"href":"https:\/\/www.europesays.com\/fr\/wp-json\/wp\/v2\/categories?post=597288"},{"taxonomy":"post_tag","embeddable":true,"href":"https:\/\/www.europesays.com\/fr\/wp-json\/wp\/v2\/tags?post=597288"}],"curies":[{"name":"wp","href":"https:\/\/api.w.org\/{rel}","templated":true}]}}