{"id":59729,"date":"2025-04-28T16:59:09","date_gmt":"2025-04-28T16:59:09","guid":{"rendered":"https:\/\/www.europesays.com\/fr\/59729\/"},"modified":"2025-04-28T16:59:09","modified_gmt":"2025-04-28T16:59:09","slug":"le-but-est-decrire-une-page-de-lhistoire","status":"publish","type":"post","link":"https:\/\/www.europesays.com\/fr\/59729\/","title":{"rendered":"\u00abLe but est d\u2019\u00e9crire une page de l\u2019histoire\u00bb"},"content":{"rendered":"<p>Le coach parisien fait le point \u00e0 la veille de la demi-finale aller de Ligue des champions contre Arsenal, mardi, \u00e0 l\u2019Emirates Stadium.<\/p>\n<p class=\"fig-paragraph\">L\u2019heure de v\u00e9rit\u00e9. Apr\u00e8s\u00a0<a href=\"https:\/\/www.lefigaro.fr\/sports\/football\/ligue-1\/les-notes-de-psg-nice-bulka-superstar-sanson-beni-des-dieux-doue-passe-au-travers-20250425\" target=\"_blank\" data-fig-type=\"NewsFlash\" rel=\"noopener\" data-gtm-custom-categorie=\"navigation\" data-gtm-custom-action=\"crossclick\" data-gtm-custom-label=\"Contextuel\" data-gtm-event=\"customEventSPE\" data-fig-domain=\"LEFIGARO\">leur d\u00e9faite 1-3 contre Nice<\/a>, vendredi, les Parisiens ne d\u00e9barquent pas \u00e0 Londres dans les meilleures conditions pour y affronter Arsenal, mardi,\u00a0<a href=\"https:\/\/www.lefigaro.fr\/sports\/football\/ligue-des-champions\/calendrier-resultats\" target=\"_blank\" rel=\"noopener\" data-gtm-custom-categorie=\"navigation\" data-gtm-custom-action=\"crossclick\" data-gtm-custom-label=\"Contextuel\" data-gtm-event=\"customEventSPE\">en demi-finales aller des Ligue des champions<\/a>. La dynamique semble cass\u00e9e. Du moins, c\u2019est ce qu\u2019on peut croire. Ce n\u2019est toutefois pas l\u2019avis de Luis Enrique, qui s\u2019en est expliqu\u00e9 en conf\u00e9rence de presse ce lundi, dans le stade des Gunners.<\/p>\n<p class=\"fig-paragraph\"><strong>Le match de mardi (21h) contre Arsenal<\/strong>\u00a0: \u00ab\u00c7a reste une demie de C1, un match comme les autres, deux gardiens, deux surfaces de r\u00e9paration, deux adversaires qui veulent gagner. La cl\u00e9, c\u2019est la gestion des diff\u00e9rents moments de la rencontre. Il faudra savoir g\u00e9rer au mieux tout cela. Ce sera le plus important.\u00bb<\/p>\n<p class=\"fig-paragraph\"><strong>Arsenal <\/strong>: \u00abC\u2019est l\u2019une des meilleures \u00e9quipes d\u2019Europe, Mikel Arteta fait un travail remarquable. Les quatre \u00e9quipes m\u00e9ritent d\u2019\u00eatre l\u00e0. Je ne sais pas si ce sont les quatre meilleures d\u2019Europe. Mon \u00e9quipe me pla\u00eet, c\u2019est pour cela que je suis ici. C\u2019est dur de jouer ici face \u00e0 cette \u00e9quipe. Certains aimeront plus Arsenal, d\u2019autres, Paris.\u00bb<\/p>\n<p class=\"fig-paragraph\"><strong>Ce qui a chang\u00e9 depuis le match du 1er octobre (victoires des Gunners 2-0)<\/strong>\u00a0: \u00abC\u2019\u00e9tait il y a sept ou huit mois. J\u2019ai revu ce match et donc l\u2019\u00e9volution de l\u2019\u00e9quipe. On est meilleurs, on l\u2019a montr\u00e9 sur la comp\u00e9tition. On a d\u00e9j\u00e0 jou\u00e9 des matchs qui auraient pu \u00eatre des finales de C1 lors de la phase de ligue. C\u2019est finalement positif parce que \u00e7a permet d\u2019augmenter le niveau. Mais aujourd\u2019hui, on est une \u00e9quipe plus compl\u00e8te. Le but est d\u2019\u00e9crire une page de l\u2019histoire, il n\u2019y a qu\u2019un chemin pour cela.\u00bb<\/p>\n<p class=\"fig-paragraph\"><strong>La mauvaise passe du PSG<\/strong>\u00a0: \u00ab\u00c7a montre le climat positif qui nous entoure (sourire). Non, \u00e7a ne m\u2019inqui\u00e8te pas.\u00bb<\/p>\n<p class=\"fig-paragraph\"><strong>Vitinha mardi d\u00e9terminant contre Arsenal<\/strong>\u00a0: \u00abTous les joueurs sont importants, qui sait qui sera important demain (mardi)\u2026 Le PSG et Arsenal se ressemblent, c\u2019est une \u00e9quipe qui d\u00e9fend et attaque ensemble, des individualit\u00e9s de haut niveau mais aucun joueur dont elle est d\u00e9pendante. Vitinha juge ses propres performances moins bonnes en ce moment\u00a0? S\u2019il l\u2019a dit, OK, ce sont ses mots. Tous les joueurs doivent \u00eatre exigeants mais je pense que Vitinha et tous ses co\u00e9quipiers ont un haut niveau.\u00bb<\/p>\n<p class=\"fig-paragraph\"><strong>Arsenal, la plus forte \u00e9quipe rencontr\u00e9e par le PSG<\/strong>\u00a0: \u00abC\u2019est dur \u00e0 dire. C\u2019est l\u2019une des meilleures, c\u2019est s\u00fbr, ils sont deuxi\u00e8mes au classement de Premier League. C\u2019est l\u2019une des meilleures \u00e9quipes, et nous aussi.\u00bb<\/p>\n<p class=\"fig-paragraph\"><strong>Le climat n\u00e9gatif autour du PSG et l\u2019\u00e9tat d\u2019esprit du groupe<\/strong>\u00a0: \u00abL\u2019\u00e9tat d\u2019esprit du groupe est exceptionnel. Je suis le plus triste du groupe, imaginez les autres. Je ne parle pas du club, supporters, staff, mais plut\u00f4t dans les questions des journalistes, mais je peux me tromper.\u00bb<\/p>\n<p class=\"fig-body-link\">\n            \u00c0 lire aussi<br \/>\n        <a class=\"fig-body-link__link fig-premium-mark\" href=\"http:\/\/www.lefigaro.fr\/sports\/football\/ligue-des-champions\/ligue-des-champions-avant-arsenal-psg-l-ombre-d-un-doute-pour-les-parisiens-20250428\" data-fig-type=\"Article\" data-gtm-custom-categorie=\"navigation\" data-gtm-custom-action=\"crossclick\" data-gtm-custom-label=\"Contextuel\" data-gtm-event=\"customEventSPE\" data-fig-domain=\"LEFIGARO\" target=\"_blank\" rel=\"noopener\">Ligue des champions\u00a0: avant Arsenal-PSG, l\u2019ombre d\u2019un doute pour les Parisiens<br \/>\n    <\/a>\n<\/p>\n<p class=\"fig-paragraph\"><strong>La forme de D\u00e9sir\u00e9 Dou\u00e9<\/strong>\u00a0: \u00abComme les autres, tout le monde est disponible.\u00bb<\/p>\n<blockquote class=\"fig-quote&#10;    \">\n<p class=\"fig-quote__text\">On travaille tous les aspects du jeu, sinon, vous croyez qu\u2019on m\u2019aurait donn\u00e9 ma licence d\u2019entra\u00eeneur<\/p>\n<p>            Luis Enrique\n    <\/p><\/blockquote>\n<p class=\"fig-paragraph\"><strong>Les coups de pied arr\u00eat\u00e9s <\/strong>: \u00abOn travaille tous les aspects du jeu, sinon, vous croyez qu\u2019on m\u2019aurait donn\u00e9 ma licence d\u2019entra\u00eeneur (sourire)\u00a0?\u00bb<\/p>\n<p class=\"fig-paragraph\"><strong>Les enseignements de la demie de la saison derni\u00e8re contre Dortmund<\/strong>\u00a0: \u00abC\u2019est dur de comparer. Ce sont des matchs marquants. On va commencer par un match \u00e0 l\u2019ext\u00e9rieur mais ce sont deux adversaires diff\u00e9rents, m\u00eame si c\u2019est le m\u00eame moment, on veut passer une \u00e9tape suppl\u00e9mentaire.\u00bb<\/p>\n<p class=\"fig-paragraph\"><strong>La pression<\/strong>\u00a0: \u00abC\u2019est compliqu\u00e9 \u00e0 g\u00e9rer, il faut \u00eatre exigeant. La pression ne nous \u00e9touffe pas, on la g\u00e8re bien, on est une \u00e9quipe ambitieuse. On veut marquer l\u2019histoire, faire ce que d\u2019autres n\u2019ont pas fait avant, c\u2019est une belle pression. Je vois l\u2019\u00e9quipe en confiance. Il y a des moments o\u00f9 on est moins brillants, mais \u00e7a peut arriver. Je me suis promen\u00e9 ces derniers jours et le retour des gens est positif, les gens demandent une belle trajectoire, pas la victoire obligatoire. Arsenal ou le PSG sera en position d\u2019\u00eatre en finale et de gagner la Ligue des champions, j\u2019esp\u00e8re que ce sera nous.\u00bb<\/p>\n<p class=\"fig-paragraph\"><strong>Un troisi\u00e8me club anglais apr\u00e8s Liverpool et Aston Villa<\/strong>\u00a0: \u00abSi c\u2019est bon pour la confiance\u00a0? Je ne sais pas, c\u2019est peut-\u00eatre une question pour Arteta (sourire). C\u2019est positif pour nous en termes de confiance. Liverpool a gagn\u00e9 le championnat anglais. Mais \u00e7a ne veut rien dire car tous les matchs sont diff\u00e9rents. On est confiants, on a h\u00e2te de jouer la demi-finale.\u00bb<\/p>\n<p class=\"fig-paragraph\">Propos recueillis en conf\u00e9rence de presse<\/p>\n","protected":false},"excerpt":{"rendered":"Le coach parisien fait le point \u00e0 la veille de la demi-finale aller de Ligue des champions contre&hellip;\n","protected":false},"author":2,"featured_media":59730,"comment_status":"","ping_status":"","sticky":false,"template":"","format":"standard","meta":{"footnotes":""},"categories":[1412],"tags":[5357,4791,786,525,448,1981,1089,814,1451,2257,63,1452,1453,1454,1455,1011,27,2705,447,1307,3490,921,955,4589,4789,93,4790,1980,60,455],"class_list":{"0":"post-59729","1":"post","2":"type-post","3":"status-publish","4":"format-standard","5":"has-post-thumbnail","7":"category-f1","8":"tag-arsenal","9":"tag-barcelone","10":"tag-c1","11":"tag-calendrier","12":"tag-champions-league","13":"tag-classement","14":"tag-coupe-deurope","15":"tag-direct","16":"tag-f1","17":"tag-foot","18":"tag-football","19":"tag-formula-1","20":"tag-formula1","21":"tag-formule-1","22":"tag-formule1","23":"tag-fr","24":"tag-france","25":"tag-groupe","26":"tag-ligue-des-champions","27":"tag-lille","28":"tag-liverpool","29":"tag-luis-enrique","30":"tag-match","31":"tag-phase-finale","32":"tag-poule","33":"tag-psg","34":"tag-real-madrid","35":"tag-resultats","36":"tag-sports","37":"tag-uefa"},"share_on_mastodon":{"url":"https:\/\/pubeurope.com\/@fr\/114416658919639854","error":""},"_links":{"self":[{"href":"https:\/\/www.europesays.com\/fr\/wp-json\/wp\/v2\/posts\/59729","targetHints":{"allow":["GET"]}}],"collection":[{"href":"https:\/\/www.europesays.com\/fr\/wp-json\/wp\/v2\/posts"}],"about":[{"href":"https:\/\/www.europesays.com\/fr\/wp-json\/wp\/v2\/types\/post"}],"author":[{"embeddable":true,"href":"https:\/\/www.europesays.com\/fr\/wp-json\/wp\/v2\/users\/2"}],"replies":[{"embeddable":true,"href":"https:\/\/www.europesays.com\/fr\/wp-json\/wp\/v2\/comments?post=59729"}],"version-history":[{"count":0,"href":"https:\/\/www.europesays.com\/fr\/wp-json\/wp\/v2\/posts\/59729\/revisions"}],"wp:featuredmedia":[{"embeddable":true,"href":"https:\/\/www.europesays.com\/fr\/wp-json\/wp\/v2\/media\/59730"}],"wp:attachment":[{"href":"https:\/\/www.europesays.com\/fr\/wp-json\/wp\/v2\/media?parent=59729"}],"wp:term":[{"taxonomy":"category","embeddable":true,"href":"https:\/\/www.europesays.com\/fr\/wp-json\/wp\/v2\/categories?post=59729"},{"taxonomy":"post_tag","embeddable":true,"href":"https:\/\/www.europesays.com\/fr\/wp-json\/wp\/v2\/tags?post=59729"}],"curies":[{"name":"wp","href":"https:\/\/api.w.org\/{rel}","templated":true}]}}