{"id":597290,"date":"2025-12-13T18:32:18","date_gmt":"2025-12-13T18:32:18","guid":{"rendered":"https:\/\/www.europesays.com\/fr\/597290\/"},"modified":"2025-12-13T18:32:18","modified_gmt":"2025-12-13T18:32:18","slug":"marche-de-noel-de-nantes-ou-trouver-le-verre-de-vin-chaud-le-moins-cher","status":"publish","type":"post","link":"https:\/\/www.europesays.com\/fr\/597290\/","title":{"rendered":"March\u00e9 de No\u00ebl de Nantes : o\u00f9 trouver le verre de vin chaud le moins cher ?"},"content":{"rendered":"<p>13 d\u00e9cembre 2025<\/p>\n<p>\u00b7 Article sponsoris\u00e9<\/p>\n<p><img fetchpriority=\"high\" width=\"527\" height=\"264\" src=\"https:\/\/www.europesays.com\/fr\/wp-content\/uploads\/2025\/12\/vin-chaud-au-levrette-cafe-527x264.png\" class=\"attachment-csco-thumbnail-uncropped size-csco-thumbnail-uncropped wp-post-image\" alt=\"Chants de No\u00ebl, tenues festives et ambiance chaleureuse \u00e0 Big City Nantes pour les f\u00eates de fin d'ann\u00e9e.\" decoding=\"async\"  \/>\t<img loading=\"lazy\" width=\"1044\" height=\"522\" src=\"https:\/\/www.europesays.com\/fr\/wp-content\/uploads\/2025\/12\/vin-chaud-au-levrette-cafe-1044x522.png\" class=\"attachment-csco-large-uncropped size-csco-large-uncropped wp-post-image\" alt=\"Chants de No\u00ebl, tenues festives et ambiance chaleureuse \u00e0 Big City Nantes pour les f\u00eates de fin d'ann\u00e9e.\" decoding=\"async\"  \/><\/p>\n<p>\nCr\u00e9dit : levrette cafe\u0301<\/p>\n<p>Nous nous sommes rendus sur le march\u00e9 de No\u00ebl \u00e0 la recherche des vins chauds qui te r\u00e9galent sans te vider les poches\u2026 Et c\u2019est le Levrette Caf\u00e9 qui propose les verres de vin chaud les plus rentables \u00e0 4,5 euros les 25 cl. Et on ne peut que t\u2019encourager \u00e0 profiter du stand du Levrette Caf\u00e9 sur le march\u00e9, qui en plus du vin chaud assembl\u00e9 par un vigneron bordelais (garanti sans sucres ajout\u00e9s), propose de tr\u00e8s bons chocolats chauds, de bonnes bi\u00e8res et de jolis coffrets de No\u00ebl.<\/p>\n<p>March\u00e9 de No\u00ebl : un vin chaud \u00e0 4,50\u20ac sur le stand du Levrette Caf\u00e9 Nantes<\/p>\n<blockquote class=\"instagram-media\" data-instgrm-permalink=\"https:\/\/www.instagram.com\/reel\/DSM44MTCJT3\/?utm_source=ig_embed&amp;utm_campaign=loading\" data-instgrm-version=\"14\" style=\"background:#FFF;border:0;border-radius:3px;margin: 1px;max-width:540px;min-width:326px;padding:0;width:99.375%;width:-webkit-calc(100% - 2px);width:calc(100% - 2px)\"\/>\n<p>Le Levrette Caf\u00e9, le bar insolite situ\u00e9 sur une p\u00e9niche sur l\u2019\u00eele de Nantes est pr\u00e9sent sur le march\u00e9 de No\u00ebl (juste \u00e0 c\u00f4t\u00e9 des marrons chauds, place royale.)<\/p>\n<p>Entre vin chaud, bi\u00e8res artisanales, chocolat chaud, coffrets cadeaux, tu as largement de quoi trouver de bonnes id\u00e9es cadeaux et profiter de l\u2019esprit de No\u00ebl.<\/p>\n<p>L\u2019abus d\u2019alcool est dangereux pour la sant\u00e9, \u00e0 consommer avec mod\u00e9ration.<\/p>\n<p><script async src=\"\/\/www.instagram.com\/embed.js\"><\/script><\/p>\n","protected":false},"excerpt":{"rendered":"13 d\u00e9cembre 2025 \u00b7 Article sponsoris\u00e9 Cr\u00e9dit : levrette cafe\u0301 Nous nous sommes rendus sur le march\u00e9 de&hellip;\n","protected":false},"author":2,"featured_media":597291,"comment_status":"","ping_status":"","sticky":false,"template":"","format":"standard","meta":{"footnotes":""},"categories":[2818],"tags":[1111,11,1777,674,1011,27,766,12,2636,25],"class_list":{"0":"post-597290","1":"post","2":"type-post","3":"status-publish","4":"format-standard","5":"has-post-thumbnail","7":"category-nantes","8":"tag-actu","9":"tag-actualites","10":"tag-eu","11":"tag-europe","12":"tag-fr","13":"tag-france","14":"tag-nantes","15":"tag-news","16":"tag-pays-de-la-loire","17":"tag-republique-francaise"},"share_on_mastodon":{"url":"https:\/\/pubeurope.com\/@fr\/115713695271860728","error":""},"_links":{"self":[{"href":"https:\/\/www.europesays.com\/fr\/wp-json\/wp\/v2\/posts\/597290","targetHints":{"allow":["GET"]}}],"collection":[{"href":"https:\/\/www.europesays.com\/fr\/wp-json\/wp\/v2\/posts"}],"about":[{"href":"https:\/\/www.europesays.com\/fr\/wp-json\/wp\/v2\/types\/post"}],"author":[{"embeddable":true,"href":"https:\/\/www.europesays.com\/fr\/wp-json\/wp\/v2\/users\/2"}],"replies":[{"embeddable":true,"href":"https:\/\/www.europesays.com\/fr\/wp-json\/wp\/v2\/comments?post=597290"}],"version-history":[{"count":0,"href":"https:\/\/www.europesays.com\/fr\/wp-json\/wp\/v2\/posts\/597290\/revisions"}],"wp:featuredmedia":[{"embeddable":true,"href":"https:\/\/www.europesays.com\/fr\/wp-json\/wp\/v2\/media\/597291"}],"wp:attachment":[{"href":"https:\/\/www.europesays.com\/fr\/wp-json\/wp\/v2\/media?parent=597290"}],"wp:term":[{"taxonomy":"category","embeddable":true,"href":"https:\/\/www.europesays.com\/fr\/wp-json\/wp\/v2\/categories?post=597290"},{"taxonomy":"post_tag","embeddable":true,"href":"https:\/\/www.europesays.com\/fr\/wp-json\/wp\/v2\/tags?post=597290"}],"curies":[{"name":"wp","href":"https:\/\/api.w.org\/{rel}","templated":true}]}}