{"id":597294,"date":"2025-12-13T18:34:34","date_gmt":"2025-12-13T18:34:34","guid":{"rendered":"https:\/\/www.europesays.com\/fr\/597294\/"},"modified":"2025-12-13T18:34:34","modified_gmt":"2025-12-13T18:34:34","slug":"direct-montlouis-concede-legalisation-face-aux-girondins-de-bordeaux","status":"publish","type":"post","link":"https:\/\/www.europesays.com\/fr\/597294\/","title":{"rendered":"DIRECT. Montlouis conc\u00e8de l&rsquo;\u00e9galisation face aux Girondins de Bordeaux"},"content":{"rendered":"<p>Ce direct est assur\u00e9 par les journalistes du service des sports de La Nouvelle R\u00e9publique.<\/p>\n<p><strong>FC Montlouis\u00a0&#8211; Girondins de Bordeaux : 1-1<\/strong><\/p>\n<p>Premi\u00e8re mi-temps<\/p>\n<p><strong>26e. <\/strong>Et l&rsquo;\u00e9galisation pour Bordeaux ! Apr\u00e8s une belle combinaison c\u00f4t\u00e9 gauche, Shamal ajuste un bon centre \u00e0 ras de terre pour Openda, qui frappe et trompe cette fois Goda.<\/p>\n<p><strong>24e. <\/strong>Sur un ballon repouss\u00e9, Benbella h\u00e9rite du cuir plein axe \u00e0 l&rsquo;entr\u00e9e de la surface, il tente une frappe mais la d\u00e9fense girondine s&rsquo;interpose bien sur la trajectoire.<\/p>\n<p><strong>20e. <\/strong>Si Montlouis a profit\u00e9 de l&rsquo;euphorie pour mettre la pression sur Bordeaux, les Girondins ont vite repris la possession. Mais les locaux restent pour l&rsquo;instant bien en place pour maintenir leurs adversaires \u00e0 distance.<\/p>\n<p><strong>11e.<\/strong> BUT ! L&rsquo;ouverture du score pour Montlouis ! Alors que les Frelons \u00e9taient sevr\u00e9s de ballon, ils ont fait preuve d&rsquo;un r\u00e9alisme pur : Hidasse, c\u00f4t\u00e9 droit, adresse un centre enroul\u00e9 somptueux du pied gauche qui trouve la t\u00eate de Mond\u00e9sir dans la course, lequel crucifie le gardien bordelais \u00e0 bout portant.<\/p>\n<p><img alt=\"Alan Mond\u00e9sir a ouvert le score d'un coup de t\u00eate bien plac\u00e9.\" loading=\"lazy\" width=\"980\" height=\"573\" decoding=\"async\" data-nimg=\"1\" class=\"img-responsive spinner-show \" style=\"color:transparent;background-size:cover;background-position:50% 50%;background-repeat:no-repeat;background-image:url(&quot;data:image\/svg+xml;charset=utf-8,%3Csvg xmlns='http:\/\/www.w3.org\/2000\/svg' viewBox='0 0 980 573'%3E%3Cfilter id='b' color-interpolation-filters='sRGB'%3E%3CfeGaussianBlur stdDeviation='20'\/%3E%3CfeColorMatrix values='1 0 0 0 0 0 1 0 0 0 0 0 1 0 0 0 0 0 100 -1' result='s'\/%3E%3CfeFlood x='0' y='0' width='100%25' height='100%25'\/%3E%3CfeComposite operator='out' in='s'\/%3E%3CfeComposite in2='SourceGraphic'\/%3E%3CfeGaussianBlur stdDeviation='20'\/%3E%3C\/filter%3E%3Cimage width='100%25' height='100%25' x='0' y='0' preserveAspectRatio='none' style='filter: url(%23b);' href='https:\/\/images.lanouvellerepublique.fr\/image\/upload\/t_88w\/f_auto\/693daeb63cff0fcb458b459c.jpg'\/%3E%3C\/svg%3E&quot;)\"   src=\"https:\/\/www.europesays.com\/fr\/wp-content\/uploads\/2025\/12\/693daeb63cff0fcb458b459c.jpg\"\/><\/p>\n<p style=\"background-color:#F2F2F2;padding:5px;margin-top:0px;margin-bottom:10px\">Alan Mond\u00e9sir a ouvert le score d&rsquo;un coup de t\u00eate bien plac\u00e9.<br \/> \u00a9 (Photo NR, Julien Pruvost)<\/p>\n<p><strong>7e. <\/strong>En ce d\u00e9but de match, Bordeaux a mis le pied sur la balle et a investi le camp montlouisien. Etonde h\u00e9rite \u00e0 nouveau d&rsquo;un ballon dans la surface, mais Jules Goda veille bien sur sa frappe \u00e0 ras de terre.<\/p>\n<p><strong>2e. <\/strong>Et d\u00e9j\u00e0 la premi\u00e8re occasion pour Bordeaux, avec Etonde servi dans la profondeur \u00e0 gauche, qui tente sa chance dans un angle ferm\u00e9 mais ne trompe pas Jules Goda.<\/p>\n<p><strong>1re.<\/strong> C&rsquo;est parti \u00e0 la Vall\u00e9e du Cher, alors qu&rsquo;un nuage de fum\u00e9e flotte encore sur le stade apr\u00e8s l&rsquo;apparition de fumig\u00e8nes dans les rangs des supporteurs girondins.<\/p>\n<p>Avant-match<\/p>\n<p><strong>18\u00a0h\u00a055. <\/strong>\u00c0 cinq minutes du coup d\u2019envoi, place aux compositions des \u00e9quipes.<\/p>\n<p>Montlouis\u00a0: Goda\u00a0&#8211; Amadi, Castro, Tour\u00e9, Berrabah\u00a0&#8211; Gu\u00e9don, Benbella, Dady\u00a0&#8211; Mond\u00e9sir\u00a0&#8211; Hidasse, Bouhoutt.<\/p>\n<p>Bordeaux\u00a0: Hoekstra\u00a0&#8211; El Hajjam, Grillot, Droehnl\u00e9, Trichard, Odru, Diagouraga, Shamal, Etonde, Villette, Openda.<\/p>\n<p><strong>18\u00a0h\u00a050. <\/strong>Si le FCM pourra compter sur Youssef Hidasse, deuxi\u00e8me meilleur buteur de la poule (7 buts), pour faire la diff\u00e9rence, il devra se m\u00e9fier en face d\u2019un certain Matthieu Villette, ex-Tourangeau et qui compte 7 buts en 11 matchs (5 en N2, 2 en Coupe de France).<\/p>\n<p><img alt=\"Matthieu Villette, ancien du Tours FC, est de retour \u00e0 la Vall\u00e9e du Cher dans les rangs de Bordeaux.\" loading=\"lazy\" width=\"980\" height=\"573\" decoding=\"async\" data-nimg=\"1\" class=\"img-responsive spinner-show \" style=\"color:transparent;background-size:cover;background-position:50% 50%;background-repeat:no-repeat;background-image:url(&quot;data:image\/svg+xml;charset=utf-8,%3Csvg xmlns='http:\/\/www.w3.org\/2000\/svg' viewBox='0 0 980 573'%3E%3Cfilter id='b' color-interpolation-filters='sRGB'%3E%3CfeGaussianBlur stdDeviation='20'\/%3E%3CfeColorMatrix values='1 0 0 0 0 0 1 0 0 0 0 0 1 0 0 0 0 0 100 -1' result='s'\/%3E%3CfeFlood x='0' y='0' width='100%25' height='100%25'\/%3E%3CfeComposite operator='out' in='s'\/%3E%3CfeComposite in2='SourceGraphic'\/%3E%3CfeGaussianBlur stdDeviation='20'\/%3E%3C\/filter%3E%3Cimage width='100%25' height='100%25' x='0' y='0' preserveAspectRatio='none' style='filter: url(%23b);' href='https:\/\/images.lanouvellerepublique.fr\/image\/upload\/t_88w\/f_auto\/693da86c44fd1da2548b4585.jpg'\/%3E%3C\/svg%3E&quot;)\"   src=\"https:\/\/www.europesays.com\/fr\/wp-content\/uploads\/2025\/12\/693da86c44fd1da2548b4585.jpg\"\/><\/p>\n<p style=\"background-color:#F2F2F2;padding:5px;margin-top:0px;margin-bottom:10px\">Matthieu Villette, ancien du Tours FC, est de retour \u00e0 la Vall\u00e9e du Cher dans les rangs de Bordeaux.<br \/> \u00a9 (Photo NR, Julien Pruvost)<\/p>\n<p><strong>18\u00a0h\u00a045. <\/strong>Si Montlouis prend ce match tr\u00e8s au s\u00e9rieux, c\u2019est aussi parce qu\u2019il a besoin de s\u2019extirper de la zone rouge (14e, 11\u00a0pt). Les Montlouisiens ont en effet encha\u00een\u00e9 trois matchs frustrants, battus \u00e0 Bayonne (3-2) puis contre Les Herbiers (1-2) avant de signer <a target=\"_self\" href=\"https:\/\/www.lanouvellerepublique.fr\/indre-et-loire\/commune\/montlouis-sur-loire\/national-2-le-coup-etait-presque-parfait-pour-montlouis-1765056464\" rel=\"noopener\">un nul \u00e0 Avranches<\/a> (3-3) en ayant conc\u00e9d\u00e9 un but au bout du temps additionnel.<strong\/><\/p>\n<p><strong>18\u00a0h\u00a040.<\/strong> Pour autant, les Frelons ne veulent pas se laisser pi\u00e9ger par le contexte, et ont bien l\u2019intention de jouer leur va-tout face \u00e0 l\u2019ogre de la poule. \u00ab\u00a0Ce sont des matchs excitants \u00e0 jouer, il ne faut pas que \u00e7a nous inhibe, a ainsi lanc\u00e9 le capitaine Alexandre Castro, lui-m\u00eame form\u00e9 en Gironde, \u00e0 la veille du match. Il faut y mettre du piment, que les spectateurs assistent \u00e0 une belle rencontre, disput\u00e9e.\u00a0\u00bb<\/p>\n<p><strong>18\u00a0h\u00a035. <\/strong>C\u2019est un vrai choc qui attend les hommes de Zakaria Tahri, face \u00e0 une formation bordelaise qui reste sur une s\u00e9rie impressionnante de dix succ\u00e8s de rang toutes comp\u00e9titions confondues. Et qui a absolument besoin d\u2019une victoire ce samedi pour garder la t\u00eate du championnat, qu\u2019occupe provisoirement La Roche-sur-Yon apr\u00e8s sa victoire, hier soir, sur Poitiers (4-0).<\/p>\n<p><img alt=\"Plus de 500 supporteurs bordelais ont fait le d\u00e9placement pour le match.\" loading=\"lazy\" width=\"980\" height=\"573\" decoding=\"async\" data-nimg=\"1\" class=\"img-responsive spinner-show \" style=\"color:transparent;background-size:cover;background-position:50% 50%;background-repeat:no-repeat;background-image:url(&quot;data:image\/svg+xml;charset=utf-8,%3Csvg xmlns='http:\/\/www.w3.org\/2000\/svg' viewBox='0 0 980 573'%3E%3Cfilter id='b' color-interpolation-filters='sRGB'%3E%3CfeGaussianBlur stdDeviation='20'\/%3E%3CfeColorMatrix values='1 0 0 0 0 0 1 0 0 0 0 0 1 0 0 0 0 0 100 -1' result='s'\/%3E%3CfeFlood x='0' y='0' width='100%25' height='100%25'\/%3E%3CfeComposite operator='out' in='s'\/%3E%3CfeComposite in2='SourceGraphic'\/%3E%3CfeGaussianBlur stdDeviation='20'\/%3E%3C\/filter%3E%3Cimage width='100%25' height='100%25' x='0' y='0' preserveAspectRatio='none' style='filter: url(%23b);' href='https:\/\/images.lanouvellerepublique.fr\/image\/upload\/t_88w\/f_auto\/693da86c6791ae625a8b4591.jpg'\/%3E%3C\/svg%3E&quot;)\"   src=\"https:\/\/www.europesays.com\/fr\/wp-content\/uploads\/2025\/12\/693da86c6791ae625a8b4591.jpg\"\/><\/p>\n<p style=\"background-color:#F2F2F2;padding:5px;margin-top:0px;margin-bottom:10px\">Plus de 500 supporteurs bordelais ont fait le d\u00e9placement pour le match.<br \/> \u00a9 (Photo NR, Julien Pruvost)<\/p>\n<p><strong>18\u00a0h\u00a030.<\/strong> Pour l\u2019occasion, le club montlouisien a saisi l\u2019opportunit\u00e9 de pouvoir disputer exceptionnellement cette rencontre au stade de la Vall\u00e9e du Cher de Tours, qui attend pr\u00e8s de 5.000 spectateurs.<\/p>\n<p><strong>18\u00a0h\u00a025.<\/strong> Bonjour \u00e0 tous et bienvenue sur ce direct\u00a0! Ce samedi 13\u00a0d\u00e9cembre 2025, c\u2019est un v\u00e9ritable match de gala qui attend le FC Montlouis, oppos\u00e9 \u00e0 l\u2019embl\u00e9matique club des Girondins de Bordeaux pour la 13e\u00a0journ\u00e9e de championnat. Coup d\u2019envoi programm\u00e9 \u00e0 19\u00a0h\u00a0!<\/p>\n<p class=\"alireaussi\"><b>&gt;\u00a0Rejoignez la communaut\u00e9 NR\u00a0&#8211; Les sports en Touraine sur Facebook.<\/b><\/p>\n","protected":false},"excerpt":{"rendered":"Ce direct est assur\u00e9 par les journalistes du service des sports de La Nouvelle R\u00e9publique. FC Montlouis\u00a0&#8211; Girondins&hellip;\n","protected":false},"author":2,"featured_media":597295,"comment_status":"","ping_status":"","sticky":false,"template":"","format":"standard","meta":{"footnotes":""},"categories":[2817],"tags":[1392,1111,11,1997,1777,674,63,1011,27,1387,21131,22485,12,2219,25,60],"class_list":{"0":"post-597294","1":"post","2":"type-post","3":"status-publish","4":"format-standard","5":"has-post-thumbnail","7":"category-bordeaux","8":"tag-a-la-une-local","9":"tag-actu","10":"tag-actualites","11":"tag-bordeaux","12":"tag-eu","13":"tag-europe","14":"tag-football","15":"tag-fr","16":"tag-france","17":"tag-indre-et-loire","18":"tag-montlouis-sur-loire","19":"tag-nationaux-football","20":"tag-news","21":"tag-nouvelle-aquitaine","22":"tag-republique-francaise","23":"tag-sports"},"share_on_mastodon":{"url":"https:\/\/pubeurope.com\/@fr\/115713702473904953","error":""},"_links":{"self":[{"href":"https:\/\/www.europesays.com\/fr\/wp-json\/wp\/v2\/posts\/597294","targetHints":{"allow":["GET"]}}],"collection":[{"href":"https:\/\/www.europesays.com\/fr\/wp-json\/wp\/v2\/posts"}],"about":[{"href":"https:\/\/www.europesays.com\/fr\/wp-json\/wp\/v2\/types\/post"}],"author":[{"embeddable":true,"href":"https:\/\/www.europesays.com\/fr\/wp-json\/wp\/v2\/users\/2"}],"replies":[{"embeddable":true,"href":"https:\/\/www.europesays.com\/fr\/wp-json\/wp\/v2\/comments?post=597294"}],"version-history":[{"count":0,"href":"https:\/\/www.europesays.com\/fr\/wp-json\/wp\/v2\/posts\/597294\/revisions"}],"wp:featuredmedia":[{"embeddable":true,"href":"https:\/\/www.europesays.com\/fr\/wp-json\/wp\/v2\/media\/597295"}],"wp:attachment":[{"href":"https:\/\/www.europesays.com\/fr\/wp-json\/wp\/v2\/media?parent=597294"}],"wp:term":[{"taxonomy":"category","embeddable":true,"href":"https:\/\/www.europesays.com\/fr\/wp-json\/wp\/v2\/categories?post=597294"},{"taxonomy":"post_tag","embeddable":true,"href":"https:\/\/www.europesays.com\/fr\/wp-json\/wp\/v2\/tags?post=597294"}],"curies":[{"name":"wp","href":"https:\/\/api.w.org\/{rel}","templated":true}]}}