{"id":597302,"date":"2025-12-13T18:42:13","date_gmt":"2025-12-13T18:42:13","guid":{"rendered":"https:\/\/www.europesays.com\/fr\/597302\/"},"modified":"2025-12-13T18:42:13","modified_gmt":"2025-12-13T18:42:13","slug":"une-octogenaire-sans-histoire-jugee-pour-avoir-poignarde-son-mari-a-marseille","status":"publish","type":"post","link":"https:\/\/www.europesays.com\/fr\/597302\/","title":{"rendered":"Une octog\u00e9naire sans histoire jug\u00e9e pour avoir poignard\u00e9 son mari \u00e0 Marseille"},"content":{"rendered":"<p class=\"rev-margin-0 rev-text-xs-normal\">Une octog\u00e9naire a \u00e9t\u00e9 jug\u00e9e mardi 9 d\u00e9cembre 2025 par le tribunal correctionnel de Marseille pour avoir poignard\u00e9 son \u00e9poux un an plus t\u00f4t, apr\u00e8s presque soixante ans de vie commune sans histoire.<\/p>\n<p class=\"rev-margin-0 rev-text-xs-bold\">Photo illustration Fr\u00e9d\u00e9ric Speich<\/p>\n<p>No\u00ebl 2025 sera le premier depuis 58\u00a0ans que Marie A. passera sans son \u00e9poux. Alain, victime d\u2019un AVC en\u00a02020 et d\u2019une <a href=\"https:\/\/www.laprovence.com\/article\/sante\/2163863867805215\/maladie-de-parkinson-idees-recues-evolution-prevention-le-point-avec-le-pr-azulay-a-la-timone\" target=\"_blank\" rel=\"noopener\">maladie de Parkinson<\/a> qui depuis\u00a02019 diminuait ses capacit\u00e9s physiques et cognitives, est parti paisiblement le 5\u00a0mars dernier dans un Ehpad, entour\u00e9 par sa femme et leur fils. Une fin sereine, bien loin de <a href=\"https:\/\/www.laprovence.com\/article\/faits-divers-justice\/1068672131553714\/dechainement-de-violence-a-marseille-hospitalisations-de-deux-personnes-rouees-de-coups-par-des-groupes\" target=\"_blank\" rel=\"noopener\">la sc\u00e8ne chaotique<\/a> qui avait secou\u00e9 la vie de ce couple d\u2019octog\u00e9naire le 10\u00a0janvier\u00a02024, un an auparavant, et qui a valu ce mardi 9\u00a0d\u00e9cembre, \u00e0 la veuve de compara\u00eetre devant la justice pour <a href=\"https:\/\/www.laprovence.com\/article\/faits-divers-justice\/88241161835353\/trois-agressions-a-l-arme-blanche-en-moins-de-3-heures-a-marseille\" target=\"_blank\" rel=\"noopener\">violence avec arme<\/a>.<\/p>\n<p>Devant la juge Florence Garzino, c\u2019est une vieille dame gracile v\u00eatue de noir, carr\u00e9 blanc encadrant un visage inquiet, qui s\u2019est pr\u00e9sent\u00e9e pour raconter l\u2019unique sc\u00e8ne de violence de leur vie commune de quasi-six d\u00e9cennies. Le jour des faits, Marie A. se trouvait dans la cuisine de leur appartement <a href=\"https:\/\/www.laprovence.com\/actu\/en-direct\/4200348\/marseille-vue-du-ciel-la-bonne-sante-de-baille-lodi.html\" target=\"_blank\" rel=\"noopener\">du quartier Baille<\/a>, dans le 5e arrondissement de <a href=\"https:\/\/www.laprovence.com\/bouches-du-rhone\/marseille-13055\" target=\"_blank\" rel=\"noopener\">Marseille<\/a>.<\/p>\n<p>Blessure superficielle \u00e0 l\u2019abdomen<\/p>\n<p>Couteau \u00e0 la main, elle d\u00e9coupait de la viande tout en discutant vivement avec son \u00e9poux de documents bancaires \u00e9gar\u00e9s, lorsque ce dernier aurait lev\u00e9 la main, mena\u00e7ant, et insultant. \u00ab\u00a0C\u2019est la premi\u00e8re et la derni\u00e8re fois que tu m\u2019insultes de salope\u00a0\u00bb, lui aurait-elle r\u00e9pondu, avait-elle relat\u00e9 dans sa premi\u00e8re audition. <a href=\"https:\/\/www.laprovence.com\/article\/faits-divers-justice\/84439278017975\/une-octogenaire-agressee-chez-elle-et-depouillee-par-3-individus-cagoules-a-istres\" target=\"_blank\" rel=\"noopener\">L\u2019octog\u00e9naire<\/a> aurait ensuite frapp\u00e9 son mari, <a href=\"https:\/\/www.laprovence.com\/article\/faits-divers-justice\/1723782533302914\/un-homme-de-28-ans-grievement-poignarde-a-malpasse-a-marseille\" target=\"_blank\" rel=\"noopener\">l\u2019atteignant superficiellement \u00e0 l\u2019abdomen avec sa lame<\/a>, avant d\u2019appeler police et pompiers, paniqu\u00e9e.<\/p>\n<p>Plac\u00e9e en garde \u00e0 vue puis mise en examen pour <a href=\"https:\/\/www.laprovence.com\/article\/faits-divers-justice\/861786037284914\/soupconne-dune-tentative-de-meurtre-a-la-machette-a-marseille-un-sans-abri-place-en-garde-a-vue\" target=\"_blank\" rel=\"noopener\">une tentative de meurtre<\/a> requalifi\u00e9e plus tard en violences, la vieille dame avait \u00e9t\u00e9 plac\u00e9e sous contr\u00f4le judiciaire, interdite d\u2019entrer en contact avec son mari. Au fil de l\u2019enqu\u00eate, \u00e0 mesure que leur entourage d\u00e9crivait un couple uni, sans aucun ant\u00e9c\u00e9dent de violence (\u00ab\u00a0Je n\u2019ai m\u00eame pas souvenir d\u2019une contravention\u2026\u00a0\u00bb), la juge d\u2019instruction avait progressivement autoris\u00e9 Marie A. \u00e0 revoir son \u00e9poux qui la r\u00e9clamait.<\/p>\n<p>3\u00a0ans de prison avec sursis requis<\/p>\n<p>\u00c0 la barre, cette pr\u00e9venue hors du commun que la pr\u00e9sidente a guid\u00e9e dans son interrogatoire avec d\u00e9licatesse, a racont\u00e9 le d\u00e9clin de son mari, son \u00e9puisement face aux sympt\u00f4mes de plus en plus envahissants de sa maladie. Sa peur, lorsqu\u2019il avait lev\u00e9 la main, dans un inhabituel mouvement d\u2019agressivit\u00e9. \u00ab\u00a0Je regrette ce qu\u2019il s\u2019est pass\u00e9. [\u2026] Il s\u2019est mis \u00e0 crier, il n\u2019\u00e9tait plus lui.\u00a0\u00bb, a-t-elle bredouill\u00e9.<\/p>\n<p>Marie A. n\u2019a pas \u00e9mu la jeune magistrate stagiaire qui officiait au parquet sous la houlette d\u2019une coll\u00e8gue plus exp\u00e9riment\u00e9e et qui, rappelant la gravit\u00e9 des faits, a requis trois ans de prison avec sursis, et la peine compl\u00e9mentaire obligatoire d\u2019interdiction pour Marie A. de percevoir la pension de r\u00e9version de son \u00e9poux. Elle n\u2019a pas eu gain de cause.<\/p>\n<p>La dispense de peine, une mesure rare<\/p>\n<p>Car de l\u2019autre c\u00f4t\u00e9 de la barre, l\u2019avocat de l\u2019octog\u00e9naire, Kevin Lefebvre-Goirand, a plaid\u00e9 pour une mesure <a href=\"https:\/\/www.laprovence.com\/article\/region\/20159773401328\/lancien-elu-a-la-ville-de-marseille-patrick-padovani-condamne-dans-le-dossier-des-ordonnances-illegales\" target=\"_blank\" rel=\"noopener\">rarement accord\u00e9e dans le monde judiciaire\u00a0: une dispense de peine<\/a>. \u00ab\u00a0C\u2019est la dispute d\u2019un couple us\u00e9 par la maladie. Il n\u2019y a eu qu\u2019un geste isol\u00e9, pas un acharnement. [\u2026] Dispenser de peine quelqu\u2019un qui reconna\u00eet sa faute en raison de circonstances exceptionnelles, ce n\u2019est pas lui pardonner\u00a0: c\u2019est estimer que cette personne s\u2019est d\u00e9j\u00e0 inflig\u00e9 sa propre peine\u00a0\u00bb, a-t-il suppli\u00e9 la pr\u00e9sidente.<\/p>\n<p>Florence Garzino a pr\u00e9f\u00e9r\u00e9 la cl\u00e9mence \u00e0 la r\u00e9pression\u00a0: Marie A. a \u00e9t\u00e9 reconnue coupable, mais dispens\u00e9e de peine. Soutenue par son fils, l\u2019octog\u00e9naire a quitt\u00e9 le tribunal, un peu h\u00e9b\u00e9t\u00e9e. Invit\u00e9e \u00e0 s\u2019exprimer en dernier, juste avant d\u2019entendre le d\u00e9lib\u00e9r\u00e9, la vieille dame avait murmur\u00e9 \u00e0 la barre\u00a0: \u00ab\u00a0On \u00e9tait tellement heureux tous les deux, je le regrette beaucoup.\u00a0\u00bb<\/p>\n","protected":false},"excerpt":{"rendered":"Une octog\u00e9naire a \u00e9t\u00e9 jug\u00e9e mardi 9 d\u00e9cembre 2025 par le tribunal correctionnel de Marseille pour avoir poignard\u00e9&hellip;\n","protected":false},"author":2,"featured_media":597303,"comment_status":"","ping_status":"","sticky":false,"template":"","format":"standard","meta":{"footnotes":""},"categories":[2814],"tags":[17,1111,11,6661,1777,674,274,1011,27,937,16941,884,12,13935,471,882,25,4561,96],"class_list":{"0":"post-597302","1":"post","2":"type-post","3":"status-publish","4":"format-standard","5":"has-post-thumbnail","7":"category-marseille","8":"tag-17","9":"tag-actu","10":"tag-actualites","11":"tag-avoir","12":"tag-eu","13":"tag-europe","14":"tag-faits-divers-justice","15":"tag-fr","16":"tag-france","17":"tag-histoire","18":"tag-jugee","19":"tag-marseille","20":"tag-news","21":"tag-octogenaire","22":"tag-pour","23":"tag-provence-alpes-cote-dazur","24":"tag-republique-francaise","25":"tag-sans","26":"tag-une"},"share_on_mastodon":{"url":"https:\/\/pubeurope.com\/@fr\/115713733205103637","error":""},"_links":{"self":[{"href":"https:\/\/www.europesays.com\/fr\/wp-json\/wp\/v2\/posts\/597302","targetHints":{"allow":["GET"]}}],"collection":[{"href":"https:\/\/www.europesays.com\/fr\/wp-json\/wp\/v2\/posts"}],"about":[{"href":"https:\/\/www.europesays.com\/fr\/wp-json\/wp\/v2\/types\/post"}],"author":[{"embeddable":true,"href":"https:\/\/www.europesays.com\/fr\/wp-json\/wp\/v2\/users\/2"}],"replies":[{"embeddable":true,"href":"https:\/\/www.europesays.com\/fr\/wp-json\/wp\/v2\/comments?post=597302"}],"version-history":[{"count":0,"href":"https:\/\/www.europesays.com\/fr\/wp-json\/wp\/v2\/posts\/597302\/revisions"}],"wp:featuredmedia":[{"embeddable":true,"href":"https:\/\/www.europesays.com\/fr\/wp-json\/wp\/v2\/media\/597303"}],"wp:attachment":[{"href":"https:\/\/www.europesays.com\/fr\/wp-json\/wp\/v2\/media?parent=597302"}],"wp:term":[{"taxonomy":"category","embeddable":true,"href":"https:\/\/www.europesays.com\/fr\/wp-json\/wp\/v2\/categories?post=597302"},{"taxonomy":"post_tag","embeddable":true,"href":"https:\/\/www.europesays.com\/fr\/wp-json\/wp\/v2\/tags?post=597302"}],"curies":[{"name":"wp","href":"https:\/\/api.w.org\/{rel}","templated":true}]}}