{"id":597304,"date":"2025-12-13T18:43:12","date_gmt":"2025-12-13T18:43:12","guid":{"rendered":"https:\/\/www.europesays.com\/fr\/597304\/"},"modified":"2025-12-13T18:43:12","modified_gmt":"2025-12-13T18:43:12","slug":"lasm-encore-privee-de-paul-pogba-pour-le-deplacement-a-marseille","status":"publish","type":"post","link":"https:\/\/www.europesays.com\/fr\/597304\/","title":{"rendered":"l&rsquo;ASM encore priv\u00e9e de Paul Pogba pour le d\u00e9placement \u00e0 Marseille"},"content":{"rendered":"<p>Les signaux renvoy\u00e9s vendredi soir \u00e9taient plut\u00f4t positifs <a href=\"https:\/\/www.laprovence.com\/article\/om\/72914809860089\/om-pogba-incertain-pour-le-deplacement-de-monaco-au-velodrome\" target=\"_blank\" rel=\"noopener\">malgr\u00e9 un probl\u00e8me au genou<\/a>. Mais c&rsquo;est une autre douleur qui va priver <a href=\"https:\/\/www.laprovence.com\/article\/sports\/4525147532700114\/football-paul-pogba-proche-de-sengager-deux-ans-avec-las-monaco\" target=\"_blank\" rel=\"noopener\">Paul Pogba d&rsquo;un retour au V\u00e9lodrome et de son premier OM-Monaco<\/a>. Le milieu de terrain international a ressenti une g\u00eane au mollet, ce samedi, et a \u00e9t\u00e9 contraint de jeter l&rsquo;\u00e9ponge. Rest\u00e9 sur le banc contre Galatasaray, mardi en Ligue des champions, il voit son compteur de matches disput\u00e9s cette saison bloqu\u00e9 \u00e0 trois, \u00e0 l&rsquo;occasion d&rsquo;autant d&rsquo;entr\u00e9es en jeu contre Rennes, Paris et Brest. Pour un total de 30 minutes de jeu.<\/p>\n<p>S\u00e9bastien Pocognoli va donc composer sans Pogba, et il commence \u00e0 en avoir l&rsquo;habitude. Le technicien belge du club de la Principaut\u00e9 a retenu un groupe de 21 joueurs. Il enregistre les retours des d\u00e9fenseurs Eric Dier et Christian Mawissa. Outre Pogba, Ansu Fati est \u00e9galement absent pour blessure. Il y a de grandes chances que le onze align\u00e9 par Pocognoli soit le m\u00eame que <a href=\"https:\/\/www.laprovence.com\/article\/sports\/97009692672654\/football-las-aix-en-provence-invitee-au-plus-pres-de-las-monaco-pendant-trois-jours\" target=\"_blank\" rel=\"noopener\">celui qui a pris la mesure des Stambouliotes (1-0)<\/a>.<\/p>\n<p>Le onze probable de MonacoHradecky &#8211; Vanderson, Kehrer, Salisu, Caio Henrique &#8211; Camara, Zakaria (cap) &#8211; Akliouche, Minamino, Golovine &#8211; Balogun.<\/p>\n","protected":false},"excerpt":{"rendered":"Les signaux renvoy\u00e9s vendredi soir \u00e9taient plut\u00f4t positifs malgr\u00e9 un probl\u00e8me au genou. Mais c&rsquo;est une autre douleur&hellip;\n","protected":false},"author":2,"featured_media":597305,"comment_status":"","ping_status":"","sticky":false,"template":"","format":"standard","meta":{"footnotes":""},"categories":[2814],"tags":[17,1111,11,1440,1777,674,1011,27,71006,884,12,149,71005,22099,22695,471,14288,882,25],"class_list":{"0":"post-597304","1":"post","2":"type-post","3":"status-publish","4":"format-standard","5":"has-post-thumbnail","7":"category-marseille","8":"tag-17","9":"tag-actu","10":"tag-actualites","11":"tag-encore","12":"tag-eu","13":"tag-europe","14":"tag-fr","15":"tag-france","16":"tag-lasm","17":"tag-marseille","18":"tag-news","19":"tag-om","20":"tag-om-monaco","21":"tag-paul","22":"tag-pogba","23":"tag-pour","24":"tag-privee","25":"tag-provence-alpes-cote-dazur","26":"tag-republique-francaise"},"share_on_mastodon":{"url":"https:\/\/pubeurope.com\/@fr\/115713737094261690","error":""},"_links":{"self":[{"href":"https:\/\/www.europesays.com\/fr\/wp-json\/wp\/v2\/posts\/597304","targetHints":{"allow":["GET"]}}],"collection":[{"href":"https:\/\/www.europesays.com\/fr\/wp-json\/wp\/v2\/posts"}],"about":[{"href":"https:\/\/www.europesays.com\/fr\/wp-json\/wp\/v2\/types\/post"}],"author":[{"embeddable":true,"href":"https:\/\/www.europesays.com\/fr\/wp-json\/wp\/v2\/users\/2"}],"replies":[{"embeddable":true,"href":"https:\/\/www.europesays.com\/fr\/wp-json\/wp\/v2\/comments?post=597304"}],"version-history":[{"count":0,"href":"https:\/\/www.europesays.com\/fr\/wp-json\/wp\/v2\/posts\/597304\/revisions"}],"wp:featuredmedia":[{"embeddable":true,"href":"https:\/\/www.europesays.com\/fr\/wp-json\/wp\/v2\/media\/597305"}],"wp:attachment":[{"href":"https:\/\/www.europesays.com\/fr\/wp-json\/wp\/v2\/media?parent=597304"}],"wp:term":[{"taxonomy":"category","embeddable":true,"href":"https:\/\/www.europesays.com\/fr\/wp-json\/wp\/v2\/categories?post=597304"},{"taxonomy":"post_tag","embeddable":true,"href":"https:\/\/www.europesays.com\/fr\/wp-json\/wp\/v2\/tags?post=597304"}],"curies":[{"name":"wp","href":"https:\/\/api.w.org\/{rel}","templated":true}]}}