{"id":597306,"date":"2025-12-13T18:44:42","date_gmt":"2025-12-13T18:44:42","guid":{"rendered":"https:\/\/www.europesays.com\/fr\/597306\/"},"modified":"2025-12-13T18:44:42","modified_gmt":"2025-12-13T18:44:42","slug":"nouveau-lieu-et-polemique-relancee-avec-lartiste-2l-qui-veut-casser-le-matos-des-flics","status":"publish","type":"post","link":"https:\/\/www.europesays.com\/fr\/597306\/","title":{"rendered":"nouveau lieu et pol\u00e9mique relanc\u00e9e avec l&rsquo;artiste 2L qui veut \u00ab\u00a0casser le matos des flics\u00a0\u00bb"},"content":{"rendered":"<p itemprop=\"description\"><strong>Edition chaotique pour le Lyon Antifa Fest 2025.<\/strong><\/p>\n<p>Interdit par un arr\u00eat\u00e9 pr\u00e9fectoral puis autoris\u00e9 au dernier moment, l&rsquo;\u00e9v\u00e8nement a d\u00fb changer une partie de sa programmation. Et vendredi, pour la derni\u00e8re soir\u00e9e \u00e0 La Rayonne \u00e0 Villeurbanne, la rappeuse 2L a \u00e9t\u00e9 invit\u00e9e \u00e0 la derni\u00e8re minute. Un choix critiqu\u00e9 par la pr\u00e9fecture du Rh\u00f4ne, qui rappelle les propos \u00ab\u00a0dangereux\u00a0\u00bb tenus par Lola Menguy, r\u00e9v\u00e9l\u00e9e par l&rsquo;\u00e9mission Nouvelle Ecole.<\/p>\n<p>Il y a trois semaines, 2L r\u00e9pondait pour Cerveaux non disponibles \u00e0 la question \u00ab\u00a024 heures sans police, tu fais quoi ?\u00a0\u00bb. Une s\u00e9quence virale : \u00ab\u00a0Tu p\u00e8tes quelques trucs quand m\u00eame, deux, trois lieux strat\u00e9giques. Tu fous le bordel, tu casses le matos des flics. Le jour d&rsquo;apr\u00e8s, eux ils sont dans la merde, toi t&rsquo;es tranquille. C&rsquo;est l\u00e0 o\u00f9 on merde la gauche, c&rsquo;est qu&rsquo;on ne s&rsquo;attaque pas au mat\u00e9riel des gens\u00a0\u00bb.<\/p>\n<\/p>\n<p>De quoi relancer la pol\u00e9mique pour la pr\u00e9f\u00e8te Fabienne Buccio : \u00ab\u00a0Ce discours d\u00e9passe largement le cadre de la libert\u00e9 d\u2019expression et contient des appels explicites \u00e0 s\u2019attaquer violemment aux institutions de la R\u00e9publique et aux forces de l\u2019ordre. Ils doivent \u00eatre d\u00e9nonc\u00e9s par tous ceux qui portent haut et fort les valeurs de la R\u00e9publique et souhaitent pr\u00e9server le cadre d\u2019un d\u00e9bat d\u00e9mocratique\u00a0\u00bb.<\/p>\n<p>A noter \u00e9galement le changement de lieu ce samedi du Lyon Antifa Fest, exil\u00e9 au Grrrnd Zero \u00e0 Vaulx-en-Velin.<\/p>\n","protected":false},"excerpt":{"rendered":"Edition chaotique pour le Lyon Antifa Fest 2025. Interdit par un arr\u00eat\u00e9 pr\u00e9fectoral puis autoris\u00e9 au dernier moment,&hellip;\n","protected":false},"author":2,"featured_media":597307,"comment_status":"","ping_status":"","sticky":false,"template":"","format":"standard","meta":{"footnotes":""},"categories":[1889],"tags":[1111,11,2813,2190,2430,1109,251,1112,2811,1777,674,118,1011,27,1922,1110,1114,2428,2810,12,241,316,25,2812,517,800],"class_list":{"0":"post-597306","1":"post","2":"type-post","3":"status-publish","4":"format-standard","5":"has-post-thumbnail","7":"category-lyon","8":"tag-actu","9":"tag-actualites","10":"tag-article","11":"tag-asvel","12":"tag-auvergne-rhone-alpes","13":"tag-breves","14":"tag-culture","15":"tag-depeches","16":"tag-economique","17":"tag-eu","18":"tag-europe","19":"tag-faits-divers","20":"tag-fr","21":"tag-france","22":"tag-info","23":"tag-informations","24":"tag-infos","25":"tag-lyon","26":"tag-lyonmag","27":"tag-news","28":"tag-ol","29":"tag-politique","30":"tag-republique-francaise","31":"tag-sociale","32":"tag-sport","33":"tag-transports"},"share_on_mastodon":{"url":"https:\/\/pubeurope.com\/@fr\/115713740910596663","error":""},"_links":{"self":[{"href":"https:\/\/www.europesays.com\/fr\/wp-json\/wp\/v2\/posts\/597306","targetHints":{"allow":["GET"]}}],"collection":[{"href":"https:\/\/www.europesays.com\/fr\/wp-json\/wp\/v2\/posts"}],"about":[{"href":"https:\/\/www.europesays.com\/fr\/wp-json\/wp\/v2\/types\/post"}],"author":[{"embeddable":true,"href":"https:\/\/www.europesays.com\/fr\/wp-json\/wp\/v2\/users\/2"}],"replies":[{"embeddable":true,"href":"https:\/\/www.europesays.com\/fr\/wp-json\/wp\/v2\/comments?post=597306"}],"version-history":[{"count":0,"href":"https:\/\/www.europesays.com\/fr\/wp-json\/wp\/v2\/posts\/597306\/revisions"}],"wp:featuredmedia":[{"embeddable":true,"href":"https:\/\/www.europesays.com\/fr\/wp-json\/wp\/v2\/media\/597307"}],"wp:attachment":[{"href":"https:\/\/www.europesays.com\/fr\/wp-json\/wp\/v2\/media?parent=597306"}],"wp:term":[{"taxonomy":"category","embeddable":true,"href":"https:\/\/www.europesays.com\/fr\/wp-json\/wp\/v2\/categories?post=597306"},{"taxonomy":"post_tag","embeddable":true,"href":"https:\/\/www.europesays.com\/fr\/wp-json\/wp\/v2\/tags?post=597306"}],"curies":[{"name":"wp","href":"https:\/\/api.w.org\/{rel}","templated":true}]}}