{"id":597310,"date":"2025-12-13T18:49:15","date_gmt":"2025-12-13T18:49:15","guid":{"rendered":"https:\/\/www.europesays.com\/fr\/597310\/"},"modified":"2025-12-13T18:49:15","modified_gmt":"2025-12-13T18:49:15","slug":"on-en-avait-bien-besoin-les-premiers-passagers-conquis-par-le-premier-telepherique-dile-de-france","status":"publish","type":"post","link":"https:\/\/www.europesays.com\/fr\/597310\/","title":{"rendered":"\u00ab\u00a0On en avait bien besoin\u00a0\u00bb\u00a0: les premiers passagers conquis par le premier t\u00e9l\u00e9ph\u00e9rique d\u2019\u00cele-de-France"},"content":{"rendered":"<p class=\"paragraph text_align_left lp-f-body-02\">Adem au bout d\u2019un bras et Na\u00efm de l\u2019autre, Julie s\u2019\u00e9lance sur le quai du C\u00e2ble 1. Il est tout juste 11 heures ce samedi matin. Les portiques menant au <a href=\"https:\/\/www.leparisien.fr\/val-de-marne-94\/premier-telepherique-dile-de-france-pourquoi-vous-allez-ladorer-12-12-2025-DA3TUHJXDZBVTKUX4MMJ2KWZO4.php\" target=\"_self\" rel=\"noopener\">premier t\u00e9l\u00e9ph\u00e9rique d\u2019\u00cele-de-France<\/a> viennent d\u2019ouvrir leurs portes aux voyageurs, qui sont d\u00e9j\u00e0 nombreux \u00e0 attendre de grimper \u00e0 bord des 105 cabines.<\/p>\n<p class=\"\">Gr\u00e2ce \u00e0 ce nouveau mode de transport, unique dans la r\u00e9gion et plus long t\u00e9l\u00e9ph\u00e9rique urbain d\u2019Europe, la m\u00e8re de famille et ses deux petits gar\u00e7ons pourront facilement se d\u00e9placer au d\u00e9part de <a href=\"https:\/\/www.leparisien.fr\/val-de-marne-94\/limeil-brevannes-94450\/\" target=\"_self\" rel=\"noopener\">Limeil-Br\u00e9vannes<\/a>, en laissant la voiture au garage.<\/p>\n","protected":false},"excerpt":{"rendered":"Adem au bout d\u2019un bras et Na\u00efm de l\u2019autre, Julie s\u2019\u00e9lance sur le quai du C\u00e2ble 1. Il&hellip;\n","protected":false},"author":2,"featured_media":597311,"comment_status":"","ping_status":"","sticky":false,"template":"","format":"standard","meta":{"footnotes":""},"categories":[1592],"tags":[1111,11,33,1777,674,1011,27,662,1944,12,626,25,1125],"class_list":{"0":"post-597310","1":"post","2":"type-post","3":"status-publish","4":"format-standard","5":"has-post-thumbnail","7":"category-ile-de-france","8":"tag-actu","9":"tag-actualites","10":"tag-economie","11":"tag-eu","12":"tag-europe","13":"tag-fr","14":"tag-france","15":"tag-ile-de-france","16":"tag-ma-ville","17":"tag-news","18":"tag-paris","19":"tag-republique-francaise","20":"tag-val-de-marne"},"share_on_mastodon":{"url":"https:\/\/pubeurope.com\/@fr\/115713760674323529","error":""},"_links":{"self":[{"href":"https:\/\/www.europesays.com\/fr\/wp-json\/wp\/v2\/posts\/597310","targetHints":{"allow":["GET"]}}],"collection":[{"href":"https:\/\/www.europesays.com\/fr\/wp-json\/wp\/v2\/posts"}],"about":[{"href":"https:\/\/www.europesays.com\/fr\/wp-json\/wp\/v2\/types\/post"}],"author":[{"embeddable":true,"href":"https:\/\/www.europesays.com\/fr\/wp-json\/wp\/v2\/users\/2"}],"replies":[{"embeddable":true,"href":"https:\/\/www.europesays.com\/fr\/wp-json\/wp\/v2\/comments?post=597310"}],"version-history":[{"count":0,"href":"https:\/\/www.europesays.com\/fr\/wp-json\/wp\/v2\/posts\/597310\/revisions"}],"wp:featuredmedia":[{"embeddable":true,"href":"https:\/\/www.europesays.com\/fr\/wp-json\/wp\/v2\/media\/597311"}],"wp:attachment":[{"href":"https:\/\/www.europesays.com\/fr\/wp-json\/wp\/v2\/media?parent=597310"}],"wp:term":[{"taxonomy":"category","embeddable":true,"href":"https:\/\/www.europesays.com\/fr\/wp-json\/wp\/v2\/categories?post=597310"},{"taxonomy":"post_tag","embeddable":true,"href":"https:\/\/www.europesays.com\/fr\/wp-json\/wp\/v2\/tags?post=597310"}],"curies":[{"name":"wp","href":"https:\/\/api.w.org\/{rel}","templated":true}]}}