{"id":597312,"date":"2025-12-13T18:50:29","date_gmt":"2025-12-13T18:50:29","guid":{"rendered":"https:\/\/www.europesays.com\/fr\/597312\/"},"modified":"2025-12-13T18:50:29","modified_gmt":"2025-12-13T18:50:29","slug":"ou-le-deguster-a-paris","status":"publish","type":"post","link":"https:\/\/www.europesays.com\/fr\/597312\/","title":{"rendered":"o\u00f9 le d\u00e9guster \u00e0 Paris\u00a0?"},"content":{"rendered":"<p>                    Par<br \/>\n        <strong><br \/>\n            <a href=\"https:\/\/actu.fr\/auteur\/redaction-paris\" title=\"Consulter tous les articles de R\u00e9daction Paris\" target=\"_blank\" rel=\"noopener\">R\u00e9daction Paris<\/a><br \/>\n                    <\/strong><\/p>\n<p>        Publi\u00e9 le<\/p>\n<p>            13 d\u00e9c. 2025 \u00e0 19h32        <\/p>\n<p>En 1925, en plein c\u0153ur des Ann\u00e9es folles, un <strong>cocktail<\/strong> \u00e0 la gloire de la plus belle avenue du monde \u00e9tait cr\u00e9\u00e9. Cent ans plus tard, le Comit\u00e9 <a href=\"https:\/\/actu.fr\/tag\/champs-elysees\" target=\"_blank\" rel=\"noopener\">Champs-\u00c9lys\u00e9es<\/a> a tenu \u00e0 le remettre au go\u00fbt du jour.<\/p>\n<p>Tout le quartier s\u2019est mis en mouvement<\/p>\n<p class=\" wall-content\">\u00ab\u2009Ce fut une \u0153uvre collective\u2009! Tout le quartier s\u2019est mis en mouvement pour recr\u00e9er <strong>quelque chose d\u2019unique<\/strong>\u2009\u00bb, s\u2019enthousiasme Marc-Antoine Jamet, pr\u00e9sident du Comit\u00e9. De l\u2019aide a donc \u00e9t\u00e9 demand\u00e9e \u00e0 Adama Ballo, ma\u00eetre des shakers et ambassadeur de la Maison Hennessy.<\/p>\n<p class=\" wall-content\">La recette originale du Champs-\u00c9lys\u00e9es\u2009: du <strong>cognac<\/strong> mari\u00e9 \u00e0 de la <strong>chartreuse<\/strong> et un peu de <strong>citron<\/strong> et <strong>d\u2019agrumes.<\/strong> Sa version 2025 a \u00e9t\u00e9 revisit\u00e9e en trois d\u00e9clinaisons.<\/p>\n<p>Le \u00ab\u2009Cocktail Champs-\u00c9lys\u00e9es 1925\u2009\u00bb<\/p>\n<p class=\" wall-content\">Le plus fid\u00e8le \u00e0 celui invent\u00e9 pendant les <strong>Ann\u00e9es folles<\/strong>\u2009: cognac Hennessy, Chartreuse jaune, notes citronn\u00e9es et bitters.<\/p>\n<p>Le \u00ab\u2009Cocktail Champs-\u00c9lys\u00e9es 2025\u2009\u00bb<\/p>\n<p class=\" wall-content\">\u00ab\u2009Un pont entre\u00a0<strong>1925 et\u00a02025<\/strong>, avec une touche fruit\u00e9e d\u2019abricot pour moderniser le cocktail\u2009\u00bb, explique Adama Ballo. La recette\u2009: cognac Hennessy, Chartreuse jaune, liqueur d\u2019abricot, verjus et bitters.<\/p>\n<p>Le \u00ab\u2009Mocktail Champs-\u00c9lys\u00e9es\u2009\u00bb, \u00ab\u2009Henny\u2019llusion\u2009\u00bb<\/p>\n<p class=\" wall-content\">Les personnes qui ne boivent pas d\u2019alcool n\u2019ont pas \u00e9t\u00e9 oubli\u00e9es. Une <strong>version mocktail<\/strong> a \u00e9t\u00e9 cr\u00e9\u00e9e\u2009: infusion de thym, sirop de miel, verjus et ginger beer, d\u00e9cor\u00e9e d\u2019une tige de thym.<\/p>\n<p class=\" wall-content\">Question la plus int\u00e9ressante\u2009: <strong>o\u00f9 d\u00e9guster le Champs-\u00c9lys\u00e9es\u2009?<\/strong> Plusieurs adresses \u00e0 Paris.<\/p>\n<p>Votre r\u00e9gion, votre actu !<\/p>\n<p>Recevez chaque jour les infos qui comptent pour vous.<\/p>\n<p>\t<a href=\"https:\/\/actu.fr\/newsletter\" class=\"ac-btn ac-btn--corner ac-btn--medium ac-btn--blue800\" target=\"_blank\" rel=\"noopener\">S&rsquo;incrire<\/a><\/p>\n<p class=\" wall-content\">\u2013 Flora Danica<br \/>142, avenue des Champs-\u00c9lys\u00e9es, 75008 Paris<\/p>\n<p class=\" wall-content\">\u2013 H\u00f4tel La Clef Champs-\u00c9lys\u00e9es<br \/>46, rue de Bassano, 75008 Paris<\/p>\n<p class=\" wall-content\">\u2013 H\u00f4tel Lancaster x CopperBay Lancaster<br \/>7, rue de Berri, 75008 Paris<\/p>\n<p class=\" wall-content\">\u2013 H\u00f4tel Marriott Champs-\u00c9lys\u00e9es Paris<br \/>70, avenue des Champs-\u00c9lys\u00e9es, 75008 Paris<\/p>\n<p class=\" wall-content\">\u2013 Miss Ko<br \/>49-51 Av. George V, 75008 Paris<\/p>\n<p class=\" wall-content\">\u2013 H\u00f4tel Napol\u00e9on<br \/>40, avenue Friedland, 75008 Paris<\/p>\n<p class=\" wall-content\">\u2013 H\u00f4tel le Prince de Galles<br \/>33, Avenue George V, 75008 Paris<\/p>\n<p class=\" wall-content\">\u2013 Brasserie Fouquet\u2019s Paris<br \/>99, avenue des Champs-\u00c9lys\u00e9es, 75008 Paris<\/p>\n<p class=\" wall-content\">\u2013 Pavillon Ledoyen Carr\u00e9 des Champs-\u00c9lys\u00e9es<br \/>8, avenue Dutuit, 75008 Paris<\/p>\n<p class=\" wall-content\">\u2013 Publicisdrugstore<br \/>133, avenue des Champs-\u00c9lys\u00e9es, 75008 Paris<\/p>\n<p class=\" wall-content\">\u2013 Th\u00e9\u00e2tre du Lido<br \/>116 bis, avenue des Champs-\u00c9lys\u00e9es, 75008 Paris<\/p>\n<p class=\" wall-content\">\u2013 The Peninsula Paris<br \/>19, avenue Kl\u00e9ber, 75116 Paris<\/p>\n<p class=\" wall-content\">\u2013 H\u00f4tel Warwick Champs-\u00c9lys\u00e9es Paris<br \/>5, Rue de Berri, 75008 Paris<\/p>\n<p class=\" wall-content\">\u2013 L\u2019H\u00f4tel du Collectionneur<br \/>51-57, Rue de Courcelles, 75008 Paris<\/p>\n<p class=\" wall-content\">Personnalisez votre actualit\u00e9 en ajoutant vos villes et m\u00e9dias en favori avec <a href=\"https:\/\/moncompte.actu.fr\" title=\"D\u00e9couvez Mon Actu\" rel=\"nofollow noopener\" data-trk=\"{&quot;cta&quot;:{&quot;action&quot;:&quot;https:\\\/\\\/moncompte.actu.fr&quot;,&quot;category&quot;:&quot;mon compte&quot;,&quot;from&quot;:&quot;article footer&quot;,&quot;name&quot;:&quot;Mon actu&quot;,&quot;type&quot;:&quot;cta&quot;}}\" target=\"_blank\">Mon Actu<\/a>.<\/p>\n","protected":false},"excerpt":{"rendered":"Par R\u00e9daction Paris Publi\u00e9 le 13 d\u00e9c. 2025 \u00e0 19h32 En 1925, en plein c\u0153ur des Ann\u00e9es folles,&hellip;\n","protected":false},"author":2,"featured_media":597313,"comment_status":"","ping_status":"","sticky":false,"template":"","format":"standard","meta":{"footnotes":""},"categories":[1888],"tags":[1111,1928,11,1927,5702,6984,1777,674,1011,27,1305,12,1926,626,1925,25],"class_list":{"0":"post-597312","1":"post","2":"type-post","3":"status-publish","4":"format-standard","5":"has-post-thumbnail","7":"category-paris","8":"tag-actu","9":"tag-actu-paris","10":"tag-actualites","11":"tag-actualites-paris","12":"tag-alcool","13":"tag-champs-elysees","14":"tag-eu","15":"tag-europe","16":"tag-fr","17":"tag-france","18":"tag-lifestyle","19":"tag-news","20":"tag-news-paris","21":"tag-paris","22":"tag-paris-news","23":"tag-republique-francaise"},"share_on_mastodon":{"url":"https:\/\/pubeurope.com\/@fr\/115713764489611536","error":""},"_links":{"self":[{"href":"https:\/\/www.europesays.com\/fr\/wp-json\/wp\/v2\/posts\/597312","targetHints":{"allow":["GET"]}}],"collection":[{"href":"https:\/\/www.europesays.com\/fr\/wp-json\/wp\/v2\/posts"}],"about":[{"href":"https:\/\/www.europesays.com\/fr\/wp-json\/wp\/v2\/types\/post"}],"author":[{"embeddable":true,"href":"https:\/\/www.europesays.com\/fr\/wp-json\/wp\/v2\/users\/2"}],"replies":[{"embeddable":true,"href":"https:\/\/www.europesays.com\/fr\/wp-json\/wp\/v2\/comments?post=597312"}],"version-history":[{"count":0,"href":"https:\/\/www.europesays.com\/fr\/wp-json\/wp\/v2\/posts\/597312\/revisions"}],"wp:featuredmedia":[{"embeddable":true,"href":"https:\/\/www.europesays.com\/fr\/wp-json\/wp\/v2\/media\/597313"}],"wp:attachment":[{"href":"https:\/\/www.europesays.com\/fr\/wp-json\/wp\/v2\/media?parent=597312"}],"wp:term":[{"taxonomy":"category","embeddable":true,"href":"https:\/\/www.europesays.com\/fr\/wp-json\/wp\/v2\/categories?post=597312"},{"taxonomy":"post_tag","embeddable":true,"href":"https:\/\/www.europesays.com\/fr\/wp-json\/wp\/v2\/tags?post=597312"}],"curies":[{"name":"wp","href":"https:\/\/api.w.org\/{rel}","templated":true}]}}