{"id":597318,"date":"2025-12-13T18:57:37","date_gmt":"2025-12-13T18:57:37","guid":{"rendered":"https:\/\/www.europesays.com\/fr\/597318\/"},"modified":"2025-12-13T18:57:37","modified_gmt":"2025-12-13T18:57:37","slug":"un-ecrin-medieval-qui-cache-une-bibliotheque-unique-en-son-genre-dans-la-capitale","status":"publish","type":"post","link":"https:\/\/www.europesays.com\/fr\/597318\/","title":{"rendered":"un \u00e9crin m\u00e9di\u00e9val qui cache une biblioth\u00e8que unique en son genre dans la capitale"},"content":{"rendered":"<p>                    Par<br \/>\n        <strong><br \/>\n            <a href=\"https:\/\/actu.fr\/auteur\/thomas-martin\" title=\"Consulter tous les articles de Thomas Martin\" target=\"_blank\" rel=\"noopener\">Thomas Martin<\/a><br \/>\n                    <\/strong><\/p>\n<p>        Publi\u00e9 le<\/p>\n<p>            13 d\u00e9c. 2025 \u00e0 18h32        <\/p>\n<p>Au 1 rue du Figuier, dans <a href=\"https:\/\/actu.fr\/tag\/le-marais\" target=\"_blank\" rel=\"noopener\">le Marais<\/a>, se dresse <strong>l\u2019H\u00f4tel de Sens<\/strong>, l\u2019un des rares vestiges civils du Paris m\u00e9di\u00e9val. \u00c9difi\u00e9 entre 1475 et 1519 pour les archev\u00eaques de Sens, ce palais gothique flamboyant t\u00e9moigne de la puissance eccl\u00e9siastique d\u2019alors, avec ses tourelles, ses grandes fen\u00eatres \u00e0 meneaux et une silhouette imposante au c\u0153ur de la capitale. Au fil des si\u00e8cles, l\u2019histoire du b\u00e2timent est mouvement\u00e9e : r\u00e9sidence royale, lieux de passage pour diligences puis ateliers industriels au XIXe si\u00e8cle, il \u00e9chappe de justesse \u00e0 l\u2019oubli avant d\u2019\u00eatre class\u00e9 monument historique en 1862 et rachet\u00e9 par la <a href=\"https:\/\/actu.fr\/tag\/mairie-de-paris\" target=\"_blank\" rel=\"noopener\">Ville de Paris<\/a> en 1911.<\/p>\n<p>Un \u00e9crin m\u00e9di\u00e9val pour une biblioth\u00e8que d\u2019art<\/p>\n<p class=\" wall-content\">C\u2019est en 1961 que l\u2019H\u00f4tel de Sens vit une transformation singuli\u00e8re : il devient le nouveau domicile de la Biblioth\u00e8que Forney, une institution n\u00e9e \u00e0 la fin du 19\u1d49 si\u00e8cle d\u2019un legs de l\u2019industriel Aim\u00e9 Samuel Forney.<\/p>\n<p class=\" wall-content\">Cr\u00e9\u00e9e en 1886 pour valoriser les m\u00e9tiers d\u2019art et la cr\u00e9ativit\u00e9 des artisans parisiens, cette biblioth\u00e8que avait d\u2019abord vu le jour dans le quartier du Faubourg Saint-Antoine, berceau de l\u2019artisanat.\u00a0<\/p>\n<p class=\" wall-content\">La Biblioth\u00e8que Forney n\u2019est pas une biblioth\u00e8que ordinaire. Elle d\u00e9ploie des collections d\u2019une richesse exceptionnelle : 280 000 imprim\u00e9s issus de livres et de p\u00e9riodiques, plus de 50 000 catalogues commerciaux et pr\u00e8s de 30 000 affiches publicitaires. Tous les m\u00e9tiers d\u2019art y trouvent leur documentation. Sur place, 4 000 revues artistiques et techniques, du XVIIIe si\u00e8cle \u00e0 aujourd\u2019hui, sont librement consultables.\u00a0<\/p>\n<p>Un dialogue entre pass\u00e9 et pr\u00e9sent<\/p>\n<p class=\" wall-content\">Install\u00e9e dans des salles vo\u00fbt\u00e9es baign\u00e9es de lumi\u00e8re, entour\u00e9e de pierres anciennes et de jardins paisibles, la biblioth\u00e8que Forney incarne une rencontre rare entre patrimoine architectural et culture vivante.<\/p>\n<p class=\" wall-content\">Ici, des collections immenses cohabitent avec des espaces de consultation et d\u2019expositions temporaires, faisant de ce lieu un point de convergence des savoirs artisanaux et esth\u00e9tiques.\u00a0<\/p>\n<p class=\" wall-content\">Personnalisez votre actualit\u00e9 en ajoutant vos villes et m\u00e9dias en favori avec <a href=\"https:\/\/moncompte.actu.fr\" title=\"D\u00e9couvez Mon Actu\" rel=\"nofollow noopener\" data-trk=\"{&quot;cta&quot;:{&quot;action&quot;:&quot;https:\\\/\\\/moncompte.actu.fr&quot;,&quot;category&quot;:&quot;mon compte&quot;,&quot;from&quot;:&quot;article footer&quot;,&quot;name&quot;:&quot;Mon actu&quot;,&quot;type&quot;:&quot;cta&quot;}}\" target=\"_blank\">Mon Actu<\/a>.<\/p>\n","protected":false},"excerpt":{"rendered":"Par Thomas Martin Publi\u00e9 le 13 d\u00e9c. 2025 \u00e0 18h32 Au 1 rue du Figuier, dans le Marais,&hellip;\n","protected":false},"author":2,"featured_media":597319,"comment_status":"","ping_status":"","sticky":false,"template":"","format":"standard","meta":{"footnotes":""},"categories":[1888],"tags":[11,1777,674,1011,27,58904,24797,12,626,2551,25,66122],"class_list":{"0":"post-597318","1":"post","2":"type-post","3":"status-publish","4":"format-standard","5":"has-post-thumbnail","7":"category-paris","8":"tag-actualites","9":"tag-eu","10":"tag-europe","11":"tag-fr","12":"tag-france","13":"tag-histoire-patrimoine","14":"tag-le-marais","15":"tag-news","16":"tag-paris","17":"tag-patrimoine","18":"tag-republique-francaise","19":"tag-visites-decouvertes"},"share_on_mastodon":{"url":"https:\/\/pubeurope.com\/@fr\/115713791927299248","error":""},"_links":{"self":[{"href":"https:\/\/www.europesays.com\/fr\/wp-json\/wp\/v2\/posts\/597318","targetHints":{"allow":["GET"]}}],"collection":[{"href":"https:\/\/www.europesays.com\/fr\/wp-json\/wp\/v2\/posts"}],"about":[{"href":"https:\/\/www.europesays.com\/fr\/wp-json\/wp\/v2\/types\/post"}],"author":[{"embeddable":true,"href":"https:\/\/www.europesays.com\/fr\/wp-json\/wp\/v2\/users\/2"}],"replies":[{"embeddable":true,"href":"https:\/\/www.europesays.com\/fr\/wp-json\/wp\/v2\/comments?post=597318"}],"version-history":[{"count":0,"href":"https:\/\/www.europesays.com\/fr\/wp-json\/wp\/v2\/posts\/597318\/revisions"}],"wp:featuredmedia":[{"embeddable":true,"href":"https:\/\/www.europesays.com\/fr\/wp-json\/wp\/v2\/media\/597319"}],"wp:attachment":[{"href":"https:\/\/www.europesays.com\/fr\/wp-json\/wp\/v2\/media?parent=597318"}],"wp:term":[{"taxonomy":"category","embeddable":true,"href":"https:\/\/www.europesays.com\/fr\/wp-json\/wp\/v2\/categories?post=597318"},{"taxonomy":"post_tag","embeddable":true,"href":"https:\/\/www.europesays.com\/fr\/wp-json\/wp\/v2\/tags?post=597318"}],"curies":[{"name":"wp","href":"https:\/\/api.w.org\/{rel}","templated":true}]}}