{"id":597320,"date":"2025-12-13T18:59:15","date_gmt":"2025-12-13T18:59:15","guid":{"rendered":"https:\/\/www.europesays.com\/fr\/597320\/"},"modified":"2025-12-13T18:59:15","modified_gmt":"2025-12-13T18:59:15","slug":"la-russie-affirme-que-sa-reponse-au-gel-de-ses-comptes-en-europe-ne-tardera-pas","status":"publish","type":"post","link":"https:\/\/www.europesays.com\/fr\/597320\/","title":{"rendered":"La Russie affirme que sa r\u00e9ponse au gel de ses comptes en Europe \u00ab ne tardera pas \u00bb"},"content":{"rendered":"<p>AA \/ Moscou \/ Elena Teslova<\/p>\n<p>La Russie a d\u00e9clar\u00e9 samedi que sa r\u00e9ponse au gel de ses avoirs par l&rsquo;Union eurp\u00e9enne (UE) ne tarderait pas.<\/p>\n<p>La porte-parole du minist\u00e8re russe des Affaires \u00e9trang\u00e8res, Maria Zakharova, a d\u00e9clar\u00e9 dans un communiqu\u00e9 que les responsables de l&rsquo;UE ne disaient pas \u00e0 leurs citoyens qu&rsquo;ils paieraient pour les actions anti-russes.<\/p>\n<p>\u00ab Bruxelles cache soigneusement le fait que ce sont les citoyens des pays de l&rsquo;UE qui paieront le prix des ambitions politiques. Notre r\u00e9ponse ne tardera pas \u00bb, a-t-elle d\u00e9clar\u00e9.<\/p>\n<p>Zakharova a soulign\u00e9 que la Banque de Russie avait d\u00e9pos\u00e9 vendredi une plainte devant le tribunal d&rsquo;arbitrage de Moscou contre Euroclear Depository, un d\u00e9positaire de titres financiers bas\u00e9 en Belgique, afin d&rsquo;obtenir r\u00e9paration.<\/p>\n<p>\u00ab Cependant, l&rsquo;UE elle-m\u00eame ne sera pas en mesure de compenser les dommages qu&rsquo;elle causera \u00e0 son propre syst\u00e8me financier et \u00e9conomique, ainsi qu&rsquo;\u00e0 sa r\u00e9putation \u00bb, a ajout\u00e9 Zakharova.<\/p>\n<p>La diplomate a soulign\u00e9 que la cession des actifs souverains russes sans le consentement de la Russie constituait un acte absolument ill\u00e9gal, violant de mani\u00e8re flagrante le droit international.<\/p>\n<p>\u00ab Peu importe les astuces pseudo-juridiques utilis\u00e9es par Bruxelles pour justifier cette mesure, il s&rsquo;agit purement et simplement d&rsquo;un vol \u00bb, a conclu Zakharova.<\/p>\n<p>Zakharova a soulign\u00e9 le manque d&rsquo;unit\u00e9 au sein de l&rsquo;UE sur la question du gel ind\u00e9fini des avoirs russes.<\/p>\n<p>\u00ab Les repr\u00e9sentants de plusieurs \u00c9tats membres de l&rsquo;UE ont ouvertement d\u00e9clar\u00e9 leur rejet cat\u00e9gorique du plan manifestement frauduleux orchestr\u00e9 par la Commission europ\u00e9enne, soutenu par des capitales agressivement russophobes au sein de l&rsquo;UE, concernant les actifs russes \u00bb, a-t-elle d\u00e9clar\u00e9.<\/p>\n<p>Zakharova a \u00e9galement not\u00e9 que l&rsquo;UE s&rsquo;efforce de saper le r\u00e8glement ukrainien par tous les moyens possibles, d&rsquo;o\u00f9 la pr\u00e9cipitation \u00e0 prendre une d\u00e9cision sur les actifs russes.<\/p>\n<p>\u00ab Il est \u00e9vident qu&rsquo;Ursula Von Der Leyen (pr\u00e9sidente de la Commission europ\u00e9enne) et ses acolytes s&rsquo;efforcent \u00e9galement de saper la recherche de solutions pacifiques \u00e0 la crise ukrainienne. D&rsquo;o\u00f9 l&rsquo;urgence et le moment choisi pour prendre une d\u00e9cision concernant les avoirs russes afin de compromettre directement les initiatives de paix du pr\u00e9sident am\u00e9ricain Donald Trump \u00bb, a-t-elle soulign\u00e9.<\/p>\n<p>Commentant l&rsquo;explication de la Commission europ\u00e9enne concernant la possibilit\u00e9 de prendre des mesures extraordinaires en p\u00e9riode de graves difficult\u00e9s \u00e9conomiques au sein m\u00eame de l&rsquo;UE, Zakharova a d\u00e9clar\u00e9 qu&rsquo;il s&rsquo;agissait d&rsquo;une \u00ab auto-exposition \u00bb : l&rsquo;UE a d\u00e9montr\u00e9 que le fardeau ukrainien \u00e9tait devenu \u00ab insupportable \u00bb pour elle et qu&rsquo;elle \u00ab recourait au vol \u00bb.<\/p>\n<p>*Traduit de l\u2019anglais par Ayse Bashoruz<\/p>\n<p>                            &#13;<br \/>\n                                <a href=\"https:\/\/www.aa.com.tr\/fr\/p\/abonnement\/1001\" target=\"_blank\" style=\"font-size:12px; color:#444; text-decoration:none;\" rel=\"noopener\">&#13;<br \/>\n                                    Seulement une partie des d\u00e9p\u00eaches, que l&rsquo;Agence Anadolu diffuse \u00e0 ses abonn\u00e9s via le Syst\u00e8me de Diffusion interne (HAS), est diffus\u00e9e sur le site de l&rsquo;AA, de mani\u00e8re r\u00e9sum\u00e9e. <b style=\"color:#1897F7\">Contactez-nous s&rsquo;il vous pla\u00eet pour vous abonner.<\/b>&#13;<br \/>\n                                <\/a>&#13;<\/p>\n","protected":false},"excerpt":{"rendered":"AA \/ Moscou \/ Elena Teslova La Russie a d\u00e9clar\u00e9 samedi que sa r\u00e9ponse au gel de ses&hellip;\n","protected":false},"author":2,"featured_media":597321,"comment_status":"","ping_status":"","sticky":false,"template":"","format":"standard","meta":{"footnotes":""},"categories":[1591],"tags":[11,1785,1887,71007,10743,12,1885,1886,132],"class_list":{"0":"post-597320","1":"post","2":"type-post","3":"status-publish","4":"format-standard","5":"has-post-thumbnail","7":"category-russie","8":"tag-actualites","9":"tag-anadolu-ajansi","10":"tag-federation-de-russie","11":"tag-le-ministre-des-affaires-trangres-russe","12":"tag-maria-zakharova","13":"tag-news","14":"tag-russia","15":"tag-russian-federation","16":"tag-russie"},"share_on_mastodon":{"url":"https:\/\/pubeurope.com\/@fr\/115713799865961421","error":""},"_links":{"self":[{"href":"https:\/\/www.europesays.com\/fr\/wp-json\/wp\/v2\/posts\/597320","targetHints":{"allow":["GET"]}}],"collection":[{"href":"https:\/\/www.europesays.com\/fr\/wp-json\/wp\/v2\/posts"}],"about":[{"href":"https:\/\/www.europesays.com\/fr\/wp-json\/wp\/v2\/types\/post"}],"author":[{"embeddable":true,"href":"https:\/\/www.europesays.com\/fr\/wp-json\/wp\/v2\/users\/2"}],"replies":[{"embeddable":true,"href":"https:\/\/www.europesays.com\/fr\/wp-json\/wp\/v2\/comments?post=597320"}],"version-history":[{"count":0,"href":"https:\/\/www.europesays.com\/fr\/wp-json\/wp\/v2\/posts\/597320\/revisions"}],"wp:featuredmedia":[{"embeddable":true,"href":"https:\/\/www.europesays.com\/fr\/wp-json\/wp\/v2\/media\/597321"}],"wp:attachment":[{"href":"https:\/\/www.europesays.com\/fr\/wp-json\/wp\/v2\/media?parent=597320"}],"wp:term":[{"taxonomy":"category","embeddable":true,"href":"https:\/\/www.europesays.com\/fr\/wp-json\/wp\/v2\/categories?post=597320"},{"taxonomy":"post_tag","embeddable":true,"href":"https:\/\/www.europesays.com\/fr\/wp-json\/wp\/v2\/tags?post=597320"}],"curies":[{"name":"wp","href":"https:\/\/api.w.org\/{rel}","templated":true}]}}