{"id":597332,"date":"2025-12-13T19:09:30","date_gmt":"2025-12-13T19:09:30","guid":{"rendered":"https:\/\/www.europesays.com\/fr\/597332\/"},"modified":"2025-12-13T19:09:30","modified_gmt":"2025-12-13T19:09:30","slug":"lunion-europeenne-introduit-une-taxe-de-3-euros-sur-les-colis-bon-marche-provenant-de-pays-hors-ue-business-am","status":"publish","type":"post","link":"https:\/\/www.europesays.com\/fr\/597332\/","title":{"rendered":"L&rsquo;Union europ\u00e9enne introduit une taxe de 3 euros sur les colis bon march\u00e9 provenant de pays hors UE &#8211; Business AM"},"content":{"rendered":"<p>                    <img decoding=\"async\" style=\"aspect-ratio:16\/9\" src=\"https:\/\/www.europesays.com\/fr\/wp-content\/uploads\/2025\/12\/temu-pakje-pakjestaks.jpg\" width=\"100%\" loading=\"eager\"\/><\/p>\n<p>                            <a href=\"https:\/\/fr.businessam.be\/author\/redactie\/\" class=\"author-thumbnail\" style=\"border: 2px inset #00000099;\" rel=\"nofollow noopener\" target=\"_blank\"><img loading=\"lazy\" decoding=\"async\" src=\"https:\/\/www.europesays.com\/fr\/wp-content\/uploads\/2025\/12\/cropped-favicon-192x192.png\" width=\"80\" height=\"80\" alt=\"Business AM\"\/><\/a>\ue05bpar <a href=\"https:\/\/fr.businessam.be\/author\/redactie\/\" rel=\"nofollow noopener\" target=\"_blank\">Business AM<\/a><br \/>\ue010publi\u00e9 le samedi 13 d\u00e9cembre 2025 \u00e0 19:31 \u2022 <br \/>\ue00c2 min de lecture<\/p>\n<p>Principaux renseignements<\/p>\n<ul class=\"wp-block-list\">\n<li><strong>\u00c0 partir du 1er juillet 2026, l\u2019Union europ\u00e9enne pr\u00e9l\u00e8vera une taxe de 3 euros sur les colis de faible valeur provenant de pays tiers.<\/strong><\/li>\n<li><strong>L\u2019Union europ\u00e9enne envisage \u00e9galement d\u2019instaurer une taxe de manutention suppl\u00e9mentaire de 2 euros par colis afin de faire face \u00e0 l\u2019augmentation des importations.<\/strong><\/li>\n<\/ul>\n<p>Les ministres des Finances de l\u2019Union europ\u00e9enne ont pris une d\u00e9cision visant \u00e0 uniformiser les r\u00e8gles du jeu pour le commerce \u00e9lectronique. \u00c0 partir du 1er juillet 2026, un droit de douane temporaire de 3 euros sera appliqu\u00e9 aux colis de faible valeur entrant dans l\u2019UE en provenance de l\u2019ext\u00e9rieur. Cette mesure vise \u00e0 r\u00e9pondre aux inqui\u00e9tudes concernant la concurrence d\u00e9loyale exerc\u00e9e par les produits bon march\u00e9 import\u00e9s principalement de Chine. <\/p>\n<p>Chine<\/p>\n<p>Le nouveau droit de douane supprime l\u2019exemption \u00ab\u00a0de minimis\u00a0\u00bb, qui permettait auparavant aux achats en ligne d\u2019une valeur inf\u00e9rieure \u00e0 150 euros d\u2019entrer dans l\u2019UE sans droits de douane. Ce changement \u00e9tait initialement pr\u00e9vu pour 2028, mais il a \u00e9t\u00e9 acc\u00e9l\u00e9r\u00e9 en raison des inqui\u00e9tudes croissantes suscit\u00e9es par l\u2019<a href=\"https:\/\/fr.businessam.be\/temu-et-shein-conquerissent-leurope-malgre-les-inquietudes-liees-a-la-securite-et-a-la-concurrence\/\" rel=\"nofollow noopener\" target=\"_blank\">augmentation du volume des importations chinoises<\/a>.<\/p>\n<p>Pour mieux g\u00e9rer l\u2019afflux de colis de faible valeur, l\u2019UE envisage d\u2019instaurer une taxe de manutention suppl\u00e9mentaire de 2 euros par colis. Cette proposition fait suite \u00e0 une augmentation importante de ces importations, principalement en provenance de Chine. Rien que l\u2019ann\u00e9e derni\u00e8re, le nombre de colis de faible valeur entrant dans l\u2019UE a doubl\u00e9 pour atteindre 4,6 milliards. La combinaison des droits de douane et des frais de manutention potentiels vise \u00e0 cr\u00e9er un environnement plus \u00e9quilibr\u00e9 pour le commerce \u00e9lectronique au sein de l\u2019Union europ\u00e9enne. (uv)<\/p>\n<p><a href=\"https:\/\/news.google.com\/publications\/CAowtseUCw?hl=fr&amp;gl=BE&amp;ceid=BE%3Afr\" target=\"_blank\" rel=\"nofollow noopener\">Suivez \u00e9galement Business AM sur Google Actualit\u00e9s<\/a><\/p>\n<p><a href=\"https:\/\/portalfr.businessam.be\/plans\/business-am-fr-offre-dete\/\" target=\"_blank\" rel=\"nofollow noopener\">Si vous souhaitez acc\u00e9der \u00e0 tous les articles, abonnez-vous ici!<\/a><\/p>\n","protected":false},"excerpt":{"rendered":"\ue05bpar Business AM\ue010publi\u00e9 le samedi 13 d\u00e9cembre 2025 \u00e0 19:31 \u2022 \ue00c2 min de lecture Principaux renseignements \u00c0&hellip;\n","protected":false},"author":2,"featured_media":597333,"comment_status":"","ping_status":"","sticky":false,"template":"","format":"standard","meta":{"footnotes":""},"categories":[1586],"tags":[11,1777,674,1779,1011,27,12,25,1104,2549,1105,1778,364],"class_list":{"0":"post-597332","1":"post","2":"type-post","3":"status-publish","4":"format-standard","5":"has-post-thumbnail","7":"category-europe","8":"tag-actualites","9":"tag-eu","10":"tag-europe","11":"tag-european-union","12":"tag-fr","13":"tag-france","14":"tag-news","15":"tag-republique-francaise","16":"tag-shein","17":"tag-taxe","18":"tag-temu","19":"tag-ue","20":"tag-union-europeenne"},"share_on_mastodon":{"url":"https:\/\/pubeurope.com\/@fr\/115713841312102201","error":""},"_links":{"self":[{"href":"https:\/\/www.europesays.com\/fr\/wp-json\/wp\/v2\/posts\/597332","targetHints":{"allow":["GET"]}}],"collection":[{"href":"https:\/\/www.europesays.com\/fr\/wp-json\/wp\/v2\/posts"}],"about":[{"href":"https:\/\/www.europesays.com\/fr\/wp-json\/wp\/v2\/types\/post"}],"author":[{"embeddable":true,"href":"https:\/\/www.europesays.com\/fr\/wp-json\/wp\/v2\/users\/2"}],"replies":[{"embeddable":true,"href":"https:\/\/www.europesays.com\/fr\/wp-json\/wp\/v2\/comments?post=597332"}],"version-history":[{"count":0,"href":"https:\/\/www.europesays.com\/fr\/wp-json\/wp\/v2\/posts\/597332\/revisions"}],"wp:featuredmedia":[{"embeddable":true,"href":"https:\/\/www.europesays.com\/fr\/wp-json\/wp\/v2\/media\/597333"}],"wp:attachment":[{"href":"https:\/\/www.europesays.com\/fr\/wp-json\/wp\/v2\/media?parent=597332"}],"wp:term":[{"taxonomy":"category","embeddable":true,"href":"https:\/\/www.europesays.com\/fr\/wp-json\/wp\/v2\/categories?post=597332"},{"taxonomy":"post_tag","embeddable":true,"href":"https:\/\/www.europesays.com\/fr\/wp-json\/wp\/v2\/tags?post=597332"}],"curies":[{"name":"wp","href":"https:\/\/api.w.org\/{rel}","templated":true}]}}