{"id":597338,"date":"2025-12-13T19:14:21","date_gmt":"2025-12-13T19:14:21","guid":{"rendered":"https:\/\/www.europesays.com\/fr\/597338\/"},"modified":"2025-12-13T19:14:21","modified_gmt":"2025-12-13T19:14:21","slug":"comment-la-france-insoumise-sappuie-sur-la-colere-agricole-pour-taper-sur-le-gouvernement","status":"publish","type":"post","link":"https:\/\/www.europesays.com\/fr\/597338\/","title":{"rendered":"Comment La France insoumise s\u2019appuie sur la col\u00e8re agricole pour taper sur le gouvernement"},"content":{"rendered":"<p>        <img decoding=\"async\" loading=\"lazy\" src=\"https:\/\/www.europesays.com\/fr\/wp-content\/uploads\/2025\/12\/d16986e_upload-1-etnkzixsciy9-afp-20251108-hl-bohier-2949049-v1-highres-francemadeinfrancetradefairp.jpeg\"  width=\"728\" height=\"410\" alt=\"Jean-Luc M\u00e9lenchon au Salon du Made in France, le 7\u00a0novembre\u00a02025\u00a0\u00e0 Paris.\"\/>  <\/p>\n<p>BASTIEN OHIER \/ Hans Lucas via AFP<\/p>\n<p>Jean-Luc M\u00e9lenchon au Salon du Made in France, le 7\u00a0novembre\u00a02025\u00a0\u00e0 Paris.<\/p>\n<p>      <strong>EN BREF<\/strong> <strong>\u2022 <\/strong>La France insoumise soutient les agriculteurs contre l\u2019abattage syst\u00e9matique des troupeaux, critiquant la gestion gouvernementale de la dermatose nodulaire contagieuse.<br \/><strong>\u2022 <\/strong>Des d\u00e9put\u00e9s LFI, comme Manon Meunier, participent aux manifestations et demandent un d\u00e9bat \u00e0 l\u2019Assembl\u00e9e nationale.<br \/><strong>\u2022 <\/strong>Jean-Luc M\u00e9lenchon a qualifi\u00e9 l\u2019abattage \u00ab\u00a0d\u2019absurde\u00a0\u00bb et d\u00e9nonce l\u2019emploi disproportionn\u00e9 de la force.                         <\/p>\n<p class=\"asset asset-text\">La France agricole s\u2019inqui\u00e8te. Partout dans le pays, <a href=\"https:\/\/www.huffingtonpost.fr\/france\/video\/des-agriculteurs-bloquent-une-ferme-en-ariege-contre-l-abattage-de-vaches-tensions-avec-les-gendarmes_258141.html\" target=\"_blank\" rel=\"noopener\">les blocages de routes<\/a>, les actions devant les pr\u00e9fectures et parfois les mobilisations plus violentes se multiplient. Les tensions se cristallisent autour de\u00a0la gestion par le gouvernement de la dermatose nodulaire (DNC), une maladie contagieuse qui pousse les autorit\u00e9s \u00e0 <a href=\"https:\/\/www.huffingtonpost.fr\/france\/article\/abattre-tout-un-troupeau-comme-en-ariege-la-strategie-pour-lutter-contre-la-dermatose-nodulaire-divise_258152.html\" target=\"_blank\" rel=\"noopener\">abattre des troupeaux entiers<\/a> pour \u00e9viter sa propagation.<\/p>\n<p class=\"asset asset-text\">Depuis quelques jours, la ministre de l\u2019Agriculture Annie Genevard se d\u00e9multiplie dans les m\u00e9dias pour tenter de rassurer les \u00e9leveurs. Elle explique \u00ab\u00a0comprendre leur d\u00e9chirement\u00a0\u00bb compte tenu \u00ab\u00a0du lien intime\u00a0\u00bb qui les unit bien souvent \u00e0 leurs animaux et promet que l\u2019\u00c9tat mettra jusqu\u2019\u00e0 5\u00a0millions d\u2019euros pour couvrir leurs pertes financi\u00e8res. Pas suffisant aux yeux de nombreux responsables politiques.<\/p>\n<p class=\"asset asset-text\">\u00c0 La France insoumise, plusieurs d\u00e9put\u00e9s ont apport\u00e9 tr\u00e8s t\u00f4t leur soutien aux agriculteurs, n\u2019h\u00e9sitant pas \u00e0 \u00eatre pr\u00e9sents sur les barrages ou dans les manifestations sur le terrain. Ainsi <a href=\"https:\/\/x.com\/ManonMeunier_UP\/status\/1999545683859419644?s=20\" target=\"_blank\" rel=\"noopener\" title=\"Nouvelle fen\u00eatre\">Manon Meunier<\/a> et Christophe Bex ont-ils pris part \u00e0 une action <a href=\"https:\/\/www.huffingtonpost.fr\/france\/article\/a64-des-agriculteurs-en-colere-reinstallent-un-campement-devenu-emblematique-en-2024_258176.html\" target=\"_blank\" rel=\"noopener\" title=\"Nouvelle fen\u00eatre\">sur l\u2019autoroute A64\u00a0pr\u00e8s de Carbonne<\/a> (Haute-Garonne) pour, expliquent-ils, \u00ab\u00a0faire bloc\u00a0\u00bb avec les paysans mobilis\u00e9s. D\u2019abord parce qu\u2019ils partagent leurs revendications contre l\u2019abattage syst\u00e9matique, mais aussi parce qu\u2019ils jugent d\u00e9mesur\u00e9s les moyens d\u00e9ploy\u00e9s par les forces de l\u2019ordre.<\/p>\n<p class=\"asset asset-text\">Ces derniers jours, les insoumis sont sur tous les fronts. Une question pos\u00e9e au gouvernement dans l\u2019h\u00e9micycle mardi, un courrier envoy\u00e9 au Premier ministre S\u00e9bastien Lecornu pour demander l\u2019organisation d\u2019un d\u00e9bat et d\u2019un vote \u00e0 l\u2019Assembl\u00e9e, des d\u00e9placements sur le terrain\u2026 \u00c0 tel point qu\u2019un agriculteur a surpris son monde ce samedi 13\u00a0d\u00e9cembre sur BFMTV en r\u00e9pondant \u00e0 la question d\u2019un journaliste qui lui demandait s\u2019il avait des accointances avec l\u2019extr\u00eame droite, rappelant la proximit\u00e9 du syndicat Coordination rurale avec ce bord politique. \u00ab\u00a0Celle qui nous a tr\u00e8s bien d\u00e9fendus cette semaine, c\u2019est Manon Meunier. Elle a pos\u00e9 les vrais probl\u00e8mes \u00e0 la ministre, a exprim\u00e9 l\u2019\u00e9leveur, pr\u00e9cisant qu\u2019elle \u00e9tait d\u00e9put\u00e9e LFI. On est proches de ceux qui nous d\u00e9fendent\u00a0\u00bb.<\/p>\n<p> La lecture de ce contenu est susceptible d\u2019entra\u00eener un d\u00e9p\u00f4t de cookies de la part de l\u2019op\u00e9rateur tiers qui l\u2019h\u00e9berge. Compte-tenu des choix que vous avez exprim\u00e9s en mati\u00e8re de d\u00e9p\u00f4t de cookies, nous avons bloqu\u00e9 l\u2019affichage de ce contenu. Si vous souhaitez y acc\u00e9der, vous devez accepter la cat\u00e9gorie de cookies \u201cContenus tiers\u201d en cliquant sur le bouton ci-dessous. <\/p>\n<p> Lire la Vid\u00e9o        <\/p>\n<p class=\"asset asset-text\">La relation entre La France insoumise et le monde agricole, parfois faite de malentendus et d\u2019incompr\u00e9hensions, n\u2019a pas toujours \u00e9t\u00e9 au beau fixe. Le mouvement de gauche radicale est hostile \u00e0 une agriculture intensive et productiviste, ce \u00e0 quoi s\u2019opposent certains \u00e9leveurs. L\u2019id\u00e9e de \u00ab\u00a0planification\u00a0\u00bb, propos\u00e9e par Jean-Luc M\u00e9lenchon lors de ses campagnes \u00e9lectorales, fait plus facilement l\u2019unanimit\u00e9 puisqu\u2019elle s\u2019appuie sur une relocalisation de la production en France et un accompagnement des professionnels vers la transition \u00e9cologique, qui leur assurerait de meilleurs revenus.<\/p>\n<p class=\"asset asset-text\">Lors de la crise de 2024, les repr\u00e9sentants du mouvement \u00e9taient d\u00e9j\u00e0 mobilis\u00e9s, Jean-Luc M\u00e9lenchon ayant lui-m\u00eame appel\u00e9 <a href=\"https:\/\/melenchon.fr\/2024\/01\/25\/cause-commune-avec-le-mouvement-des-agriculteurs\/\" target=\"_blank\" rel=\"noopener\" title=\"Nouvelle fen\u00eatre\">sur son blog<\/a> \u00e0 faire \u00ab\u00a0cause commune avec le mouvement des agriculteurs\u00a0\u00bb.<\/p>\n<p>                     M\u00e9lenchon d\u00e9nonce l\u2019abattage syst\u00e9matique    <\/p>\n<p class=\"asset asset-text\">Dans une interview diffus\u00e9e samedi par <a href=\"https:\/\/www.facebook.com\/L.insoumission\/videos\/-jean-luc-m%C3%A9lenchon-labattage-syst%C3%A9matique-des-troupeaux-est-absurde-des-institu\/736930572206857\/\" target=\"_blank\" rel=\"noopener\" title=\"Nouvelle fen\u00eatre\">L\u2019Insoumission<\/a>, le triple candidat \u00e0 la pr\u00e9sidentielle d\u00e9plore l\u2019abattage syst\u00e9matique des troupeaux, strat\u00e9gie suivie par le gouvernement face \u00e0 cette maladie. \u00ab\u00a0On fait comme il y a 1\u00a0000\u00a0ans. Quand une b\u00eate est malade, on tue tout le troupeau. Ce n\u2019est pas possible, on ne peut pas continuer \u00e0 faire \u00e7a, c\u2019est absurde, d\u00e9fend-il. On tue des dizaines de b\u00eates parfaitement saines\u00a0\u00bb. Le gouvernement a beau r\u00e9pondre qu\u2019il suffit qu\u2019un seul bovin soit touch\u00e9 pour qu\u2019il infecte tout un troupeau, les insoumis ne veulent pas \u00eatre pris \u00e0 d\u00e9faut dans leur soutien au monde agricole. \u00ab\u00a0Soutien total aux \u00e9leveurs mobilis\u00e9s\u00a0\u00bb, exprimait Manuel Bompard le 12\u00a0d\u00e9cembre. Le coordinateur de La France insoumise en profitait pour faire part de sa \u00ab\u00a0honte\u00a0\u00bb \u00e0 l\u2019\u00e9gard d\u2019un pouvoir \u00ab\u00a0qui r\u00e9pond par la r\u00e9pression \u00e0 des revendications et \u00e0 une col\u00e8re l\u00e9gitimes\u00a0\u00bb.<\/p>\n<p class=\"asset asset-text\">L\u2019envoi de forces de police pour contenir la mobilisation agricole est l\u2019un des points sur lequel insistent les insoumis pour s\u2019opposer au gouvernement. \u00ab\u00a0Comment on r\u00e8gle les probl\u00e8mes d\u00e9sormais dans ce pays\u00a0? La police, la nuit, les grenades assourdissantes, les tirs directs\u2026 Jusqu\u2019\u00e0 ce que les gens finissent par c\u00e9der. La police n\u2019est pas faite pour courir dans les champs en tirant comme \u00e7a\u00a0\u00bb, estime Jean-Luc M\u00e9lenchon dans la m\u00eame interview. Protestant contre \u00ab\u00a0l\u2019emploi disproportionn\u00e9 de la force\u00a0\u00bb, l\u2019ex-d\u00e9put\u00e9 des Bouches-du-Rh\u00f4ne a un message \u00e0 faire passer au gouvernement\u00a0: \u00ab\u00a0Ne croyez pas que vous allez intimider les gens ou les emp\u00eacher d\u2019agir\u00a0\u00bb.<\/p>\n<p>    Le PS et le PCF plus discrets    <\/p>\n<p class=\"asset asset-text\">Sur le fond, ses troupes veulent \u00ab\u00a0r\u00e9orienter toute la politique sanitaire\u00a0\u00bb contre la dermatose nodulaire, et plus largement contre \u00ab\u00a0l\u2019ensemble des \u00e9pizooties\u00a0\u00bb. \u00ab\u00a0En priorisant la vaccination et la pr\u00e9vention. En y mettant les moyens financiers n\u00e9cessaires. En la construisant avec, et non pas contre les \u00e9leveurs\u00a0\u00bb, a expliqu\u00e9 Manon Meunier \u00e0 l\u2019Assembl\u00e9e.<\/p>\n<p class=\"asset asset-text\">Comme souvent lors des moments de forte mobilisation, l\u2019attitude tr\u00e8s offensive des insoumis tranche avec la distance avec laquelle d\u2019autres forces politiques participent au d\u00e9bat. \u00c0 gauche, ni Olivier Faure (PS) ni Fabien Roussel (PCF) n\u2019ont publiquement pris la parole sur le sujet. Seule Marine Tondelier, secr\u00e9taire nationale des \u00c9cologistes, appelle \u00e0 \u00ab\u00a0repenser nos politiques sanitaires\u00a0\u00bb et apporte son soutien aux agriculteurs mobilis\u00e9s. Reste le RN, o\u00f9 Marine Le\u00a0Pen demande une concertation afin de trouver des alternatives \u00e0 l\u2019abattage syst\u00e9matique des troupeaux.<\/p>\n","protected":false},"excerpt":{"rendered":"BASTIEN OHIER \/ Hans Lucas via AFP Jean-Luc M\u00e9lenchon au Salon du Made in France, le 7\u00a0novembre\u00a02025\u00a0\u00e0 Paris.&hellip;\n","protected":false},"author":2,"featured_media":571585,"comment_status":"","ping_status":"","sticky":false,"template":"","format":"standard","meta":{"footnotes":""},"categories":[4],"tags":[11,327,1011,27,1023,12,316,25],"class_list":{"0":"post-597338","1":"post","2":"type-post","3":"status-publish","4":"format-standard","5":"has-post-thumbnail","7":"category-france","8":"tag-actualites","9":"tag-agriculture","10":"tag-fr","11":"tag-france","12":"tag-la-france-insoumise-lfi","13":"tag-news","14":"tag-politique","15":"tag-republique-francaise"},"share_on_mastodon":{"url":"https:\/\/pubeurope.com\/@fr\/115713860809958580","error":""},"_links":{"self":[{"href":"https:\/\/www.europesays.com\/fr\/wp-json\/wp\/v2\/posts\/597338","targetHints":{"allow":["GET"]}}],"collection":[{"href":"https:\/\/www.europesays.com\/fr\/wp-json\/wp\/v2\/posts"}],"about":[{"href":"https:\/\/www.europesays.com\/fr\/wp-json\/wp\/v2\/types\/post"}],"author":[{"embeddable":true,"href":"https:\/\/www.europesays.com\/fr\/wp-json\/wp\/v2\/users\/2"}],"replies":[{"embeddable":true,"href":"https:\/\/www.europesays.com\/fr\/wp-json\/wp\/v2\/comments?post=597338"}],"version-history":[{"count":0,"href":"https:\/\/www.europesays.com\/fr\/wp-json\/wp\/v2\/posts\/597338\/revisions"}],"wp:featuredmedia":[{"embeddable":true,"href":"https:\/\/www.europesays.com\/fr\/wp-json\/wp\/v2\/media\/571585"}],"wp:attachment":[{"href":"https:\/\/www.europesays.com\/fr\/wp-json\/wp\/v2\/media?parent=597338"}],"wp:term":[{"taxonomy":"category","embeddable":true,"href":"https:\/\/www.europesays.com\/fr\/wp-json\/wp\/v2\/categories?post=597338"},{"taxonomy":"post_tag","embeddable":true,"href":"https:\/\/www.europesays.com\/fr\/wp-json\/wp\/v2\/tags?post=597338"}],"curies":[{"name":"wp","href":"https:\/\/api.w.org\/{rel}","templated":true}]}}