{"id":597344,"date":"2025-12-13T19:26:05","date_gmt":"2025-12-13T19:26:05","guid":{"rendered":"https:\/\/www.europesays.com\/fr\/597344\/"},"modified":"2025-12-13T19:26:05","modified_gmt":"2025-12-13T19:26:05","slug":"remco-est-lun-des-coureurs-les-plus-spectaculaires","status":"publish","type":"post","link":"https:\/\/www.europesays.com\/fr\/597344\/","title":{"rendered":"Remco est l&rsquo;un des coureurs les plus spectaculaires"},"content":{"rendered":"<p class=\"ap-StoryElement ap-StoryElement--mb ap-StoryText\">Les propos sont de Dan Bigham. Cet ing\u00e9nieur en a\u00e9rodynamique est une sommit\u00e9 en la mati\u00e8re. Ancien d\u00e9tenteur du record de l&rsquo;heure, ce Britannique de 34 ans au sourire perp\u00e9tuellement accroch\u00e9 au visage traduit un peu le sentiment g\u00e9n\u00e9ral qui pr\u00e9vaut dans les rangs de Red Bull-Bora-Hansgrohe. Les pontes du g\u00e9ant austro-allemand se frottent les mains d&rsquo;avoir mis cet automne le grappin sur le triple champion du monde du contre-la-montre. \u00ab\u00a0Remco est sans doute le meilleur rouleur actuel, lance Ralph Denk, le patron de la formation bas\u00e9e \u00e0 Salzbourg. Mais il est aussi et surtout l&rsquo;un des coureurs les plus spectaculaires \u00e0 voir. Quand il prend le d\u00e9part d&rsquo;une course, il y joue tr\u00e8s souvent un r\u00f4le majeur en se montrant offensif.\u00a0\u00bb<\/p>\n<p><a href=\"https:\/\/www.lalibre.be\/sports\/cyclisme\/2025\/12\/11\/pas-de-tour-des-flandres-ni-de-giro-pour-remco-evenepoel-mes-trois-objectifs-en-2026-les-ardennaises-le-podium-du-tour-et-le-titre-mondial-JU63Q3FSA5HZ5CAC4ZIQAFLADQ\/\" target=\"_self\" class=\"ap-StoryInterstitialLink ap-StoryElement ap-StoryElement--mb\" rel=\"noopener\">Pas de Tour des Flandres ni de Giro pour Remco Evenepoel : \u00ab\u00a0Mes trois objectifs en 2026 ? Les Ardennaises, le podium du Tour et le titre mondial\u00a0\u00bb<\/a><\/p>\n<p class=\"ap-StoryElement ap-StoryElement--mb ap-StoryText\">L&rsquo;int\u00e9ress\u00e9 accueille \u00e9videmment ces compliments \u00e0 bras ouverts. Mais il ne s&#8217;emballe pas. C&rsquo;est \u00e0 lui \u00e0 s&rsquo;adapter \u00e0 un nouveau cadre de travail, \u00e0 une autre philosophie que chez Soudal Quick-Step, la seule \u00e9quipe qu&rsquo;il a connue avant de franchir le pas vers une structure beaucoup plus grande \u2013 parce que pr\u00e9sente dans d&rsquo;autres sports \u2013 et plus internationale. \u00ab\u00a0Ici, on parle surtout anglais\u00a0\u00bb, dit-il. N\u00e9anmoins, il pourra continuer \u00e0 pratiquer la langue de Vondel avec Jordi Meeus et Maxim Van Gils, d\u00e9j\u00e0 habitu\u00e9 aux us et coutumes locaux, ainsi qu&rsquo;avec Gianni Vermeersch et Arne Marit, arriv\u00e9s, eux, d&rsquo;Alpecin-Deceuninck et Intermarch\u00e9-Wanty. \u00ab\u00a0Depuis le d\u00e9but du stage ici \u00e0 Majorque, Remco semble tout \u00e0 fait \u00e0 l&rsquo;aise, affirme Meeus. Je le trouve tr\u00e8s serein et heureux d&rsquo;\u00eatre l\u00e0. Il sait qu&rsquo;il peut compter sur moi s&rsquo;il a besoin de quoi que ce soit, mais je pense qu&rsquo;il est assez grand pour faire son propre chemin (rires).\u00a0\u00bb<\/p>\n<p class=\"ap-StoryElement ap-StoryElement--mb ap-StoryText\">Nouveau venu, lui aussi, Vermeersch a \u00e9t\u00e9 habitu\u00e9 \u00e0 c\u00f4toyer un autre champion, en l&rsquo;occurrence van der Poel. \u00ab\u00a0Chez Alpecin, Mathieu prenait toute la place, affirme-t-il. C&rsquo;\u00e9tait le coureur phare. J&rsquo;\u00e9tais tout le temps \u00e0 son service. Cela ne m&rsquo;a pas d\u00e9rang\u00e9 du tout mais, ici, ce sera diff\u00e9rent. Il y a plus de leaders et Remco en est un. Je ne sais pas si nous roulerons souvent ensemble mais je sais d\u00e9j\u00e0 que je devrai serrer les dents pour garder le contact avec sa roue arri\u00e8re lorsqu&rsquo;il sera \u00e0 fond en t\u00eate de groupe.\u00a0\u00bb<\/p>\n<blockquote class=\"ap-StoryQuote ap-StoryQuote--pullquote\"><p>guillement<\/p>\n<p class=\"ap-StoryQuote-text\">Ce gars a un sacr\u00e9 palmar\u00e8s. Je me sens tout petit \u00e0 c\u00f4t\u00e9 de lui.<\/p>\n<\/blockquote>\n<p class=\"ap-StoryElement ap-StoryElement--mb ap-StoryText\">Transfert tardif et surprenant, Arne Marit la joue modeste. \u00ab\u00a0Me retrouver avec quelqu&rsquo;un comme Remco, mais aussi aux c\u00f4t\u00e9s de Roglic, c&rsquo;est un peu impressionnant, glisse le sprinter flandrien. Ces gars ont un sacr\u00e9 palmar\u00e8s. Je me sens tout petit \u00e0 c\u00f4t\u00e9 d&rsquo;eux.\u00a0\u00bb<\/p>\n<p class=\"ap-StoryElement ap-StoryElement--mb ap-StoryText\">Evenepoel n&rsquo;est pas le seul \u00e0 venir du Wolfpack. Il a amen\u00e9 avec lui son directeur sportif Klaas Lodewijck, son confident et soigneur David Geeroms et son cousin m\u00e9canicien Dario Kloeck. \u00ab\u00a0\u00catre \u00e0 plusieurs constitue un avantage. On sait que l&rsquo;on peut se parler si l&rsquo;on manque de rep\u00e8res, pr\u00e9cise Lodewijck. Mais, je vous rassure, on ne s&rsquo;est jamais senti perdu. On est venu pour aider Remco \u00e0 \u00eatre encore plus fort. M\u00eame si je vais beaucoup l&rsquo;accompagner sur les courses, c&rsquo;est bien qu&rsquo;il soit confront\u00e9 \u00e0 d&rsquo;autres points de vue. Il discute d&rsquo;ailleurs pas mal avec Zak (NdlR : Dempster, le chef du d\u00e9partement sportif).\u00a0\u00bb<\/p>\n<p class=\"ap-StoryElement ap-StoryElement--mb ap-StoryText\">Transf\u00e9r\u00e9, lui aussi, de Soudal Quick-Step, Mattia Cattaneo n&rsquo;est pas venu \u00e0 la demande du double champion olympique. \u00ab\u00a0J&rsquo;avais sign\u00e9 quand Remco l&rsquo;a fait, rappelle le coureur italien. Mais, finalement, c&rsquo;est bien que nous soyons tous les deux l\u00e0. On se conna\u00eet tr\u00e8s bien. On a gagn\u00e9 plusieurs courses ensemble et je pense que Remco appr\u00e9cie mon calme et mon exp\u00e9rience. Je serai toujours l\u00e0 pour l&rsquo;\u00e9pauler mais Remco est un vrai leader. C&rsquo;est donc plut\u00f4t lui qui dicte la marche \u00e0 suivre.\u00a0\u00bb<\/p>\n<blockquote class=\"ap-StoryQuote ap-StoryQuote--pullquote\"><p>guillement<\/p>\n<p class=\"ap-StoryQuote-text\">Remco et moi sommes diff\u00e9rents. Il aime la lumi\u00e8re, moi pas tellement.<\/p>\n<\/blockquote>\n<p class=\"ap-StoryElement ap-StoryElement--mb ap-StoryText\">Reste qu&rsquo;Evenepoel n&rsquo;est plus le leader unique de son \u00e9quipe. D&rsquo;autres, comme Florian Lipowitz et Primoz Roglic, ont ce statut. \u00ab\u00a0Remco et moi sommes assez diff\u00e9rents, assure l&rsquo;Allemand (25 ans), 3e du Tour 2025 et qui partagera le leadership avec notre compatriote sur la prochaine Grande Boucle. Il aime disputer les classiques au printemps et il est l&rsquo;un des meilleurs du monde sur les courses d&rsquo;un jour. Il est assez punchy, alors que moi je pr\u00e9f\u00e8re les longues ascensions. Je ne suis pas tr\u00e8s \u00e0 l&rsquo;aise avec les m\u00e9dias, lui l&rsquo;est plus. Il aime la lumi\u00e8re, moi pas tellement.\u00a0\u00bb<\/p>\n<p class=\"ap-StoryElement ap-StoryElement--mb ap-StoryText\">\u00ab\u00a0Remco est un bon gars, conclut le v\u00e9t\u00e9ran Roglic. On est tous assez diff\u00e9rents de l&rsquo;image qu&rsquo;on renvoie en course, mais de ce que je vois pour le moment, c&rsquo;est vraiment un gars sympa.\u00a0\u00bb Et heureux d&rsquo;\u00eatre l\u00e0\u2026<\/p>\n","protected":false},"excerpt":{"rendered":"Les propos sont de Dan Bigham. Cet ing\u00e9nieur en a\u00e9rodynamique est une sommit\u00e9 en la mati\u00e8re. Ancien d\u00e9tenteur&hellip;\n","protected":false},"author":2,"featured_media":597345,"comment_status":"","ping_status":"","sticky":false,"template":"","format":"standard","meta":{"footnotes":""},"categories":[1411],"tags":[71008,17,71009,71010,19566,1154,207,3347,59294,71011,67264,1011,27,37639,71012,71013,71014,517,60,71015,1172],"class_list":{"0":"post-597344","1":"post","2":"type-post","3":"status-publish","4":"format-standard","5":"has-post-thumbnail","7":"category-cyclisme","8":"tag-peterdevoecht","9":"tag-17","10":"tag-boonen","11":"tag-charity","12":"tag-cross","13":"tag-cycling","14":"tag-cyclisme","15":"tag-cyclo","16":"tag-cyclo-cross","17":"tag-cyclo-x","18":"tag-cyclocross","19":"tag-fr","20":"tag-france","21":"tag-friends","22":"tag-liefdadigheid","23":"tag-mol","24":"tag-peter-de-voecht","25":"tag-sport","26":"tag-sports","27":"tag-veldrijden","28":"tag-wielrennen"},"share_on_mastodon":{"url":"https:\/\/pubeurope.com\/@fr\/115713906032106028","error":""},"_links":{"self":[{"href":"https:\/\/www.europesays.com\/fr\/wp-json\/wp\/v2\/posts\/597344","targetHints":{"allow":["GET"]}}],"collection":[{"href":"https:\/\/www.europesays.com\/fr\/wp-json\/wp\/v2\/posts"}],"about":[{"href":"https:\/\/www.europesays.com\/fr\/wp-json\/wp\/v2\/types\/post"}],"author":[{"embeddable":true,"href":"https:\/\/www.europesays.com\/fr\/wp-json\/wp\/v2\/users\/2"}],"replies":[{"embeddable":true,"href":"https:\/\/www.europesays.com\/fr\/wp-json\/wp\/v2\/comments?post=597344"}],"version-history":[{"count":0,"href":"https:\/\/www.europesays.com\/fr\/wp-json\/wp\/v2\/posts\/597344\/revisions"}],"wp:featuredmedia":[{"embeddable":true,"href":"https:\/\/www.europesays.com\/fr\/wp-json\/wp\/v2\/media\/597345"}],"wp:attachment":[{"href":"https:\/\/www.europesays.com\/fr\/wp-json\/wp\/v2\/media?parent=597344"}],"wp:term":[{"taxonomy":"category","embeddable":true,"href":"https:\/\/www.europesays.com\/fr\/wp-json\/wp\/v2\/categories?post=597344"},{"taxonomy":"post_tag","embeddable":true,"href":"https:\/\/www.europesays.com\/fr\/wp-json\/wp\/v2\/tags?post=597344"}],"curies":[{"name":"wp","href":"https:\/\/api.w.org\/{rel}","templated":true}]}}