{"id":597347,"date":"2025-12-13T19:32:33","date_gmt":"2025-12-13T19:32:33","guid":{"rendered":"https:\/\/www.europesays.com\/fr\/597347\/"},"modified":"2025-12-13T19:32:33","modified_gmt":"2025-12-13T19:32:33","slug":"marion-cotillard-a-t-elle-un-lien-de-parente-avec-thierry-cotillard-patron-dintermarche","status":"publish","type":"post","link":"https:\/\/www.europesays.com\/fr\/597347\/","title":{"rendered":"Marion Cotillard a-t-elle un lien de parent\u00e9 avec Thierry Cotillard, patron d&rsquo;Intermarch\u00e9 ?"},"content":{"rendered":"<p><strong>Marion Cotillard<\/strong> continue de fasciner par sa<br \/>\ncarri\u00e8re exceptionnelle. Son r\u00f4le dans La M\u00f4me a marqu\u00e9 un<br \/>\ntournant et lui a valu l\u2019Oscar de la meilleure actrice, ouvrant la<br \/>\nvoie \u00e0 des succ\u00e8s internationaux comme Inception de<br \/>\n<strong>Christopher Nolan<\/strong>, De rouille et d\u2019os,<br \/>\nThe Dark Knight Rises ou encore Annette. Plus<br \/>\nr\u00e9cemment, le public a pu la retrouver dans La Tour de<br \/>\nGlace, sorti le 17 septembre dernier, confirmant son statut<br \/>\nd\u2019actrice incontournable.<\/p>\n<p>Mais l\u00a0\u00bbactrice oscaris\u00e9e ne se limite pas au grand \u00e9cran. Selon<br \/>\nCloser dans son \u00e9dition du 31 octobre 2025, elle a investi<br \/>\ndans le restaurant Jaja, un repaire discret du Marais d\u00e9crit comme<br \/>\nun \u00ab\u00a0havre secret\u00a0\u00bb et un \u00ab\u00a0morceau de campagne au c\u0153ur<br \/>\nde Paris\u00a0\u00bb. Sous la verri\u00e8re ou sur la mini-terrasse prot\u00e9g\u00e9e,<br \/>\nle chef <strong>Eduardo Gonzalez<\/strong> propose une cuisine de<br \/>\nbistrot chic avec des classiques revisit\u00e9s, des assiettes canailles<br \/>\net des produits bio ultra-frais livr\u00e9s chaque matin. La carte des<br \/>\nvins impressionne \u00e9galement avec pr\u00e8s de 80 r\u00e9f\u00e9rences, dont<br \/>\nplusieurs grands crus servis au verre.<\/p>\n<p>Marion Cotillard, une v\u00e9ritable femme d&rsquo;affaires<\/p>\n<p>Le charme intimiste et l\u2019ambiance cosy des restaurants de Marion<br \/>\nCotillard s\u00e9duisent d\u00e9j\u00e0 les amateurs de lieux confidentiels. Comme<br \/>\nle rapporte Linternaute, \u00e0 l\u2019automne, Jaja proposait des<br \/>\nplats de saison tels que l\u00e9gumes au vinaigre de x\u00e9r\u00e8s et thym,<br \/>\nrisotto \u00e0 la rascasse ou tatin de potiron au caramel beurre sal\u00e9.<br \/>\nL\u2019actrice y d\u00e9fend concr\u00e8tement <strong>ses convictions en mati\u00e8re<br \/>\nde bio<\/strong>, de produits locaux et de cuisine de qualit\u00e9,<br \/>\nillustrant son engagement pour l\u2019environnement.<\/p>\n<p><a href=\"https:\/\/www.melty.fr\/people\/avant-sa-rupture-avec-guillaume-canet-marion-cotillard-tres-franche-javais-regulierement-envie-de-2271521.html\" target=\"_blank\" rel=\"noopener\"><br \/>\nL&rsquo;ex-compagne de Guillaume Canet<\/a> ne s\u2019arr\u00eate pas l\u00e0 et a<br \/>\n\u00e9galement investi dans <strong>Glou<\/strong>, un bar \u00e0 vin moderne<br \/>\nsitu\u00e9 rue Vieille-du-Temple dans le Marais. L\u2019\u00e9tablissement mise<br \/>\nsur la convivialit\u00e9 avec une salle \u00e0 l\u2019\u00e9tage offrant une vue sur le<br \/>\nmus\u00e9e Picasso et une cuisine g\u00e9n\u00e9reuse et cr\u00e9ative sign\u00e9e<br \/>\n<strong>Yuri Fernandes<\/strong>. Pain d\u2019\u00e9pices fa\u00e7on perdu au foie<br \/>\ngras, goulash d\u2019agneau \u00e0 la polenta \u00e0 la truffe noire ou tiramisu \u00e0<br \/>\nl\u2019orange composent une carte qui s\u00e9duit autant les habitu\u00e9s que les<br \/>\ngourmets de passage. Ces deux adresses confirment Marion Cotillard<br \/>\ncomme une entrepreneuse \u00e0 part enti\u00e8re, \u00e0 l\u2019image de<br \/>\n<strong>Thierry Cotillard<\/strong>, le patron d\u2019Intermarch\u00e9, avec<br \/>\nlequel elle partage le nom.<\/p>\n<p>Thierry Cotillard, un businessman \u00e9m\u00e9rite<\/p>\n<p>Mais qui est Thierry Cotillard, cet homme qui partage le nom de<br \/>\nl\u2019actrice Marion Cotillard ? Il pr\u00e9side le groupement Les<br \/>\nMousquetaires et multiplie les apparitions m\u00e9diatiques. Ces<br \/>\nderni\u00e8res semaines, on l\u2019a vu ou entendu sur TF1, RMC, BFM<br \/>\nBusiness, Radio Classique, dans Le Figaro, Capital, Sud Ouest, sur<br \/>\nFrance Inter, dans l\u2019\u00e9mission \u00ab C \u00e0 vous \u00bb (France 5) et m\u00eame dans<br \/>\nle journal L\u2019\u00c9quipe. Ses d\u00e9clarations, comme celle du 8 septembre<br \/>\nsur la mobilisation \u00ab Bloquons tout \u00bb, sont reprises et<br \/>\ncomment\u00e9es par la presse, g\u00e9n\u00e9rant <strong>un v\u00e9ritable \u00e9cho<br \/>\nm\u00e9diatique<\/strong>.<\/p>\n<p>Les m\u00e9thodes utilis\u00e9es pour asseoir la notori\u00e9t\u00e9 de <a href=\"https:\/\/www.melty.fr\/people\/patron-de-leclerc-michel-edouard-admet-que-ce-qui-est-pris-dans-la-poche-du-consommateur-ne-revient-pas-2281778.html\" target=\"_blank\" rel=\"noopener\"><br \/>\nMichel-Edouard Leclerc<\/a> semblent inspirer Thierry Cotillard.<br \/>\nSelon un portrait du magazine professionnel LSA Conso du 25<br \/>\nd\u00e9cembre 2024, <strong>le patron de Leclerc<\/strong> est le \u00ab<br \/>\nmentor \u00bb du patron d\u2019Intermarch\u00e9, et Cotillard appara\u00eet<br \/>\ncomme un \u00ab homme press\u00e9 \u00bb, d\u00e9sormais \u00ab habitu\u00e9 des<br \/>\nm\u00e9dias \u00bb, \u00ab qui sait embarquer gr\u00e2ce \u00e0 sa g\u00e9n\u00e9rosit\u00e9<br \/>\ncommunicationnelle \u00bb. Cette strat\u00e9gie m\u00e9diatique contribue \u00e0<br \/>\nconstruire sa stature et son capital d\u2019influence.<\/p>\n<p>Marion et Thierry Cotillard de la m\u00eame<br \/>\nfamille ?<\/p>\n<p>Le partage du nom Cotillard entre l\u2019actrice Marion et le patron<br \/>\nThierry intrigue beaucoup de monde. \u00c9tymologiquement, ce nom se<br \/>\nrencontre surtout en Bretagne et pourrait \u00eatre li\u00e9 \u00e0 un fabricant<br \/>\nde coutil, un type de toile. On retrouve \u00e9galement des variantes<br \/>\ncomme <strong>Cotillec<\/strong> ou <strong>Coutillard<\/strong> dans<br \/>\nd\u2019autres r\u00e9gions, mais cela reste avant tout une co\u00efncidence<br \/>\ng\u00e9ographique et linguistique.<\/p>\n<p>En r\u00e9alit\u00e9, Marion Cotillard est la fille de <strong>Niseema<br \/>\nTheillaud<\/strong> et <strong>Jean Claude Cotillard<\/strong> et a<br \/>\npour fr\u00e8res Guillaume et Quentin Cotillard. Thierry Cotillard ne<br \/>\nfigure nulle part dans son arbre g\u00e9n\u00e9alogique. Malgr\u00e9 le m\u00eame nom,<br \/>\naucun lien de parent\u00e9 ne les unit, ce qui dissipe d\u00e9finitivement<br \/>\nles rumeurs autour de leur possible famille commune.<\/p>\n","protected":false},"excerpt":{"rendered":"Marion Cotillard continue de fasciner par sa carri\u00e8re exceptionnelle. Son r\u00f4le dans La M\u00f4me a marqu\u00e9 un tournant&hellip;\n","protected":false},"author":2,"featured_media":597348,"comment_status":"","ping_status":"","sticky":false,"template":"","format":"standard","meta":{"footnotes":""},"categories":[1359],"tags":[58,59,1011,27,34774,973,65861],"class_list":{"0":"post-597347","1":"post","2":"type-post","3":"status-publish","4":"format-standard","5":"has-post-thumbnail","7":"category-people","8":"tag-divertissement","9":"tag-entertainment","10":"tag-fr","11":"tag-france","12":"tag-marion-cotillard","13":"tag-people","14":"tag-trend"},"share_on_mastodon":{"url":"https:\/\/pubeurope.com\/@fr\/115713930297860151","error":""},"_links":{"self":[{"href":"https:\/\/www.europesays.com\/fr\/wp-json\/wp\/v2\/posts\/597347","targetHints":{"allow":["GET"]}}],"collection":[{"href":"https:\/\/www.europesays.com\/fr\/wp-json\/wp\/v2\/posts"}],"about":[{"href":"https:\/\/www.europesays.com\/fr\/wp-json\/wp\/v2\/types\/post"}],"author":[{"embeddable":true,"href":"https:\/\/www.europesays.com\/fr\/wp-json\/wp\/v2\/users\/2"}],"replies":[{"embeddable":true,"href":"https:\/\/www.europesays.com\/fr\/wp-json\/wp\/v2\/comments?post=597347"}],"version-history":[{"count":0,"href":"https:\/\/www.europesays.com\/fr\/wp-json\/wp\/v2\/posts\/597347\/revisions"}],"wp:featuredmedia":[{"embeddable":true,"href":"https:\/\/www.europesays.com\/fr\/wp-json\/wp\/v2\/media\/597348"}],"wp:attachment":[{"href":"https:\/\/www.europesays.com\/fr\/wp-json\/wp\/v2\/media?parent=597347"}],"wp:term":[{"taxonomy":"category","embeddable":true,"href":"https:\/\/www.europesays.com\/fr\/wp-json\/wp\/v2\/categories?post=597347"},{"taxonomy":"post_tag","embeddable":true,"href":"https:\/\/www.europesays.com\/fr\/wp-json\/wp\/v2\/tags?post=597347"}],"curies":[{"name":"wp","href":"https:\/\/api.w.org\/{rel}","templated":true}]}}