{"id":59735,"date":"2025-04-28T17:02:08","date_gmt":"2025-04-28T17:02:08","guid":{"rendered":"https:\/\/www.europesays.com\/fr\/59735\/"},"modified":"2025-04-28T17:02:08","modified_gmt":"2025-04-28T17:02:08","slug":"leila-slimani-jeremy-strong-halle-berry-le-jury-du-festival-de-cannes-devoile","status":"publish","type":"post","link":"https:\/\/www.europesays.com\/fr\/59735\/","title":{"rendered":"Le\u00efla Slimani, Jeremy Strong, Halle Berry&#8230; Le jury du Festival de Cannes d\u00e9voil\u00e9"},"content":{"rendered":"<p>                             Par     <a class=\"fig-content-metas__author\" href=\"https:\/\/www.lefigaro.fr\/auteur\/le-figaro-fr\" rel=\"author noopener\" target=\"_blank\">Le Figaro<\/a><\/p>\n<p>\n            Publi\u00e9<br \/>\n                le 28 avril 2025 \u00e0 17h03,<br \/>\n                 mis \u00e0 jour le 28 avril 2025 \u00e0 17h47<\/p>\n<p>\u00a0\u00bb<br \/>\n        data-script=\u00a0\u00bbhttps:\/\/static.lefigaro.fr\/widget-video\/short-ttl\/video\/index.js\u00a0\u00bb<br \/>\n    &gt;<\/p>\n<p>La com\u00e9dienne am\u00e9ricaine Halle Berry ou encore l\u2019\u00e9crivaine fran\u00e7aise Le\u00efla Slimani font partie du jury pr\u00e9sid\u00e9 par Juliette Binoche.<\/p>\n<p class=\"fig-paragraph\">Du jury de la 78e \u00e9dition du Festival de Cannes, nous ne connaissions que la pr\u00e9sidente\u00a0: la Fran\u00e7aise Juliette Binoche. Les artistes qui l\u2019accompagneront sur la Croisette ont \u00e9t\u00e9 d\u00e9voil\u00e9s ce 28 avril. La parit\u00e9 est respect\u00e9e\u00a0: 4 femmes, 4 hommes. La com\u00e9dienne am\u00e9ricaine Halle Berry, la r\u00e9alisatrice et sc\u00e9nariste indienne Payal Kapadia, l\u2019actrice italienne Alba Rohrwacher et la romanci\u00e8re fran\u00e7aise Le\u00efla Slimani forment la moiti\u00e9 de ce panel tr\u00e8s international.<\/p>\n<p class=\"fig-paragraph\">Du c\u00f4t\u00e9 des hommes, le r\u00e9alisateur, documentariste et producteur congolais Dieudo Hamadi ; le r\u00e9alisateur et sc\u00e9nariste cor\u00e9en Hong Sangsoo ; le r\u00e9alisateur, sc\u00e9nariste et producteur mexicain Carlos Reygadas et l\u2019acteur am\u00e9ricain Jeremy Strong participeront aux d\u00e9bats pour remettre la palme d\u2019or.<\/p>\n<p class=\"fig-paragraph\">La r\u00e9compense supr\u00eame distinguera l\u2019un des 21 films en comp\u00e9tition officielle &#8211; rappelons que trois m\u00e9trages fran\u00e7ais sont en lice. Les fr\u00e8res belges Jean-Pierre et Luc Dardenne (Jeune m\u00e8res), l\u2019Iranien Jafar Panahi (Un simple accident), l\u2019Am\u00e9ricain Wes Anderson (The Phoenician Scheme) ou la Fran\u00e7aise Hafsia Herzi (La petite derni\u00e8re) se disputeront les faveurs du jury, qui d\u00e9signera notamment le successeur d\u2019Anora de l\u2019Am\u00e9ricain Sean Baker, Palme d\u2019or 2024, au sommet du palmar\u00e8s cannois. Le palmar\u00e8s sera r\u00e9v\u00e9l\u00e9 le 24 mai prochain.<\/p>\n<p>La longue histoire de Juliette Binoche sur la Croisette<\/p>\n<p class=\"fig-paragraph\">Cette annonce intervient alors que le nom de la pr\u00e9sidente du jury est connu depuis d\u00e9but f\u00e9vrier. Juliette Binoche succ\u00e8de cette ann\u00e9e \u00e0 la r\u00e9alisatrice am\u00e9ricaine\u00a0<a href=\"https:\/\/www.lefigaro.fr\/festival-de-cannes\/greta-gerwig-aux-etats-unis-metoo-a-entraine-de-nombreux-changements-concrets-20240514\" target=\"_blank\" data-fig-type=\"Article\" rel=\"noopener\" data-gtm-custom-categorie=\"navigation\" data-gtm-custom-action=\"crossclick\" data-gtm-custom-label=\"Contextuel\" data-gtm-event=\"customEventSPE\" data-fig-domain=\"LEFIGARO\">Greta Gerwig<\/a>. Pour la seconde fois dans l\u2019histoire du Festival, deux artistes f\u00e9minines se transmettront ce prestigieux flambeau &#8211; Olivia de Havilland et Sophia Loren s\u2019\u00e9taient succ\u00e9d\u00e9 au milieu des ann\u00e9es 1960. \u00ab\u00a0J\u2019attends avec impatience le partage de ces moments de vie avec les membres du jury et le public. En 1985, je montais les marches pour la premi\u00e8re fois avec l\u2019enthousiasme et l\u2019incertitude d\u2019une jeune actrice (pour Rendez-vous d\u2019Andr\u00e9 T\u00e9chin\u00e9, NDLR). Je n\u2019imaginais pas revenir quarante ans apr\u00e8s dans ce r\u00f4le honorifique de pr\u00e9sidente du jury. J\u2019en p\u00e8se le privil\u00e8ge, la responsabilit\u00e9 et la n\u00e9cessit\u00e9 absolue d\u2019humilit\u00e9 \u00bb, expliquait la com\u00e9dienne de 60 ans dans le communiqu\u00e9 du festival. Rompue \u00e0 l\u2019exercice, l\u2019actrice a d\u00e9j\u00e0 pr\u00e9sid\u00e9 la Berlinale en 2019.<\/p>\n<p class=\"fig-paragraph\">Juliette Binoche a une longue histoire avec la Croisette, o\u00f9 neuf de ses films ont \u00e9t\u00e9 pr\u00e9sent\u00e9s en s\u00e9lection officielle. \u00ab Je suis n\u00e9e au Festival de Cannes \u00bb, r\u00e9p\u00e8te-t-elle souvent. En 2010, Copie conforme d\u2019Abbas Kiarostami, lui offre le prix d\u2019interpr\u00e9tation \u00e0 Cannes. Dirig\u00e9e par le r\u00e9alisateur iranien au c\u0153ur de la campagne toscane, face \u00e0 un chanteur d\u2019op\u00e9ra britannique, elle portait cette histoire universelle m\u00ealant l\u2019amour et l\u2019art et pour mieux cerner leur v\u00e9rit\u00e9. Elle \u00e9tait aussi pr\u00e9sente en haut des marches pour La Passion de Dodin Bouffant, de Tr\u1ea7n Anh H\u00f9ng en 2023. En 2024, elle remettait, les yeux embu\u00e9s, une palme d\u2019or d\u2019honneur \u00e0 Meryl Streep.<\/p>\n","protected":false},"excerpt":{"rendered":"Par Le Figaro Publi\u00e9 le 28 avril 2025 \u00e0 17h03, mis \u00e0 jour le 28 avril 2025 \u00e0&hellip;\n","protected":false},"author":2,"featured_media":59736,"comment_status":"","ping_status":"","sticky":false,"template":"","format":"standard","meta":{"footnotes":""},"categories":[1359],"tags":[7306,7307,58,59,5634,1011,27,5683,15642,11584,11586,973,11585],"class_list":{"0":"post-59735","1":"post","2":"type-post","3":"status-publish","4":"format-standard","5":"has-post-thumbnail","7":"category-people","8":"tag-cannes","9":"tag-croisette","10":"tag-divertissement","11":"tag-entertainment","12":"tag-festival-de-cannes","13":"tag-fr","14":"tag-france","15":"tag-juliette-binoche","16":"tag-leila-slimani","17":"tag-montee-des-marches","18":"tag-palme-dor","19":"tag-people","20":"tag-prix-du-jury"},"share_on_mastodon":{"url":"https:\/\/pubeurope.com\/@fr\/114416670734412469","error":""},"_links":{"self":[{"href":"https:\/\/www.europesays.com\/fr\/wp-json\/wp\/v2\/posts\/59735","targetHints":{"allow":["GET"]}}],"collection":[{"href":"https:\/\/www.europesays.com\/fr\/wp-json\/wp\/v2\/posts"}],"about":[{"href":"https:\/\/www.europesays.com\/fr\/wp-json\/wp\/v2\/types\/post"}],"author":[{"embeddable":true,"href":"https:\/\/www.europesays.com\/fr\/wp-json\/wp\/v2\/users\/2"}],"replies":[{"embeddable":true,"href":"https:\/\/www.europesays.com\/fr\/wp-json\/wp\/v2\/comments?post=59735"}],"version-history":[{"count":0,"href":"https:\/\/www.europesays.com\/fr\/wp-json\/wp\/v2\/posts\/59735\/revisions"}],"wp:featuredmedia":[{"embeddable":true,"href":"https:\/\/www.europesays.com\/fr\/wp-json\/wp\/v2\/media\/59736"}],"wp:attachment":[{"href":"https:\/\/www.europesays.com\/fr\/wp-json\/wp\/v2\/media?parent=59735"}],"wp:term":[{"taxonomy":"category","embeddable":true,"href":"https:\/\/www.europesays.com\/fr\/wp-json\/wp\/v2\/categories?post=59735"},{"taxonomy":"post_tag","embeddable":true,"href":"https:\/\/www.europesays.com\/fr\/wp-json\/wp\/v2\/tags?post=59735"}],"curies":[{"name":"wp","href":"https:\/\/api.w.org\/{rel}","templated":true}]}}