{"id":597351,"date":"2025-12-13T19:38:49","date_gmt":"2025-12-13T19:38:49","guid":{"rendered":"https:\/\/www.europesays.com\/fr\/597351\/"},"modified":"2025-12-13T19:38:49","modified_gmt":"2025-12-13T19:38:49","slug":"en-direct-star-academy-2025-qui-va-quitter-laventure-aux-portes-de-la-tournee","status":"publish","type":"post","link":"https:\/\/www.europesays.com\/fr\/597351\/","title":{"rendered":"EN DIRECT &#8211; \u00ab\u00a0Star Academy 2025\u00a0\u00bb : qui va quitter l&rsquo;aventure aux portes de la tourn\u00e9e ?"},"content":{"rendered":"<ul class=\"jsx-862013697 ArticleChapo__List\">\n<li class=\"jsx-862013697 ArticleChapo__List_Item flex\">Soir\u00e9e cruciale pour les \u00e9l\u00e8ves de la \u00ab\u00a0Star Academy\u00a0\u00bb avec le prime sp\u00e9cial tourn\u00e9e ce samedi 13 d\u00e9cembre 2025.<\/li>\n<li class=\"jsx-862013697 ArticleChapo__List_Item flex\">Ambre, Sarah et Bastiaan d\u00e9j\u00e0 qualifi\u00e9s, les sept autres se disputeront les six places restantes.<\/li>\n<li class=\"jsx-862013697 ArticleChapo__List_Item flex\">Un rendez-vous \u00e0 suivre \u00e0 partir de 21h10 sur TF1, TF1+ et en direct comment\u00e9 sur TF1Info.<\/li>\n<\/ul>\n<p>Minute par minuteSUSPENSE18:01<\/p>\n<p>D\u00e9j\u00e0 qualifi\u00e9s pour la tourn\u00e9e, Bastiaan, Sarah et Ambre vont avoir une petite surprise ce soir&#8230;<\/p>\n<p>Star Academy 2025 &#8211; La surprise qui attend Ambre, Bastiaan et Sarah sur le prime&#8230;Source : Star Academy<\/p>\n<p><img decoding=\"async\" src=\"https:\/\/photos.tf1info.fr\/images\/383\/215\/sarah-ambre-bastiaan-e388db-adf508-0@1x.jpeg\" alt=\"Star Academy 2025 - La surprise qui attend Ambre, Bastiaan et Sarah sur le prime...\" loading=\"lazy\" importance=\"low\" fetchpriority=\"low\" class=\"\"\/><img decoding=\"async\" src=\"https:\/\/www.tf1info.fr\/images\/icons\/player-logo-play.svg\" alt=\"Logo lecture\" class=\"jsx-d0de44c05fe3042c PlayerLazyload__Play\"\/>COULISSES18:00<\/p>\n<p>Ce soir L\u00e9o va d\u00e9fendre ses chances sur \u00ab\u00a0One Day\u00a0\u00bb en duo avec le chanteur isra\u00e9lien Asaf Avidan. Un avant-go\u00fbt des r\u00e9p\u00e9titions ?<\/p>\n<p>Star Academy 2025 &#8211; \u00ab\u00a0J&rsquo;ai fait le meilleur choix possible\u00a0\u00bb : L\u00e9o aux anges apr\u00e8s sa r\u00e9p\u00e9tition avec Asaf AvidanSource : Star Academy<\/p>\n<p><img decoding=\"async\" src=\"https:\/\/photos.tf1info.fr\/images\/383\/215\/leo-7278a8-cafb94-0@1x.jpeg\" alt=\"Star Academy 2025 - &quot;J'ai fait le meilleur choix possible&quot; : L\u00e9o aux anges apr\u00e8s sa r\u00e9p\u00e9tition avec Asaf Avidan\" loading=\"lazy\" importance=\"low\" fetchpriority=\"low\" class=\"\"\/><img decoding=\"async\" src=\"https:\/\/www.tf1info.fr\/images\/icons\/player-logo-play.svg\" alt=\"Logo lecture\" class=\"jsx-d0de44c05fe3042c PlayerLazyload__Play\"\/>7 CANDIDATS POUR 6 PLACES17:59<\/p>\n<p>Ambre, Sarah et Bastiaan d\u00e9j\u00e0 qualifi\u00e9s, les six derni\u00e8res places pour la tourn\u00e9e se joueront entre ces sept candidats&#8230;<\/p>\n<p data-module=\"article-paragraph\" class=\"jsx-3046738180 Paragraph Paragraph__End\">Ils ne sont plus que 10. Et ce soir, l\u2019un ou l\u2019une d\u2019entre eux va faire ses valises au pire moment. La promo de la \u00ab\u00a0Star Academy\u00a0\u00bb 2025 s\u2019appr\u00eate \u00e0 livrer un prime crucial ce samedi soir sur TF1 puisqu\u2019il d\u00e9signera le casting de <a href=\"https:\/\/www.tf1info.fr\/culture\/programme-tv-tf1-star-academy-2025-donnera-son-premier-concert-avant-la-tournee-dans-un-cadre-exceptionnel-2412383.html\" target=\"_blank\" rel=\"noopener\">la prochaine tourn\u00e9e<\/a>. Ambre immunis\u00e9e lors du dernier direct, Sarah gagnante du challenge du tableau chant\u00e9-dans\u00e9 et Bastiaan qualifi\u00e9 suite au marathon des \u00e9valuations cette semaine, les six places restantes sont \u00e0 distribuer entre Anouk, Jeanne, L\u00e9a, L\u00e9o, M\u00e9lissa, Th\u00e9o P. et Victor. Autant dire que la tension sera \u00e0 son comble sur la sc\u00e8ne du studio 217 !<\/p>\n<p data-module=\"article-paragraph\" class=\"jsx-3046738180 Paragraph Paragraph__End\">Au cours de cette soir\u00e9e pas comme les autres, les \u00e9l\u00e8ves partageront plusieurs duos avec un casting haut de gamme. L\u00e9o chantera \u00ab\u00a0One Day\u00a0\u00bb avec Asaf Avidan, Anouk <a href=\"https:\/\/www.tf1info.fr\/culture\/je-t-accuse-suzane-revele-avoir-ete-victime-d-un-viol-dans-une-nouvelle-chanson-2366977.html\" target=\"_blank\" rel=\"noopener\">\u00ab\u00a0Je t\u2019accuse\u00a0\u00bb<\/a> avec Suzane, L\u00e9a \u00ab\u00a0Je t\u2019emm\u00e8ne au vent\u00a0\u00bb de Louise Attaque avec Ga\u00ebtan Roussel, M\u00e9lissa \u00ab\u00a0Ta Marini\u00e8re\u00a0\u00bb avec <a href=\"https:\/\/www.tf1info.fr\/culture\/j-ai-ete-salie-abusee-chanteuse-hoshi-porte-plainte-contre-son-ex-compagne-et-manageuse-2404598.html\" target=\"_blank\" rel=\"noopener\">Hoshi<\/a>, Th\u00e9o P. \u00ab\u00a04 mots sur un piano\u00a0\u00bb avec Patrick Fiori, Jeanne avec Pomme sur \u00ab\u00a0Grandiose\u00a0\u00bb et enfin Victor avec Calum Scott sur \u00ab\u00a0Dancing on My Own\u00a0\u00bb. Rendez-vous sur TF1, TF1+ et \u00a0TF1info en direct comment\u00e9 \u00e0 partir de 21h10 !<\/p>\n<p>J.V.<\/p>\n","protected":false},"excerpt":{"rendered":"Soir\u00e9e cruciale pour les \u00e9l\u00e8ves de la \u00ab\u00a0Star Academy\u00a0\u00bb avec le prime sp\u00e9cial tourn\u00e9e ce samedi 13 d\u00e9cembre&hellip;\n","protected":false},"author":2,"featured_media":597353,"comment_status":"","ping_status":"","sticky":false,"template":"","format":"standard","meta":{"footnotes":""},"categories":[1356],"tags":[1111,11,1921,58,59,1011,27,1922,2041,9644,5095,59699,252,199,1364,133,2040],"class_list":{"0":"post-597351","1":"post","2":"type-post","3":"status-publish","4":"format-standard","5":"has-post-thumbnail","7":"category-television","8":"tag-actu","9":"tag-actualites","10":"tag-article-video","11":"tag-divertissement","12":"tag-entertainment","13":"tag-fr","14":"tag-france","15":"tag-info","16":"tag-medias-et-divertissement","17":"tag-patrick-fiori","18":"tag-star-academy","19":"tag-star-academy-2025","20":"tag-television","21":"tag-tf1","22":"tag-tv","23":"tag-video","24":"tag-video-culture"},"share_on_mastodon":{"url":"https:\/\/pubeurope.com\/@fr\/115713960492106789","error":""},"_links":{"self":[{"href":"https:\/\/www.europesays.com\/fr\/wp-json\/wp\/v2\/posts\/597351","targetHints":{"allow":["GET"]}}],"collection":[{"href":"https:\/\/www.europesays.com\/fr\/wp-json\/wp\/v2\/posts"}],"about":[{"href":"https:\/\/www.europesays.com\/fr\/wp-json\/wp\/v2\/types\/post"}],"author":[{"embeddable":true,"href":"https:\/\/www.europesays.com\/fr\/wp-json\/wp\/v2\/users\/2"}],"replies":[{"embeddable":true,"href":"https:\/\/www.europesays.com\/fr\/wp-json\/wp\/v2\/comments?post=597351"}],"version-history":[{"count":0,"href":"https:\/\/www.europesays.com\/fr\/wp-json\/wp\/v2\/posts\/597351\/revisions"}],"wp:featuredmedia":[{"embeddable":true,"href":"https:\/\/www.europesays.com\/fr\/wp-json\/wp\/v2\/media\/597353"}],"wp:attachment":[{"href":"https:\/\/www.europesays.com\/fr\/wp-json\/wp\/v2\/media?parent=597351"}],"wp:term":[{"taxonomy":"category","embeddable":true,"href":"https:\/\/www.europesays.com\/fr\/wp-json\/wp\/v2\/categories?post=597351"},{"taxonomy":"post_tag","embeddable":true,"href":"https:\/\/www.europesays.com\/fr\/wp-json\/wp\/v2\/tags?post=597351"}],"curies":[{"name":"wp","href":"https:\/\/api.w.org\/{rel}","templated":true}]}}