{"id":597354,"date":"2025-12-13T19:40:46","date_gmt":"2025-12-13T19:40:46","guid":{"rendered":"https:\/\/www.europesays.com\/fr\/597354\/"},"modified":"2025-12-13T19:40:46","modified_gmt":"2025-12-13T19:40:46","slug":"la-maitrise-de-radio-france-le-reve-des-voix-denfants","status":"publish","type":"post","link":"https:\/\/www.europesays.com\/fr\/597354\/","title":{"rendered":"La Ma\u00eetrise de Radio France, le r\u00eave des voix d&rsquo;enfants"},"content":{"rendered":"<p class=\"c-chapo \">\n  Le recrutement annuel du ch\u0153ur d&rsquo;enfants permanent de la radio publique commence ces jours-ci, ce qui nous donne l&rsquo;occasion de revenir sur la diversit\u00e9 de son r\u00e9pertoire, de la cr\u00e9ation actuelle au patrimoine classique.\n<\/p>\n<p>      lire plus tard<\/p>\n<p id=\"dialog__title\" class=\"dialog__title\">Pour sauvegarder cet article, connectez-vous ou cr\u00e9ez un compte franceinfo<\/p>\n<p class=\"dialog__description\">Sans paiement. Sans abonnement.<\/p>\n<p>        Fermer la fen\u00eatre d\u2019activation des notifications France Info<\/p>\n<p>      cr\u00e9er votre compte<\/p>\n<p>      se connecter<\/p>\n<p>      :<\/p>\n<p>        Fermer la fen\u00eatre de pr\u00e9sentation<\/p>\n<p>    <img loading=\"lazy\" decoding=\"async\" class=\"signature__image lazyload\" width=\"100\" height=\"100\" data- alt=\"\" src=\"https:\/\/www.europesays.com\/fr\/wp-content\/uploads\/2025\/07\/dicale-bertrand-portrait-670e84da8b005383663508.png\"\/><\/p>\n<p>    Publi\u00e9 le 13\/12\/2025 18:30<\/p>\n<p>        Temps de lecture : 2min<\/p>\n<p>    <img decoding=\"async\"  alt=\"La Ma\u00eetrise de Radio France (Radio France \/ Christophe ABRAMOWITZ)\" width=\"432\" height=\"243\" src=\"https:\/\/www.europesays.com\/fr\/wp-content\/uploads\/2025\/12\/maitrise-de-radio-france-photo-christophe-abramowitz-693bf5c3ee1d3499283559.jpg\" fetchpriority=\"high\"\/><\/p>\n<p>      La Ma\u00eetrise de Radio France (Radio France \/ Christophe ABRAMOWITZ)<\/p>\n<p>Ce beau vaisseau de voix d\u2019anges, qui fait r\u00eaver quiconque l\u2019entend \u2013 et que les professionnels de la musique reconnaissent souvent d\u00e8s la premi\u00e8re note \u2013 c\u2019est une fiert\u00e9 pour nous tous, \u00e0 Radio France. Vous les entendez l\u00e0 pendant la c\u00e9r\u00e9monie d\u2019ouverture des Jeux de Paris 2024, les enfants de la Ma\u00eetrise de Radio France \u2013 une des quatre formations de notre maison, avec l\u2019Orchestre national de France, l\u2019orchestre Philharmonique de Radio France et le Ch\u0153ur de Radio France.<\/p>\n<p>Une formation d\u2019excellence, cr\u00e9\u00e9e en 1946. Pour sch\u00e9matiser, le projet de d\u00e9part, c\u2019est \u00e7a : Avec la garde montante dans Carmen de Bizet, voici un des airs les plus c\u00e9l\u00e8bres \u00e0 avoir \u00e9t\u00e9 \u00e9crit pour ch\u0153ur d\u2019enfants \u2013 ici la sublime version de 1989 avec Jessye Norman et Seiji Ozawa \u00e0 la direction. Au d\u00e9but, l\u2019id\u00e9e est \u00e9videmment de disposer d\u2019une formation permanente pour ces grands ouvrages du r\u00e9pertoire classique.<\/p>\n<p><strong>Dans le premier \u00e9pisode de Ces chansons qui font l\u2019actu ce week-end, vous entendez des extraits de :<\/strong><\/p>\n<p>Victor Le Masne, Ma\u00eetrise de Radio France, Parade, 2024<\/p>\n<p>Ma\u00eetrise de Radio France, Orchestre de Radio France, dir. Seiji Ozawa, Avec la garde montante dans Carmen de Georges Bizet, 1989<\/p>\n<p>Oxmo Puccino, Ibrahim Maalouf, Ma\u00eetrise de Radio France, Le Destin des cartes dans Alice aux pays des merveilles d&rsquo;Ibrahim Maalouf, 2014<\/p>\n<p>Ma\u00eetrise de Radio France, Renaud Capu\u00e7on, Orchestre de Paris, Pour chanter \u00e0 l&rsquo;op\u00e9ra dans Nous n&rsquo;irons pas \u00e0 l&rsquo;op\u00e9ra de Julien Joubert, 2019<\/p>\n<p>Ma\u00eetrise de Radio France, Orchestre Philharmonique de Rado France, In Paradisium dans Dream Requiem de Rufus Wainwright, 2024<\/p>\n<p>Louane et Philippe Dusseau, La Famille B\u00e9lier d&rsquo;Eric Lartigau, 2014<\/p>\n<p>Louane, Ibrahim Maalouf, Ma\u00eetrise de Radio France, Orchestre national de France, Un automne \u00e0 Paris, 2016<\/p>\n<p>Ma\u00eetrise de Radio France, La Chasse aux barbares, 2014<\/p>\n<p>Ma\u00eetrise de Radio France, Gautier Capu\u00e7on, Orchestre de Paris, Pense \u00e0 nous, 2023<\/p>\n<p><strong>Vous pouvez \u00e9galement suivre l&rsquo;actualit\u00e9 de cette chronique\u00a0<\/strong><a href=\"https:\/\/bsky.app\/profile\/bertranddicale.bsky.social\" target=\"_blank\" rel=\"noopener\" data-tooltip-url=\"https:\/\/bsky.app\/profile\/bertranddicale.bsky.social\"><strong>sur BlueSky<\/strong><\/a><strong>\u00a0et\u00a0<\/strong><a href=\"https:\/\/twitter.com\/BertrandDicale\" data-tooltip-url=\"https:\/\/twitter.com\/BertrandDicale\" target=\"_blank\" rel=\"noopener\"><strong>sur X (ex-Twitter).<\/strong><\/a><\/p>\n<p><script async src=\"https:\/\/platform.twitter.com\/widgets.js\" charset=\"utf-8\"><\/script><\/p>\n","protected":false},"excerpt":{"rendered":"Le recrutement annuel du ch\u0153ur d&rsquo;enfants permanent de la radio publique commence ces jours-ci, ce qui nous donne&hellip;\n","protected":false},"author":2,"featured_media":597355,"comment_status":"","ping_status":"","sticky":false,"template":"","format":"standard","meta":{"footnotes":""},"categories":[1355],"tags":[58,59,1011,27,1361,873],"class_list":{"0":"post-597354","1":"post","2":"type-post","3":"status-publish","4":"format-standard","5":"has-post-thumbnail","7":"category-musique","8":"tag-divertissement","9":"tag-entertainment","10":"tag-fr","11":"tag-france","12":"tag-music","13":"tag-musique"},"share_on_mastodon":{"url":"https:\/\/pubeurope.com\/@fr\/115713961897040912","error":""},"_links":{"self":[{"href":"https:\/\/www.europesays.com\/fr\/wp-json\/wp\/v2\/posts\/597354","targetHints":{"allow":["GET"]}}],"collection":[{"href":"https:\/\/www.europesays.com\/fr\/wp-json\/wp\/v2\/posts"}],"about":[{"href":"https:\/\/www.europesays.com\/fr\/wp-json\/wp\/v2\/types\/post"}],"author":[{"embeddable":true,"href":"https:\/\/www.europesays.com\/fr\/wp-json\/wp\/v2\/users\/2"}],"replies":[{"embeddable":true,"href":"https:\/\/www.europesays.com\/fr\/wp-json\/wp\/v2\/comments?post=597354"}],"version-history":[{"count":0,"href":"https:\/\/www.europesays.com\/fr\/wp-json\/wp\/v2\/posts\/597354\/revisions"}],"wp:featuredmedia":[{"embeddable":true,"href":"https:\/\/www.europesays.com\/fr\/wp-json\/wp\/v2\/media\/597355"}],"wp:attachment":[{"href":"https:\/\/www.europesays.com\/fr\/wp-json\/wp\/v2\/media?parent=597354"}],"wp:term":[{"taxonomy":"category","embeddable":true,"href":"https:\/\/www.europesays.com\/fr\/wp-json\/wp\/v2\/categories?post=597354"},{"taxonomy":"post_tag","embeddable":true,"href":"https:\/\/www.europesays.com\/fr\/wp-json\/wp\/v2\/tags?post=597354"}],"curies":[{"name":"wp","href":"https:\/\/api.w.org\/{rel}","templated":true}]}}