{"id":597356,"date":"2025-12-13T19:41:47","date_gmt":"2025-12-13T19:41:47","guid":{"rendered":"https:\/\/www.europesays.com\/fr\/597356\/"},"modified":"2025-12-13T19:41:47","modified_gmt":"2025-12-13T19:41:47","slug":"un-nouvel-espoir-datant-de-1977-revient-en-salle-pour-les-50-ans-de-la-saga","status":"publish","type":"post","link":"https:\/\/www.europesays.com\/fr\/597356\/","title":{"rendered":"un nouvel espoir, datant de 1977, revient en salle pour les 50 ans de la saga"},"content":{"rendered":"<p>\n    Diffus\u00e9 pour la premi\u00e8re fois en 1977, le film avait \u00e9t\u00e9 modifi\u00e9 par son r\u00e9alisateur, qui estimait, 20 ans plus tard, que le film \u00ab\u00a0n\u2019\u00e9tait pas termin\u00e9\u00a0\u00bb.<\/p>\n<p class=\"fig-paragraph\">\u00c0 l\u2019occasion des cinquante ans de Star Wars,\u00a0<a href=\"http:\/\/www.lefigaro.fr\/medias\/le-film-zootopie-2-de-disney-rapporte-556-millions-de-dollars-au-box-office-mondial-20251130\" target=\"_blank\" data-fig-type=\"NewsFlash\" rel=\"noopener\" data-gtm-custom-categorie=\"navigation\" data-gtm-custom-action=\"crossclick\" data-gtm-custom-label=\"Contextuel\" data-gtm-event=\"customEventSPE\" data-fig-domain=\"LEFIGARO\">la soci\u00e9t\u00e9 de production Lucasfilm\u00a0<\/a>a confirm\u00e9 la rediffusion du film original Un nouvel espoir, sorti en 1977. Point de d\u00e9part de la saga, ce film fut le premier volet de la trilogie originale et quatri\u00e8me \u00e9pisode dans la chronologie de l\u2019histoire.\u00a0<a href=\"http:\/\/www.lefigaro.fr\/culture\/encheres\/un-casque-de-stormtrooper-utilise-dans-star-wars-un-nouvel-espoir-vendu-256-000-dollars-aux-encheres-20250729\" target=\"_blank\" data-fig-type=\"NewsFlash\" rel=\"noopener\" data-gtm-custom-categorie=\"navigation\" data-gtm-custom-action=\"crossclick\" data-gtm-custom-label=\"Contextuel\" data-gtm-event=\"customEventSPE\" data-fig-domain=\"LEFIGARO\">Star Wars\u00a0: Un nouvel espoir<\/a> \u00a0sera diffus\u00e9 au grand public \u00e0 partir de f\u00e9vrier 2027 pour \u00ab\u00a0une dur\u00e9e limit\u00e9e\u00a0\u00bb, pr\u00e9cise Lucasfilm.<\/p>\n<p class=\"fig-paragraph\">Les<a href=\"http:\/\/www.lefigaro.fr\/cinema\/c-est-une-franchise-tellement-blanche-un-acteur-de-star-wars-denonce-le-racisme-de-quelques-fans-20250401\" target=\"_blank\" data-fig-type=\"Article\" rel=\"noopener\" data-gtm-custom-categorie=\"navigation\" data-gtm-custom-action=\"crossclick\" data-gtm-custom-label=\"Contextuel\" data-gtm-event=\"customEventSPE\" data-fig-domain=\"LEFIGARO\">\u00a0fans de la saga\u00a0<\/a>pourront revoir la premi\u00e8re version, avant les modifications r\u00e9alis\u00e9es par George Lucas lors des r\u00e9\u00e9ditions du film. En effet, la seconde version de Star Wars\u00a0: Un nouvel espoir a suscit\u00e9 de nombreux d\u00e9bats \u00e0 cause de modifications sur les effets sp\u00e9ciaux et sur certaines sc\u00e8nes. Le r\u00e9alisateur s\u2019\u00e9tait d\u00e9fendu en affirmant que le film \u00ab\u00a0\u00e9tait \u00e0 moiti\u00e9 termin\u00e9\u00a0\u00bb. Il avait aussi refus\u00e9 de restaurer la version originale: \u00ab L\u2019\u00e9dition sp\u00e9ciale, c\u2019est celle que je voulais sortir. Je ne vais pas d\u00e9penser des millions de dollars et du temps pour le remettre \u00e0 neuf, parce que pour moi, il n\u2019existe plus vraiment\u00a0\u00bb. Le communiqu\u00e9 diffus\u00e9 par Disney explique que, lors de la diffusion du film en f\u00e9vrier 2027, seule la qualit\u00e9 visuelle et sonore sera am\u00e9lior\u00e9e.<\/p>\n<p>                                            <a class=\"fig-a11y-skip\" href=\"#fig-a11y-skip-main-inarticle\" data-module=\"a11y-skip\" data-context=\"was @visible\"><br \/>\n    Passer la publicit\u00e9<br \/>\n<\/a>            <\/p>\n<p class=\"fig-paragraph\">En juin 2025, le\u00a0<a href=\"http:\/\/www.lefigaro.fr\/cinema\/la-version-originale-de-star-wars-un-nouvel-espoir-projetee-pour-la-premiere-fois-en-47-ans-20250421\" target=\"_blank\" data-fig-type=\"Article\" rel=\"noopener\" data-gtm-custom-categorie=\"navigation\" data-gtm-custom-action=\"crossclick\" data-gtm-custom-label=\"Contextuel\" data-gtm-event=\"customEventSPE\" data-fig-domain=\"LEFIGARO\">British Film Institut ( BFI ) de Londres a d\u00e9j\u00e0 rediffus\u00e9 le film<\/a>\u00a0original de Star Wars\u00a0: un nouvel espoir. M\u00eame si certains fans \u00e9taient en possession de la version originale, cette projection \u00e9tait la premi\u00e8re diffusion publique du montage initial depuis plusieurs d\u00e9cennies. Face au scepticisme de certains fans face \u00e0 la projection d\u2019un film que\u00a0<a href=\"http:\/\/www.lefigaro.fr\/bd\/george-lucas-a-faconne-star-wars-avec-ses-reves-d-enfant-20250925\" target=\"_blank\" data-fig-type=\"Article\" rel=\"noopener\" data-gtm-custom-categorie=\"navigation\" data-gtm-custom-action=\"crossclick\" data-gtm-custom-label=\"Contextuel\" data-gtm-event=\"customEventSPE\" data-fig-domain=\"LEFIGARO\">George Lucas<\/a>\u00a0lui-m\u00eame d\u00e9sapprouve, la pr\u00e9sidente de Lucasfilm, Kathleen Kennedy a fait le d\u00e9placement au BFI afin de \u00ab\u00a0l\u00e9gitimer\u00a0\u00bb cette version du film. \u00ab\u00a0Ce que vous allez voir ce soir, c\u2019est bel et bien le tout premier. Et je ne suis m\u00eame pas certaine qu\u2019il en existe un autre exactement comme celui-l\u00e0. C\u2019est dire \u00e0 quel point il est rare\u00a0\u00bb, a d\u00e9clar\u00e9 la pr\u00e9sidente de Lucasfilm sur la sc\u00e8ne du BFI. Encore plus d\u2019un an \u00e0 attendre pour les passionn\u00e9s de la Guerre des \u00e9toiles.<\/p>\n","protected":false},"excerpt":{"rendered":"Diffus\u00e9 pour la premi\u00e8re fois en 1977, le film avait \u00e9t\u00e9 modifi\u00e9 par son r\u00e9alisateur, qui estimait, 20&hellip;\n","protected":false},"author":2,"featured_media":597357,"comment_status":"","ping_status":"","sticky":false,"template":"","format":"standard","meta":{"footnotes":""},"categories":[1354],"tags":[650,58,59,1346,1011,27,12550,1360,1480],"class_list":{"0":"post-597356","1":"post","2":"type-post","3":"status-publish","4":"format-standard","5":"has-post-thumbnail","7":"category-films","8":"tag-cinema","9":"tag-divertissement","10":"tag-entertainment","11":"tag-films","12":"tag-fr","13":"tag-france","14":"tag-george-lucas","15":"tag-movies","16":"tag-star-wars"},"share_on_mastodon":{"url":"","error":""},"_links":{"self":[{"href":"https:\/\/www.europesays.com\/fr\/wp-json\/wp\/v2\/posts\/597356","targetHints":{"allow":["GET"]}}],"collection":[{"href":"https:\/\/www.europesays.com\/fr\/wp-json\/wp\/v2\/posts"}],"about":[{"href":"https:\/\/www.europesays.com\/fr\/wp-json\/wp\/v2\/types\/post"}],"author":[{"embeddable":true,"href":"https:\/\/www.europesays.com\/fr\/wp-json\/wp\/v2\/users\/2"}],"replies":[{"embeddable":true,"href":"https:\/\/www.europesays.com\/fr\/wp-json\/wp\/v2\/comments?post=597356"}],"version-history":[{"count":0,"href":"https:\/\/www.europesays.com\/fr\/wp-json\/wp\/v2\/posts\/597356\/revisions"}],"wp:featuredmedia":[{"embeddable":true,"href":"https:\/\/www.europesays.com\/fr\/wp-json\/wp\/v2\/media\/597357"}],"wp:attachment":[{"href":"https:\/\/www.europesays.com\/fr\/wp-json\/wp\/v2\/media?parent=597356"}],"wp:term":[{"taxonomy":"category","embeddable":true,"href":"https:\/\/www.europesays.com\/fr\/wp-json\/wp\/v2\/categories?post=597356"},{"taxonomy":"post_tag","embeddable":true,"href":"https:\/\/www.europesays.com\/fr\/wp-json\/wp\/v2\/tags?post=597356"}],"curies":[{"name":"wp","href":"https:\/\/api.w.org\/{rel}","templated":true}]}}