{"id":597363,"date":"2025-12-13T19:45:19","date_gmt":"2025-12-13T19:45:19","guid":{"rendered":"https:\/\/www.europesays.com\/fr\/597363\/"},"modified":"2025-12-13T19:45:19","modified_gmt":"2025-12-13T19:45:19","slug":"on-sait-enfin-ce-que-la-peau-fait-vraiment-pendant-la-nuit-et-pourquoi-vous-devriez-la-laisser-tranquille","status":"publish","type":"post","link":"https:\/\/www.europesays.com\/fr\/597363\/","title":{"rendered":"On sait enfin ce que la peau fait vraiment pendant la nuit (et pourquoi vous devriez la laisser tranquille)"},"content":{"rendered":"<p><strong>La nuit venue, alors que Paris s&rsquo;endort et que les petits chaussons sont rang\u00e9s au pied du lit, un ballet myst\u00e9rieux s&rsquo;organise \u00e0 la surface de votre peau. Derri\u00e8re l&rsquo;apparente inactivit\u00e9, un travail titanesque s&rsquo;enclenche, loin des regards, plus intense que jamais. Pourquoi ce processus cach\u00e9 m\u00e9rite-t-il autant d&rsquo;attention\u2026 et surtout pourquoi risque-t-on d&rsquo;y nuire en voulant bien faire ?<\/strong><\/p>\n<p>Quand la nuit tombe, la peau passe en mode r\u00e9paration<br \/>\nChangements nocturnes : ce que font vos cellules \u00e0 l&rsquo;abri des regards<\/p>\n<p>D\u00e8s que la lumi\u00e8re baisse sur les toits de France, la peau enclenche sa phase secr\u00e8te de r\u00e9paration. Loin du tumulte du jour \u2013 pollution, stress, agression du vent hivernal \u2013 les cellules cutan\u00e9es lancent ce que l&rsquo;on pourrait appeler \u00ab\u00a0le programme grand m\u00e9nage\u00a0\u00bb. <strong>La multiplication cellulaire atteint son apog\u00e9e entre 23h et 4h du matin<\/strong> (m\u00eame si la grasse matin\u00e9e ne changera pas le sc\u00e9nario), renouvelant activement les couches superficielles de l&rsquo;\u00e9piderme. Pendant que l&rsquo;on r\u00eave, la peau, elle, travaille sans rel\u00e2che \u00e0 se restaurer. Une performance remarquable qui m\u00e9rite d&rsquo;\u00eatre respect\u00e9e, sans interrompre l&rsquo;artiste en pleine cr\u00e9ation.<\/p>\n<p>Horloge biologique et rythme circadien : le timing parfait pour la r\u00e9g\u00e9n\u00e9ration<\/p>\n<p>Qui dit horloge int\u00e9rieure dit timing millim\u00e9tr\u00e9. Pendant la nuit, <strong>la production de m\u00e9latonine grimpe en fl\u00e8che<\/strong>, orchestrant la r\u00e9g\u00e9n\u00e9ration cutan\u00e9e avec une pr\u00e9cision d&rsquo;horloger. Tandis que nos corps cherchent chaleur sous la couette en hiver, la peau profite d&rsquo;une situation avantageuse : moins expos\u00e9e \u00e0 la d\u00e9shydratation diurne et \u00e0 la lumi\u00e8re artificielle, elle mobilise ses ressources pour r\u00e9parer les micro-l\u00e9sions subies au fil de la journ\u00e9e. Dans ce contexte nocturne, le temps qui passe n&rsquo;est plus un adversaire mais un pr\u00e9cieux alli\u00e9.<\/p>\n<p>\u00c9paisseur, \u00e9lasticit\u00e9, \u00e9clat : comment la peau se m\u00e9tamorphose pendant votre sommeil<br \/>\nL\u00e9g\u00e8re \u00ab\u00a0armure\u00a0\u00bb nocturne : pourquoi la peau s&rsquo;\u00e9paissit pendant la nuit<\/p>\n<p>La magie op\u00e8re dans l&rsquo;obscurit\u00e9 : chaque nuit, la peau s&rsquo;\u00e9paissit subtilement. <strong>Cette \u00ab\u00a0armure\u00a0\u00bb naturelle lui permet de mieux se d\u00e9fendre contre la perte d&rsquo;eau et les assauts bact\u00e9riens<\/strong>, particuli\u00e8rement importants en hiver o\u00f9 le chauffage central et l&rsquo;air sec font des ravages. Ce renforcement nocturne n&rsquo;est pas le fruit du hasard : il accompagne le flux de nutriments et pr\u00e9pare l&rsquo;\u00e9piderme \u00e0 une r\u00e9cup\u00e9ration optimale, de fa\u00e7on \u00e0 aborder le lendemain avec vigueur.<\/p>\n<p>Barri\u00e8re cutan\u00e9e, hydratation et texture : la transformation silencieuse<\/p>\n<p>Pendant le sommeil profond, la peau se concentre sur son \u00ab\u00a0chantier\u00a0\u00bb : <strong>la barri\u00e8re cutan\u00e9e se r\u00e9pare, l&rsquo;<a href=\"https:\/\/journaldesseniors.20minutes.fr\/beaute\/les-5-bienfaits-du-beurre-de-karite-pour-les-peaux-matures\/\" target=\"_blank\" rel=\"noopener\">hydratation remonte en fl\u00e8che<\/a> et la texture se r\u00e9gularise<\/strong>. Contrairement aux id\u00e9es re\u00e7ues, la peau ne se contente pas de dormir : elle reconstitue ses r\u00e9serves, lisse ses irr\u00e9gularit\u00e9s, uniformise le teint&#8230; Bien plus efficace qu&rsquo;une multitude de produits cosm\u00e9tiques ! Ce ph\u00e9nom\u00e8ne remarquable explique pourquoi un r\u00e9veil apr\u00e8s une nuit blanche n&rsquo;offre jamais le m\u00eame \u00e9clat qu&rsquo;un matin suivant huit heures de sommeil r\u00e9parateur en plein hiver.<\/p>\n<p>Petites blessures, gros rem\u00e8des : la correction des d\u00e9g\u00e2ts oxydatifs<br \/>\nRadicaux libres sous contr\u00f4le : le nettoyage express de la nuit<\/p>\n<p>Le vent glacial de d\u00e9cembre, un coup de chauffage, une pollution persistante : le cocktail quotidien expose la peau \u00e0 une multitude de radicaux libres. Face \u00e0 cela, <strong>la nuit devient le moment privil\u00e9gi\u00e9 pour tout nettoyer<\/strong>. \u00c0 l&rsquo;abri des agressions ext\u00e9rieures, l&rsquo;\u00e9piderme d\u00e9clenche un \u00ab\u00a0lavage express\u00a0\u00bb : toxicit\u00e9 r\u00e9duite, oxydation frein\u00e9e. Une fois isol\u00e9e, la peau mobilise ses agents internes qui travaillent sans rel\u00e2che pour restaurer l&rsquo;\u00e9quilibre, comparable \u00e0 une brigade nocturne dans une grande demeure parisienne apr\u00e8s un banquet.<\/p>\n<p>Les alli\u00e9s invisibles de la nuit : peptides, enzymes et compagnie<\/p>\n<p>Une arm\u00e9e discr\u00e8te veille chaque soir sur votre \u00e9piderme : peptides r\u00e9parateurs, enzymes protectrices, micro-organismes b\u00e9n\u00e9fiques du microbiome&#8230; Ces d\u00e9fenseurs s&rsquo;activent pour <strong>stimuler la <a href=\"https:\/\/journaldesseniors.20minutes.fr\/beaute\/ma-peau-etait-molle-et-relachee-deux-semaines-plus-tard-tout-avait-change-grace-a-cette-astuce\/\" target=\"_blank\" rel=\"noopener\">production de collag\u00e8ne<\/a>, lutter contre l&rsquo;inflammation et \u00e9liminer les traces de stress oxydatif<\/strong>. Durant la nuit, la peau orchestre sa propre r\u00e9g\u00e9n\u00e9ration sans n\u00e9cessiter d&rsquo;intervention ext\u00e9rieure, m\u00eame s&rsquo;il est tentant de vouloir lui apporter un soutien suppl\u00e9mentaire.<\/p>\n<p> Pas touche ! Pourquoi il faut laisser la peau travailler seule<br \/>\nLes fausses bonnes id\u00e9es du soir : soins agressifs, exfoliants, gadgets&#8230;<\/p>\n<p>\u00c0 vouloir trop bien faire, on risque parfois de compromettre l&rsquo;\u0153uvre naturelle de r\u00e9g\u00e9n\u00e9ration. De nombreux soins du soir disponibles sur le march\u00e9 \u2013 s\u00e9rums hyperactifs, gadgets vibrants, masques exfoliants \u2013 semblent promettre un teint \u00e9clatant \u00ab\u00a0d\u00e8s le lendemain\u00a0\u00bb. <strong>Pourtant, la sur-stimulation nocturne perturbe l&rsquo;\u00e9piderme qui n\u00e9cessiterait davantage de tranquillit\u00e9<\/strong>. En d\u00e9cembre, lorsque la peau est d\u00e9j\u00e0 fragilis\u00e9e par le froid, il est pr\u00e9f\u00e9rable de r\u00e9server les exfoliations intensives et les innovations technologiques pour des p\u00e9riodes plus adapt\u00e9es.<\/p>\n<p>Les risques d&rsquo;intervenir : d\u00e9s\u00e9quilibre et contrecoups matinaux<\/p>\n<p>Chaque soin superflu ou application inappropri\u00e9e risque de compromettre ce que la peau tente m\u00e9ticuleusement de restaurer. <strong>Un exc\u00e8s de produits ou des routines trop complexes peuvent provoquer rougeurs, tiraillements ou r\u00e9veils moins radieux<\/strong>. Non seulement la barri\u00e8re cutan\u00e9e s&rsquo;en trouve perturb\u00e9e, mais la r\u00e9g\u00e9n\u00e9ration naturelle est \u00e9galement ralentie. Cette interf\u00e9rence s&rsquo;apparente \u00e0 l&rsquo;interruption d&rsquo;un chef cuisinier en pleine pr\u00e9paration d&rsquo;une b\u00fbche de No\u00ebl : le r\u00e9sultat final ne sera jamais aussi r\u00e9ussi.<\/p>\n<p>Astuces douces, soins intelligents : comment accompagner sans freiner la peau<br \/>\nLe bon rituel avant de dormir : minimalisme et gestion du \u00ab\u00a0trop-plein\u00a0\u00bb<\/p>\n<p>La cl\u00e9 r\u00e9side dans la simplicit\u00e9 : <strong>un nettoyage doux, une hydratation mod\u00e9r\u00e9e et c&rsquo;est tout !<\/strong> Inutile d&rsquo;accumuler les couches de cr\u00e8mes miraculeuses. Durant l&rsquo;hiver, privil\u00e9giez un baume nourrissant qui pr\u00e9vient la d\u00e9shydratation, sans surcharger l&rsquo;\u00e9piderme. Le principe fondamental : laisser la nature accomplir son travail, tout en fournissant uniquement le n\u00e9cessaire.<\/p>\n<p>Zoom sur l&rsquo;environnement : literie, air, lumi\u00e8re, ce qui aide ou entrave votre peau<\/p>\n<p>On n\u00e9glige souvent cet aspect, mais la r\u00e9g\u00e9n\u00e9ration cutan\u00e9e nocturne d\u00e9pend \u00e9galement de l&rsquo;environnement. Une housse d&rsquo;oreiller propre en coton bio, une chambre \u00e0 l&rsquo;air l\u00e9g\u00e8rement humidifi\u00e9 et un \u00e9clairage tamis\u00e9 contribuent significativement au processus. <strong>Le chauffage excessif ass\u00e8che l&rsquo;\u00e9piderme; la pollution int\u00e9rieure perturbe la r\u00e9g\u00e9n\u00e9ration cellulaire<\/strong>. Il est pr\u00e9f\u00e9rable d&rsquo;opter pour des conditions simples et douces afin d&rsquo;optimiser le \u00ab\u00a0miracle\u00a0\u00bb nocturne de la peau.<\/p>\n<p>Le matin venu, des indices sur votre peau \u00e0 (bien) d\u00e9crypter<br \/>\nSavoir lire sa peau au r\u00e9veil : petits signaux, grandes le\u00e7ons<\/p>\n<p>\u00c0 l&rsquo;heure du caf\u00e9 matinal et des r\u00e9veils givr\u00e9s, un rapide examen dans le miroir r\u00e9v\u00e8le de nombreux indices : <strong>un <a href=\"https:\/\/journaldesseniors.20minutes.fr\/beaute\/votre-peau-a-perdu-son-bronzage-vous-la-trouvez-terne-et-fatiguee-avant-de-decouvrir-cette-astuce-beaute\/\" target=\"_blank\" rel=\"noopener\">teint \u00e9clatant<\/a>, une peau rebondie et un grain affin\u00e9 sont les signes d&rsquo;une nuit durant laquelle l&rsquo;\u00e9piderme a pleinement accompli sa mission<\/strong>. \u00c0 l&rsquo;inverse, la pr\u00e9sence de rougeurs ou de tiraillements indique un besoin d&rsquo;ajustement, non pas de surench\u00e8re en produits. Observer attentivement sans s&rsquo;alarmer permet d&rsquo;interpr\u00e9ter ces messages subtils \u2013 une approche attentive vaut mieux qu&rsquo;un recours pr\u00e9cipit\u00e9 \u00e0 des cr\u00e8mes dites miraculeuses.<\/p>\n<p>Vers une routine adapt\u00e9e : accompagner le cycle naturel jour\/nuit<\/p>\n<p>La le\u00e7on essentielle : respecter le rythme naturel de la peau et s\u00e9lectionner des soins appropri\u00e9s selon le moment de la journ\u00e9e. <strong>Minimalisme nocturne, protection efficace le jour<\/strong>, voil\u00e0 la strat\u00e9gie gagnante. C&rsquo;est au r\u00e9veil, et non le soir, que la peau n\u00e9cessite une protection contre les frimas matinaux de d\u00e9cembre.<\/p>\n<p>Au cours de la nuit, l&rsquo;\u00e9piderme se r\u00e9g\u00e9n\u00e8re, se renforce l\u00e9g\u00e8rement et r\u00e9pare les dommages oxydatifs sans n\u00e9cessiter d&rsquo;interventions superflues. Lui permettre de respirer constitue la meilleure fa\u00e7on de favoriser son rayonnement naturel, sans exc\u00e8s ni artifices inutiles.<\/p>\n","protected":false},"excerpt":{"rendered":"La nuit venue, alors que Paris s&rsquo;endort et que les petits chaussons sont rang\u00e9s au pied du lit,&hellip;\n","protected":false},"author":2,"featured_media":597364,"comment_status":"","ping_status":"","sticky":false,"template":"","format":"standard","meta":{"footnotes":""},"categories":[7],"tags":[1011,27,56,43,40,41,39,42,44],"class_list":{"0":"post-597363","1":"post","2":"type-post","3":"status-publish","4":"format-standard","5":"has-post-thumbnail","7":"category-sciences-et-technologies","8":"tag-fr","9":"tag-france","10":"tag-push","11":"tag-science","12":"tag-science-and-technology","13":"tag-sciences","14":"tag-sciences-et-technologies","15":"tag-technologies","16":"tag-technology"},"share_on_mastodon":{"url":"https:\/\/pubeurope.com\/@fr\/115713980841525143","error":""},"_links":{"self":[{"href":"https:\/\/www.europesays.com\/fr\/wp-json\/wp\/v2\/posts\/597363","targetHints":{"allow":["GET"]}}],"collection":[{"href":"https:\/\/www.europesays.com\/fr\/wp-json\/wp\/v2\/posts"}],"about":[{"href":"https:\/\/www.europesays.com\/fr\/wp-json\/wp\/v2\/types\/post"}],"author":[{"embeddable":true,"href":"https:\/\/www.europesays.com\/fr\/wp-json\/wp\/v2\/users\/2"}],"replies":[{"embeddable":true,"href":"https:\/\/www.europesays.com\/fr\/wp-json\/wp\/v2\/comments?post=597363"}],"version-history":[{"count":0,"href":"https:\/\/www.europesays.com\/fr\/wp-json\/wp\/v2\/posts\/597363\/revisions"}],"wp:featuredmedia":[{"embeddable":true,"href":"https:\/\/www.europesays.com\/fr\/wp-json\/wp\/v2\/media\/597364"}],"wp:attachment":[{"href":"https:\/\/www.europesays.com\/fr\/wp-json\/wp\/v2\/media?parent=597363"}],"wp:term":[{"taxonomy":"category","embeddable":true,"href":"https:\/\/www.europesays.com\/fr\/wp-json\/wp\/v2\/categories?post=597363"},{"taxonomy":"post_tag","embeddable":true,"href":"https:\/\/www.europesays.com\/fr\/wp-json\/wp\/v2\/tags?post=597363"}],"curies":[{"name":"wp","href":"https:\/\/api.w.org\/{rel}","templated":true}]}}