{"id":597371,"date":"2025-12-13T19:59:56","date_gmt":"2025-12-13T19:59:56","guid":{"rendered":"https:\/\/www.europesays.com\/fr\/597371\/"},"modified":"2025-12-13T19:59:56","modified_gmt":"2025-12-13T19:59:56","slug":"michel-edouard-leclerc-salue-la-pub-de-noel-dintermarche-tout-en-glissant-un-gentil-tacle-a-son-concurrent","status":"publish","type":"post","link":"https:\/\/www.europesays.com\/fr\/597371\/","title":{"rendered":"Michel-\u00c9douard Leclerc salue la pub de No\u00ebl d\u2019Intermarch\u00e9\u2026 tout en glissant un (gentil) tacle \u00e0 son concurrent"},"content":{"rendered":"<p>\n    \u00abJ\u2019ai ador\u00e9 la vid\u00e9o de No\u00ebl publi\u00e9e par mes coll\u00e8gues et n\u00e9anmoins concurrents d\u2019Intermarch\u00e9\u00a0!\u00bb a salu\u00e9 le patron des centres E.Leclerc, apr\u00e8s le carton mondial de ce court-m\u00e9trage d\u2019animation r\u00e9alis\u00e9 sans IA.<\/p>\n<p class=\"fig-paragraph\">La publicit\u00e9 de No\u00ebl d\u2019Intermarch\u00e9,\u00a0<a href=\"http:\/\/www.lefigaro.fr\/societes\/ca-c-est-du-marketing-quand-une-publicite-de-noel-d-intermarche-devient-virale-et-fait-le-tour-du-monde-20251210\" target=\"_blank\" data-fig-type=\"NewsFlash\" rel=\"noopener\" data-gtm-custom-categorie=\"navigation\" data-gtm-custom-action=\"crossclick\" data-gtm-custom-label=\"Contextuel\" data-gtm-event=\"customEventSPE\" data-fig-domain=\"LEFIGARO\">devenue un ph\u00e9nom\u00e8ne mondial sur les r\u00e9seaux sociaux<\/a>, fait l\u2019unanimit\u00e9&#8230; m\u00eame chez les concurrents du distributeur. Dans un post publi\u00e9 sur son blog et ses r\u00e9seaux sociaux vendredi 12 d\u00e9cembre, Michel-\u00c9douard Leclerc a \u00e9t\u00e9 beau joueur en saluant le spot, qui met en sc\u00e8ne un loup v\u00e9g\u00e9tarien dans un petit film d\u2019animation. \u00abJ\u2019ai ador\u00e9 la vid\u00e9o de No\u00ebl publi\u00e9e par mes coll\u00e8gues et n\u00e9anmoins concurrents d\u2019Intermarch\u00e9\u00a0!\u00bb, \u00e9crit le patron des centres E.Leclerc.<\/p>\n<p class=\"fig-paragraph\">Citant le petit studio d\u2019animation montpelli\u00e9rain, Illogic Studios, derri\u00e8re cette publicit\u00e9, le c\u00e9l\u00e8bre patron applaudit le fait qu\u2019il n\u2019ait \u00abpas \u00e9t\u00e9 produit par IA, mais par de vrais dessinateurs\u00bb, regrettant tout de m\u00eame que leurs noms ne soient pas mentionn\u00e9s. \u00abCe film est une joyeuse all\u00e9gorie de No\u00ebl puisqu\u2019il vise \u00e0 r\u00e9unir tous les animaux de la for\u00eat autour d\u2019un \u201cbanquet participatif\u201d\u00bb, appr\u00e9cie-t-il, soulignant qu\u2019il s\u2019agit aussi d\u2019\u00abune fable sur les pr\u00e9jug\u00e9s\u00bb. \u00abCe petit film est surtout un magnifique plaidoyer pour manger mieux, pr\u00e9server le vivant, faire la cuisine, se rassembler autour d\u2019habitudes alimentaires favorisant la convivialit\u00e9&#8230;\u00bb, poursuit-il.<\/p>\n<p class=\"fig-body-link\">\n            \u00c0 lire aussi<br \/>\n        <a class=\"fig-body-link__link\" href=\"http:\/\/www.lefigaro.fr\/medias\/le-mal-aime-derriere-la-pub-intermarche-devenue-succes-planetaire-un-concentre-de-talents-made-in-france-20251212\" target=\"_blank\" data-fig-type=\"Article\" rel=\"noopener\" data-gtm-custom-categorie=\"navigation\" data-gtm-custom-action=\"crossclick\" data-gtm-custom-label=\"Contextuel\" data-gtm-event=\"customEventSPE\" data-fig-domain=\"LEFIGARO\"><\/p>\n<p>        \u00abLe Mal-Aim\u00e9\u00bb\u00a0: derri\u00e8re la pub Intermarch\u00e9 devenue succ\u00e8s plan\u00e9taire, un concentr\u00e9 de talents \u00abMade in France\u00bb<br \/>\n    <\/a>\n<\/p>\n<p>                                            <a class=\"fig-a11y-skip\" href=\"#fig-a11y-skip-main-inarticle\" data-module=\"a11y-skip\" data-context=\"was @visible\"><br \/>\n    Passer la publicit\u00e9<br \/>\n<\/a>            <\/p>\n<p>                                            Thierry Cotillard \u00abva devoir faire d\u2019\u00e9normes efforts culinaires\u00bb<\/p>\n<p class=\"fig-paragraph\">Avec son habituel ton railleur, le patron du num\u00e9ro un de la grande distribution en France en profite pour glisser un (gentil) tacle \u00e0 son concurrent. \u00abAlors bravo aux \u00e9quipes de com d\u2019Intermarch\u00e9. Les voil\u00e0 mieux plac\u00e9es qu\u2019une ONG pour exercer une d\u00e9licate pression sur mon ami\u00a0<a href=\"http:\/\/www.lefigaro.fr\/societes\/alliance-auchan-intermarche-le-patron-des-mousquetaires-thierry-cotillard-nouvel-homme-fort-de-la-distribution-20251125\" target=\"_blank\" data-fig-type=\"Article\" rel=\"noopener\" data-gtm-custom-categorie=\"navigation\" data-gtm-custom-action=\"crossclick\" data-gtm-custom-label=\"Contextuel\" data-gtm-event=\"customEventSPE\" data-fig-domain=\"LEFIGARO\">Thierry Cotillard<\/a> , leur pr\u00e9sident, qui, pour \u00eatre au diapason de la fable, va devoir faire d\u2019\u00e9normes efforts culinaires pour traverser son magasin sans mater la \u201ccave \u00e0 maturation\u201d de sa boucherie et filer droit au rayon l\u00e9gumes\u00a0!\u00bb, \u00e9crit Michel-\u00c9douard Leclerc, taquin. \u00abC\u2019est avec une joie non dissimul\u00e9e que je t\u00e9moignerai (&#8230;) de son nouvel engagement flexitarien\u00bb, ajoute-t-il, lan\u00e7ant \u00e0 Thierry Cotillard une invitation \u00abau restaurant v\u00e9g\u00e9tarien de (son) choix\u00bb.<\/p>\n<p class=\"fig-paragraph\">Le patron des Mousquetaires (Intermarch\u00e9, Netto) Thierry Cotillard a r\u00e9agi au post LinkedIn de Michel-\u00c9douard Leclerc, le remerciant pour son mot. \u00abCe film, c\u2019est le vivre ensemble \u00e0 l\u2019\u00e9tat pur\u00a0! Et son succ\u00e8s, c\u2019est aussi une belle fa\u00e7on de valoriser la cr\u00e9ation fran\u00e7aise qui, je le sais, te tient vraiment \u00e0 c\u0153ur\u00bb, \u00e9crit-il. \u00abEt pour notre d\u00eener de la semaine prochaine, no stress je te pr\u00e9pare notre meilleure c\u00f4te de b\u0153uf Jean-Roz\u00e9 avec&#8230; quelques carottes \u00e9videment\u00a0!\u00bb, conclut-il avec humour.<\/p>\n","protected":false},"excerpt":{"rendered":"\u00abJ\u2019ai ador\u00e9 la vid\u00e9o de No\u00ebl publi\u00e9e par mes coll\u00e8gues et n\u00e9anmoins concurrents d\u2019Intermarch\u00e9\u00a0!\u00bb a salu\u00e9 le patron&hellip;\n","protected":false},"author":2,"featured_media":597372,"comment_status":"","ping_status":"","sticky":false,"template":"","format":"standard","meta":{"footnotes":""},"categories":[2],"tags":[11,1011,27,2529,70826,12],"class_list":{"0":"post-597371","1":"post","2":"type-post","3":"status-publish","4":"format-standard","5":"has-post-thumbnail","7":"category-actualites","8":"tag-actualites","9":"tag-fr","10":"tag-france","11":"tag-intermarche","12":"tag-michel-edouard-leclerc","13":"tag-news"},"share_on_mastodon":{"url":"https:\/\/pubeurope.com\/@fr\/115714039701396068","error":""},"_links":{"self":[{"href":"https:\/\/www.europesays.com\/fr\/wp-json\/wp\/v2\/posts\/597371","targetHints":{"allow":["GET"]}}],"collection":[{"href":"https:\/\/www.europesays.com\/fr\/wp-json\/wp\/v2\/posts"}],"about":[{"href":"https:\/\/www.europesays.com\/fr\/wp-json\/wp\/v2\/types\/post"}],"author":[{"embeddable":true,"href":"https:\/\/www.europesays.com\/fr\/wp-json\/wp\/v2\/users\/2"}],"replies":[{"embeddable":true,"href":"https:\/\/www.europesays.com\/fr\/wp-json\/wp\/v2\/comments?post=597371"}],"version-history":[{"count":0,"href":"https:\/\/www.europesays.com\/fr\/wp-json\/wp\/v2\/posts\/597371\/revisions"}],"wp:featuredmedia":[{"embeddable":true,"href":"https:\/\/www.europesays.com\/fr\/wp-json\/wp\/v2\/media\/597372"}],"wp:attachment":[{"href":"https:\/\/www.europesays.com\/fr\/wp-json\/wp\/v2\/media?parent=597371"}],"wp:term":[{"taxonomy":"category","embeddable":true,"href":"https:\/\/www.europesays.com\/fr\/wp-json\/wp\/v2\/categories?post=597371"},{"taxonomy":"post_tag","embeddable":true,"href":"https:\/\/www.europesays.com\/fr\/wp-json\/wp\/v2\/tags?post=597371"}],"curies":[{"name":"wp","href":"https:\/\/api.w.org\/{rel}","templated":true}]}}