{"id":597373,"date":"2025-12-13T20:05:15","date_gmt":"2025-12-13T20:05:15","guid":{"rendered":"https:\/\/www.europesays.com\/fr\/597373\/"},"modified":"2025-12-13T20:05:15","modified_gmt":"2025-12-13T20:05:15","slug":"saint-chamond-sainte-marie-inaugure-ses-nouveaux-locaux-un-resultat-magnifique","status":"publish","type":"post","link":"https:\/\/www.europesays.com\/fr\/597373\/","title":{"rendered":"Saint-Chamond. Sainte-Marie inaugure ses nouveaux locaux\u00a0: \u00ab\u00a0Un r\u00e9sultat magnifique\u00a0\u00bb"},"content":{"rendered":"<p>\u00ab\u00a0La c\u00e9r\u00e9monie boucle un cycle de grands travaux entam\u00e9s il y a dix ans, a d\u00e9clar\u00e9 le proviseur, Pierre Corrieras. \u00c9l\u00e8ves et personnels ont pris possession de leurs nouveaux grands espaces. Les cours de r\u00e9cr\u00e9ation ont \u00e9t\u00e9 refaites pour \u00eatre autant de terrains de sport. Le rev\u00eatement de la piste d\u2019athl\u00e9tisme a \u00e9t\u00e9 enti\u00e8rement repris. J\u2019associe \u00e0 ce magnifique r\u00e9sultat l\u2019association immobili\u00e8re pr\u00e9sid\u00e9e par Henri Mermet et l\u2019association scolaire sous la houlette de Laurent Hyp.\u00a0\u00bb<\/p>\n<p>Philippe Gundermann, responsable du financement pour les \u0153uvres de la Compagnie de J\u00e9sus, a fait le voyage depuis Paris pour cette inauguration. \u00ab\u00a0Le r\u00e9sultat de notre tr\u00e8s lourd&#8230;<\/p>\n","protected":false},"excerpt":{"rendered":"\u00ab\u00a0La c\u00e9r\u00e9monie boucle un cycle de grands travaux entam\u00e9s il y a dix ans, a d\u00e9clar\u00e9 le proviseur,&hellip;\n","protected":false},"author":2,"featured_media":597374,"comment_status":"","ping_status":"","sticky":false,"template":"","format":"standard","meta":{"footnotes":""},"categories":[9653],"tags":[1111,11,2430,3599,7539,1057,1777,674,1011,27,12,25,9669,9670,4001],"class_list":{"0":"post-597373","1":"post","2":"type-post","3":"status-publish","4":"format-standard","5":"has-post-thumbnail","7":"category-saint-etienne","8":"tag-actu","9":"tag-actualites","10":"tag-auvergne-rhone-alpes","11":"tag-college-lycee","12":"tag-edition-loire-sud","13":"tag-education","14":"tag-eu","15":"tag-europe","16":"tag-fr","17":"tag-france","18":"tag-news","19":"tag-republique-francaise","20":"tag-saint-chamond","21":"tag-saint-chamond-ville","22":"tag-saint-etienne"},"share_on_mastodon":{"url":"https:\/\/pubeurope.com\/@fr\/115714059402477877","error":""},"_links":{"self":[{"href":"https:\/\/www.europesays.com\/fr\/wp-json\/wp\/v2\/posts\/597373","targetHints":{"allow":["GET"]}}],"collection":[{"href":"https:\/\/www.europesays.com\/fr\/wp-json\/wp\/v2\/posts"}],"about":[{"href":"https:\/\/www.europesays.com\/fr\/wp-json\/wp\/v2\/types\/post"}],"author":[{"embeddable":true,"href":"https:\/\/www.europesays.com\/fr\/wp-json\/wp\/v2\/users\/2"}],"replies":[{"embeddable":true,"href":"https:\/\/www.europesays.com\/fr\/wp-json\/wp\/v2\/comments?post=597373"}],"version-history":[{"count":0,"href":"https:\/\/www.europesays.com\/fr\/wp-json\/wp\/v2\/posts\/597373\/revisions"}],"wp:featuredmedia":[{"embeddable":true,"href":"https:\/\/www.europesays.com\/fr\/wp-json\/wp\/v2\/media\/597374"}],"wp:attachment":[{"href":"https:\/\/www.europesays.com\/fr\/wp-json\/wp\/v2\/media?parent=597373"}],"wp:term":[{"taxonomy":"category","embeddable":true,"href":"https:\/\/www.europesays.com\/fr\/wp-json\/wp\/v2\/categories?post=597373"},{"taxonomy":"post_tag","embeddable":true,"href":"https:\/\/www.europesays.com\/fr\/wp-json\/wp\/v2\/tags?post=597373"}],"curies":[{"name":"wp","href":"https:\/\/api.w.org\/{rel}","templated":true}]}}