{"id":597382,"date":"2025-12-13T20:28:07","date_gmt":"2025-12-13T20:28:07","guid":{"rendered":"https:\/\/www.europesays.com\/fr\/597382\/"},"modified":"2025-12-13T20:28:07","modified_gmt":"2025-12-13T20:28:07","slug":"stop-au-massacre-injustifie-des-agriculteurs-de-lherault-appellent-a-bloquer-un-rond-point-de-la9-pres-de-montpellier-ce-dimanche","status":"publish","type":"post","link":"https:\/\/www.europesays.com\/fr\/597382\/","title":{"rendered":"\u00ab\u00a0Stop au massacre injustifi\u00e9\u00a0\u00bb\u00a0: des agriculteurs de l\u2019H\u00e9rault appellent \u00e0 bloquer un rond-point de l\u2019A9 pr\u00e8s de Montpellier, ce dimanche"},"content":{"rendered":"<p>\n                                                                La Conf\u00e9d\u00e9ration Paysanne manifeste ce dimanche 14\u00a0d\u00e9cembre contre la politique d\u2019abattage des troupeaux bovins d\u00e9cid\u00e9e par le gouvernement dans le cadre de\u00a0dermatose nodulaire contagieuse.\n                            <\/p>\n<p>\u00ab\u00a0Rendez-vous espace parking de l\u2019espace la Cadoule \u00e0 Vendargues pour se regrouper. 8\u00a0h\u00a0: d\u00e9part pour blocage du rond-point d\u2019entr\u00e9e autoroute entre Vendargues et Baillargues.\u00a0Si vous \u00eates contre cette violence d\u2019\u00e9tat, rejoignez nous, partagez sur vos r\u00e9seaux, que nous soyons un maximum sur place\u00a0!\u00a0\u00bb<\/p>\n<p>La Conf\u00e9d\u00e9ration Paysanne de l\u2019H\u00e9rault a fait circuler ce message sur les r\u00e9seaux sociaux, ce samedi 13\u00a0d\u00e9cembre, en vue d\u2019une manifestation qui devrait prendre la forme d\u2019un blocage, ce dimanche\u00a014, au niveau de la sortie Baillargues sur l\u2019A9.<\/p>\n<p>Le syndicat agricole appelle \u00e0 se rassembler \u00e0 8\u00a0heures \u00e0 l\u2019espace de la Cadoule, avant de se diriger\u00a0vers le rond-point.<\/p>\n<p>    Interdiction de tous les rassemblements de bovins<\/p>\n<p>\u00ab\u00a0Devant l\u2019apparition de nouveaux cas de dermatose nodulaire contagieuse en Ari\u00e8ge et Hautes-Pyr\u00e9n\u00e9es, en lien avec des mouvements d\u2019animaux infect\u00e9s, les mesures suivantes ont \u00e9t\u00e9 d\u00e9cid\u00e9es par le gouvernement et sont applicables d\u00e8s ce jour, 12\u00a0d\u00e9cembre 2025, jusqu\u2019au 1er\u00a0janvier 2026 sur tout le territoire national\u00a0\u00bb, rappelle le pr\u00e9fet de l\u2019H\u00e9rault dans un communiqu\u00e9 publi\u00e9 le vendredi 12\u00a0d\u00e9cembre.<\/p>\n<p>Les mesures sont\u00a0: \u00ab\u00a0l\u2019interdiction de tous les rassemblements festifs de bovins (concours, salons, courses camarguaises, abrivades, f\u00eates, foires ou corridas\u2026\u00a0; la\u00a0notification de mouvements de bovins \u00e0 faire dans les 24\u00a0heures (au lieu de sept jours) qui suivent le mouvement\u00a0; la d\u00e9sinsectisation de tous les moyens de transport de bovins en cas de mouvements hors de France.\u00a0\u00bb<\/p>\n<p>Par ailleurs, \u00ab\u00a0le dispositif est renforc\u00e9 par une zone vaccinale \u00e9tendue couvrant l\u2019Aude, la Haute-Garonne, le Gers, les Landes et les Pyr\u00e9n\u00e9es-Atlantiques avec vaccination obligatoire et interdiction de sortie des bovins, sauf vers l\u2019abattoir.\u00a0\u00bb<\/p>\n<p>Le Pr\u00e9fet \u00ab\u00a0appelle les professionnels concern\u00e9s et les organisateurs des manifestations taurines du d\u00e9partement au strict respect de ces mesures.\u00a0\u00bb<\/p>\n<p>\u00ab\u00a0Un renforcement des contr\u00f4les routiers est mis en \u0153uvre concernant notamment les v\u00e9hicules transportant des bovins, pour garantir la bonne application de ces mesures.\u00a0Des sanctions s\u00e9v\u00e8res sont appliqu\u00e9es en cas de non-respect des mesures en vigueur.\u00a0\u00bb<\/p>\n<p>La raison de cette mobilisation des agriculteurs de la Conf\u00e9d\u00e9ration Paysanne de l\u2019H\u00e9rault\u00a0? La politique d\u2019abattage des troupeaux bovins d\u00e9cid\u00e9e par le gouvernement pour juguler la dermatose nodulaire contagieuse. Cette maladie virale, qui se transmet entre bovins mais qui n\u2019est pas transmissible \u00e0 l\u2019homme, est apparue en juin dernier en France.<\/p>\n<p>D\u2019autres actions en c\u0153ur d\u2019H\u00e9rault<\/p>\n<p>110 foyers ont\u00a0\u00e9t\u00e9 recens\u00e9s depuis mais aucun dans l\u2019H\u00e9rault. Les agriculteurs y sont quand m\u00eame mobilis\u00e9s, notamment en soutien \u00e0 leurs coll\u00e8gues de l\u2019Ari\u00e8ge, touch\u00e9s par les abattages.<\/p>\n<p>La Coordination Rurale, l\u2019autre syndicat mobilis\u00e9 sur ce sujet, a men\u00e9 des actions \u00e0 Lod\u00e8ve et Clermont-l\u2019H\u00e9rault, ce vendredi 12\u00a0d\u00e9cembre en soir\u00e9e.<\/p>\n","protected":false},"excerpt":{"rendered":"La Conf\u00e9d\u00e9ration Paysanne manifeste ce dimanche 14\u00a0d\u00e9cembre contre la politique d\u2019abattage des troupeaux bovins d\u00e9cid\u00e9e par le gouvernement&hellip;\n","protected":false},"author":2,"featured_media":597384,"comment_status":"","ping_status":"","sticky":false,"template":"","format":"standard","meta":{"footnotes":""},"categories":[9599],"tags":[1111,11,1777,674,1011,27,7089,2208,12,2680,25,1857],"class_list":{"0":"post-597382","1":"post","2":"type-post","3":"status-publish","4":"format-standard","5":"has-post-thumbnail","7":"category-montpellier","8":"tag-actu","9":"tag-actualites","10":"tag-eu","11":"tag-europe","12":"tag-fr","13":"tag-france","14":"tag-herault","15":"tag-montpellier","16":"tag-news","17":"tag-occitanie","18":"tag-republique-francaise","19":"tag-sociu00e9tu00e9"},"share_on_mastodon":{"url":"https:\/\/pubeurope.com\/@fr\/115714149802226048","error":""},"_links":{"self":[{"href":"https:\/\/www.europesays.com\/fr\/wp-json\/wp\/v2\/posts\/597382","targetHints":{"allow":["GET"]}}],"collection":[{"href":"https:\/\/www.europesays.com\/fr\/wp-json\/wp\/v2\/posts"}],"about":[{"href":"https:\/\/www.europesays.com\/fr\/wp-json\/wp\/v2\/types\/post"}],"author":[{"embeddable":true,"href":"https:\/\/www.europesays.com\/fr\/wp-json\/wp\/v2\/users\/2"}],"replies":[{"embeddable":true,"href":"https:\/\/www.europesays.com\/fr\/wp-json\/wp\/v2\/comments?post=597382"}],"version-history":[{"count":0,"href":"https:\/\/www.europesays.com\/fr\/wp-json\/wp\/v2\/posts\/597382\/revisions"}],"wp:featuredmedia":[{"embeddable":true,"href":"https:\/\/www.europesays.com\/fr\/wp-json\/wp\/v2\/media\/597384"}],"wp:attachment":[{"href":"https:\/\/www.europesays.com\/fr\/wp-json\/wp\/v2\/media?parent=597382"}],"wp:term":[{"taxonomy":"category","embeddable":true,"href":"https:\/\/www.europesays.com\/fr\/wp-json\/wp\/v2\/categories?post=597382"},{"taxonomy":"post_tag","embeddable":true,"href":"https:\/\/www.europesays.com\/fr\/wp-json\/wp\/v2\/tags?post=597382"}],"curies":[{"name":"wp","href":"https:\/\/api.w.org\/{rel}","templated":true}]}}