{"id":597385,"date":"2025-12-13T20:31:07","date_gmt":"2025-12-13T20:31:07","guid":{"rendered":"https:\/\/www.europesays.com\/fr\/597385\/"},"modified":"2025-12-13T20:31:07","modified_gmt":"2025-12-13T20:31:07","slug":"les-idees-cadeaux-les-plus-originales-se-trouvent-au-peyrou","status":"publish","type":"post","link":"https:\/\/www.europesays.com\/fr\/597385\/","title":{"rendered":"les id\u00e9es cadeaux les plus originales se trouvent au Peyrou"},"content":{"rendered":"<p>                    Par<br \/>\n        <strong><br \/>\n            <a href=\"https:\/\/actu.fr\/auteur\/lea-pippinato\" title=\"Consulter tous les articles de L\u00e9a Pippinato\" target=\"_blank\" rel=\"noopener\">L\u00e9a Pippinato<\/a><br \/>\n                    <\/strong><\/p>\n<p>        Publi\u00e9 le<\/p>\n<p>            13 d\u00e9c. 2025 \u00e0 20h39        <\/p>\n<p>Au Peyrou, le march\u00e9 de No\u00ebl de Montpellier ne sert pas seulement \u00e0 fl\u00e2ner. Il aide aussi \u00e0 trouver des id\u00e9es. <a href=\"https:\/\/www.google.com\/search?q=march%C3%A9+de+noel+de+montpellier+m%C3%A9tropolitain&amp;client=safari&amp;hs=qVIU&amp;sca_esv=f0158aba78c19323&amp;rls=en&amp;channel=30&amp;sxsrf=AE3TifNZR9LMaMe3FwYI4bDe86m9IXx8Aw%3A1765552218660&amp;ei=WjA8aZCLKP-lkdUPsu6_4Ac&amp;ved=0ahUKEwiQoM3GqriRAxX_UqQEHTL3D3wQ4dUDCBE&amp;uact=5&amp;oq=march%C3%A9+de+noel+de+montpellier+m%C3%A9tropolitain&amp;gs_lp=Egxnd3Mtd2l6LXNlcnAiLW1hcmNow6kgZGUgbm9lbCBkZSBtb250cGVsbGllciBtw6l0cm9wb2xpdGFpbjIFECEYoAEyBRAhGKABSMUPUNsCWJ0OcAF4AZABAJgBigGgAaoMqgEEMC4xNLgBA8gBAPgBAZgCDqACnQzCAgoQABiwAxjWBBhHwgIGEAAYFhgewgIIEAAYgAQYogTCAgcQIRigARgKwgIEECEYFZgDAIgGAZAGCJIHBDEuMTOgB5BEsgcEMC4xM7gHmQzCBwUwLjYuOMgHJ4AIAA&amp;sclient=gws-wiz-serp\" target=\"_blank\" rel=\"noopener\">Avec 94 chalets install\u00e9s dans un d\u00e9cor monumental<\/a>, l\u2019\u00e9v\u00e9nement ressemble \u00e0 un grand catalogue \u00e0 ciel ouvert. On y cherche un petit pr\u00e9sent, un cadeau familial ou une attention de derni\u00e8re minute. Le march\u00e9 dure<strong> jusqu\u2019au 31 d\u00e9cembre 2025<\/strong>. Ici, chaque stand propose une piste diff\u00e9rente pour remplir la hotte sans tomber dans l\u2019objet banal.<\/p>\n<p>    <a href=\"https:\/\/www.google.com\/maps\/embed?pb=!1m18!1m12!1m3!1d5777.547716555703!2d3.8681831764600028!3d43.611249971104115!2m3!1f0!2f0!3f0!3m2!1i1024!2i768!4f13.1!3m3!1m2!1s0x12b6af076a546fb5%3A0x34f9e1f751e017a8!2sPromenade%20du%20Peyrou!5e0!3m2!1sfr!2sfr!4v1765553949019!5m2!1sfr!2sfr\" title=\"Ouvrie le lien\" target=\"_blank\" rel=\"noopener\">Cliquez ici pour visualiser le contenu<\/a><\/p>\n<p>Des lutins pour d\u00e9corer et jouer<\/p>\n<p class=\" wall-content\">Pour un cadeau original et durable, le stand Bonjour le ch\u00eane attire vite l\u2019\u0153il. Th\u00e9o Couder y propose de petits personnages en bois et en mat\u00e9riaux naturels. Les lutins forment le c\u0153ur de sa collection. Leurs chapeaux viennent de cupules de glands, les corps naissent du h\u00eatre ou du charme. L\u2019ensemble donne des figurines simples, chaleureuses et solides.<\/p>\n<p class=\" wall-content\">Ces personnages trouvent leur place sur une \u00e9tag\u00e8re ou dans une chambre d\u2019enfant. Ils servent aussi de jouets. Les enfants inventent des histoires et les parents composent parfois une famille enti\u00e8re \u00e0 leur image. Th\u00e9o Couder cr\u00e9e aussi des animaux en bois, du b\u00e9b\u00e9 \u00e9cureuil au cheval, ainsi que des cr\u00e8ches. Les petites cabanes, fabriqu\u00e9es \u00e0 partir de courges p\u00e8lerines, compl\u00e8tent le d\u00e9cor. Les prix restent accessibles : le premier lutin co\u00fbte 4,50 euros, les animaux vont de 15 \u00e0 25 euros et es cr\u00e8ches d\u00e9marrent \u00e0 38 euros. Sa compagne, illustratrice, propose des cartes postales qui prolongent l\u2019univers, \u00e0 offrir ou \u00e0 encadrer.\u00a0<\/p>\n<p>    <img   decoding=\"async\" loading=\"lazy\" src=\"https:\/\/www.europesays.com\/fr\/wp-content\/uploads\/2025\/12\/tempimagekbj5ir-960x640.jpg\" alt=\"Les lutins en bois, fabriqu\u00e9s \u00e0 partir de h\u00eatre, de charme et de cupules de glands, constituent le c\u0153ur de la collection.\" width=\"960\" height=\"640\"\/><br \/>\n    Les lutins en bois, fabriqu\u00e9s \u00e0 partir de h\u00eatre, de charme et de cupules de glands, constituent le c\u0153ur de la collection. (\u00a9M\u00e9tropolitain \/ LP)Des boules de No\u00ebl pour un sapin unique<\/p>\n<p class=\" wall-content\">Pour ceux qui aiment soigner leur d\u00e9coration, le stand d\u2019Agata propose une id\u00e9e qui traverse les ann\u00e9es. Ses boules de No\u00ebl viennent de Pologne. Des artisans les soufflent en verre puis les peignent \u00e0 la main. Chaque pi\u00e8ce porte les traces du pinceau. Les sc\u00e8nes racontent un No\u00ebl traditionnel. Les motifs religieux dominent : les \u00e9glises, les chalets enneig\u00e9s et les paysages d\u2019hiver reviennent souvent. Certaines d\u00e9corations quittent la forme ronde classique. On d\u00e9couvre des pains d\u2019\u00e9pices, des petits chalets ou des personnages en costumes traditionnels. Ces objets s\u2019offrent facilement. Ils se rangent chaque ann\u00e9e et reviennent sur le sapin comme un rituel.\u00a0<\/p>\n<p>Vid\u00e9os : en ce moment sur Actu<br \/>\n    <img   decoding=\"async\" loading=\"lazy\" src=\"https:\/\/www.europesays.com\/fr\/wp-content\/uploads\/2025\/12\/tempimagere5gcx-960x640.jpg\" alt=\"Les d\u00e9corations sont fabriqu\u00e9es par des artisans en Pologne selon des techniques traditionnelles.\" width=\"960\" height=\"640\"\/><br \/>\n    Les d\u00e9corations sont fabriqu\u00e9es par des artisans en Pologne selon des techniques traditionnelles. (\u00a9M\u00e9tropolitain \/ LP)Des cosm\u00e9tiques faits avec des plantes d\u2019ici<\/p>\n<p class=\" wall-content\">Pour un cadeau utile et naturel, le stand Jaune Ciel attire un public curieux. Agathe L\u00e9v\u00eaque cultive elle-m\u00eame ses plantes m\u00e9dicinales pr\u00e8s d\u2019Uz\u00e8s, dans le Gard. Elle transforme toute sa production en \u00ab\u00a0cosm\u00e9tiques paysannes\u00a0\u00bb. Le terme r\u00e9sume bien son travail : elle distille, m\u00e9lange et fabrique ses soins \u00e0 partir de ses cultures.<\/p>\n<p>Votre r\u00e9gion, votre actu !<\/p>\n<p>Recevez chaque jour les infos qui comptent pour vous.<\/p>\n<p>\t<a href=\"https:\/\/actu.fr\/newsletter\" class=\"ac-btn ac-btn--corner ac-btn--medium ac-btn--blue800\" target=\"_blank\" rel=\"noopener\">S&rsquo;incrire<\/a><\/p>\n<p class=\" wall-content\">Sa gamme couvre le visage, le corps et les cheveux. Les hydrolats occupent une place importante. Le lavandin apaise les peaux sensibles le soir. Le romarin stimule la pousse et apporte de la brillance. Le laurier aide \u00e0 assainir le cuir chevelu. Agathe propose aussi des routines compl\u00e8tes sous forme de coffrets. Chaque coffret arrive dans une pochette en coton bio r\u00e9utilisable. Les prix d\u00e9butent \u00e0 8,50 euros pour un baume \u00e0 l\u00e8vres. Les coffrets vont de 20 \u00e0 60 euros. Les produits conviennent \u00e0 toute la famille d\u00e8s l\u2019\u00e2ge de trois ans.<\/p>\n<p>    <img   decoding=\"async\" loading=\"lazy\" src=\"https:\/\/www.europesays.com\/fr\/wp-content\/uploads\/2025\/12\/tempimage2dhwu5-960x640.jpg\" alt=\"Des coffrets cadeaux regroupent diff\u00e9rentes routines de soins adapt\u00e9es \u00e0 toute la famille.\" width=\"960\" height=\"640\"\/><br \/>\n    Des coffrets cadeaux regroupent diff\u00e9rentes routines de soins adapt\u00e9es \u00e0 toute la famille. (\u00a9M\u00e9tropolitain \/ LP)Une pause gourmande \u00e0 offrir ou \u00e0 partager<\/p>\n<p class=\" wall-content\">Pour une attention qui se d\u00e9guste sur place, la soupe \u00e0 l\u2019oignon de Lucie Milesi fait l\u2019unanimit\u00e9. Son stand mise sur la simplicit\u00e9. Les oignons viennent de l\u2019exploitation familiale \u00e0 Lod\u00e8ve. La recette reste fid\u00e8le aux classiques : bouillon chaud, cro\u00fbtons et fromage composent le bol.<\/p>\n<p class=\" wall-content\">La surprise vient du public. Les jeunes reviennent souvent pour la soupe. Les touristes se tournent vers les beignets d\u2019oignons, de courgettes ou de pommes. Les prix restent accessibles : le petit bol co\u00fbte 6 euros, le grand atteint 8 euros et les cornets de beignets montent \u00e0 10 euros. Beaucoup choisissent le mixte \u00e0 partager. Cette pause permet aussi de r\u00e9fl\u00e9chir aux prochains achats, vin chaud \u00e0 la main.<\/p>\n<p>    <img   decoding=\"async\" loading=\"lazy\" src=\"https:\/\/www.europesays.com\/fr\/wp-content\/uploads\/2025\/12\/tempimagel0jtke-960x640.jpg\" alt=\"Le stand de Lucie Milesi met \u00e0 l\u2019honneur la soupe \u00e0 l\u2019oignon et les beignets.\" width=\"960\" height=\"640\"\/><br \/>\n    Le stand de Lucie Milesi met \u00e0 l\u2019honneur la soupe \u00e0 l\u2019oignon et les beignets. (\u00a9M\u00e9tropolitain \/ LP)Des bonbons locaux et un d\u00e9cor qui fait r\u00eaver<\/p>\n<p class=\" wall-content\">Pour un cadeau gourmand et r\u00e9gional, le stand d\u2019\u00c9ric Fran\u00e7ois coche toutes les cases. Le d\u00e9cor reprend l\u2019image du petit train de Palavas, rendu c\u00e9l\u00e8bre gr\u00e2ce aux caricatures d\u2019Albert Dubout. Les visiteurs s\u2019arr\u00eatent souvent pour une photo. La sp\u00e9cialit\u00e9 reste le chouchou, pr\u00e9par\u00e9 sur place. L\u2019odeur du sucre chaud attire de loin.<\/p>\n<p class=\" wall-content\">Les \u00e9tag\u00e8res pr\u00e9sentent des bonbons de la r\u00e9gion. Les berlingots viennent de P\u00e9zenas et la guimauve provient d\u2019une confiserie artisanale. On trouve aussi la r\u00e9glisse et la grisette de Montpellier. Les coffrets cadeaux permettent de m\u00e9langer les sp\u00e9cialit\u00e9s. Les prix varient de 20 \u00e0 35 euros. Le stand pla\u00eet autant aux enfants qu\u2019aux nostalgiques.<\/p>\n<p>    <img   decoding=\"async\" loading=\"lazy\" src=\"https:\/\/www.europesays.com\/fr\/wp-content\/uploads\/2025\/12\/tempimageoepwnf-960x640.jpg\" alt=\"Le d\u00e9cor du stand attire de nombreux visiteurs, souvent pour des photos souvenirs.\" width=\"960\" height=\"640\"\/><br \/>\n    Le d\u00e9cor du stand attire de nombreux visiteurs, souvent pour des photos souvenirs. (\u00a9M\u00e9tropolitain \/ LP)Des bi\u00e8res et des kits pour surprendre<\/p>\n<p class=\" wall-content\">Pour les amateurs de boissons artisanales, Jimmy Cattiaux propose une id\u00e9e qui change. Sa marque Surprends-moi se d\u00e9ploie uniquement sur des \u00e9v\u00e9nements. Sa gamme au design innovant compte six bi\u00e8res : blonde l\u00e9g\u00e8re, blanche \u00e0 ingr\u00e9dient myst\u00e8re, triple belge, IPA, ambr\u00e9e de No\u00ebl et \u00e9dition limit\u00e9e composent l\u2019ensemble. Les packs se personnalisent. Trois bi\u00e8res co\u00fbtent 15 euros. <a href=\"https:\/\/actu.fr\/occitanie\/montpellier_34172\/a-cola-matata-un-cola-artisanal-montpellierain-bientot-disponible_62076323.html\" target=\"_blank\" rel=\"noopener\">Les sodas artisanaux sans alcool<\/a> s\u00e9duisent un public plus large. Jimmy propose aussi un kit pour brasser sa propre bi\u00e8re \u00e0 la maison. Il permet de produire jusqu\u2019\u00e0 cinq litres. Le kit co\u00fbte 59 euros. L\u2019id\u00e9e pla\u00eet \u00e0 ceux qui cherchent un cadeau \u00e0 la fois ludique et original.<\/p>\n<p>    <img   decoding=\"async\" loading=\"lazy\" src=\"https:\/\/www.europesays.com\/fr\/wp-content\/uploads\/2025\/12\/tempimagemxktay-960x640.jpg\" alt=\"Le stand propose plusieurs r\u00e9f\u00e9rences de bi\u00e8res ainsi que des boissons sans alcool.\" width=\"960\" height=\"640\"\/><br \/>\n    Le stand propose plusieurs r\u00e9f\u00e9rences de bi\u00e8res ainsi que des boissons sans alcool. (\u00a9M\u00e9tropolitain \/ LP)<\/p>\n<p class=\" wall-content\">Personnalisez votre actualit\u00e9 en ajoutant vos villes et m\u00e9dias en favori avec <a href=\"https:\/\/moncompte.actu.fr\" title=\"D\u00e9couvez Mon Actu\" rel=\"nofollow noopener\" data-trk=\"{&quot;cta&quot;:{&quot;action&quot;:&quot;https:\\\/\\\/moncompte.actu.fr&quot;,&quot;category&quot;:&quot;mon compte&quot;,&quot;from&quot;:&quot;article footer&quot;,&quot;name&quot;:&quot;Mon actu&quot;,&quot;type&quot;:&quot;cta&quot;}}\" target=\"_blank\">Mon Actu<\/a>.<\/p>\n","protected":false},"excerpt":{"rendered":"Par L\u00e9a Pippinato Publi\u00e9 le 13 d\u00e9c. 2025 \u00e0 20h39 Au Peyrou, le march\u00e9 de No\u00ebl de Montpellier&hellip;\n","protected":false},"author":2,"featured_media":597386,"comment_status":"","ping_status":"","sticky":false,"template":"","format":"standard","meta":{"footnotes":""},"categories":[9599],"tags":[1111,11,258,1777,674,652,1011,27,1305,2208,12,15830,2680,25],"class_list":{"0":"post-597385","1":"post","2":"type-post","3":"status-publish","4":"format-standard","5":"has-post-thumbnail","7":"category-montpellier","8":"tag-actu","9":"tag-actualites","10":"tag-alimentation","11":"tag-eu","12":"tag-europe","13":"tag-famille","14":"tag-fr","15":"tag-france","16":"tag-lifestyle","17":"tag-montpellier","18":"tag-news","19":"tag-noel","20":"tag-occitanie","21":"tag-republique-francaise"},"share_on_mastodon":{"url":"https:\/\/pubeurope.com\/@fr\/115714178059666510","error":""},"_links":{"self":[{"href":"https:\/\/www.europesays.com\/fr\/wp-json\/wp\/v2\/posts\/597385","targetHints":{"allow":["GET"]}}],"collection":[{"href":"https:\/\/www.europesays.com\/fr\/wp-json\/wp\/v2\/posts"}],"about":[{"href":"https:\/\/www.europesays.com\/fr\/wp-json\/wp\/v2\/types\/post"}],"author":[{"embeddable":true,"href":"https:\/\/www.europesays.com\/fr\/wp-json\/wp\/v2\/users\/2"}],"replies":[{"embeddable":true,"href":"https:\/\/www.europesays.com\/fr\/wp-json\/wp\/v2\/comments?post=597385"}],"version-history":[{"count":0,"href":"https:\/\/www.europesays.com\/fr\/wp-json\/wp\/v2\/posts\/597385\/revisions"}],"wp:featuredmedia":[{"embeddable":true,"href":"https:\/\/www.europesays.com\/fr\/wp-json\/wp\/v2\/media\/597386"}],"wp:attachment":[{"href":"https:\/\/www.europesays.com\/fr\/wp-json\/wp\/v2\/media?parent=597385"}],"wp:term":[{"taxonomy":"category","embeddable":true,"href":"https:\/\/www.europesays.com\/fr\/wp-json\/wp\/v2\/categories?post=597385"},{"taxonomy":"post_tag","embeddable":true,"href":"https:\/\/www.europesays.com\/fr\/wp-json\/wp\/v2\/tags?post=597385"}],"curies":[{"name":"wp","href":"https:\/\/api.w.org\/{rel}","templated":true}]}}