{"id":597387,"date":"2025-12-13T20:37:39","date_gmt":"2025-12-13T20:37:39","guid":{"rendered":"https:\/\/www.europesays.com\/fr\/597387\/"},"modified":"2025-12-13T20:37:39","modified_gmt":"2025-12-13T20:37:39","slug":"pres-de-rouen-seul-pour-la-veille-de-noel-la-colocsolidaire-vous-invite-a-sa-table","status":"publish","type":"post","link":"https:\/\/www.europesays.com\/fr\/597387\/","title":{"rendered":"Pr\u00e8s de Rouen. Seul pour la veille de No\u00ebl ? La coloc&rsquo;solidaire vous invite \u00e0 sa table\u00a0!"},"content":{"rendered":"<p>                    Par<br \/>\n        <strong><br \/>\n            <a href=\"https:\/\/actu.fr\/auteur\/le-journal-delbeuf\" title=\"Consulter tous les articles de R\u00e9daction Elbeuf\" target=\"_blank\" rel=\"noopener\">R\u00e9daction Elbeuf<\/a><br \/>\n                    <\/strong><\/p>\n<p>        Publi\u00e9 le<\/p>\n<p>            13 d\u00e9c. 2025 \u00e0 19h03        <\/p>\n<p>On l\u2019oublie parfois, mais les <b>f\u00eates<\/b> de fin d\u2019ann\u00e9e peuvent devenir un calvaire quand on n\u2019a personne avec qui les c\u00e9l\u00e9brer. C\u2019est pourquoi, pour la seconde ann\u00e9e et aussi le second <b>No\u00ebl<\/b> de sa jeune existence, l\u2019association <b>Inter\u2019g\u00e9n\u00e9r\u2019action<\/b> invite les personnes isol\u00e9es \u00e0 la rejoindre dans sa coloc\u2019solidaire, \u00e0 <a href=\"https:\/\/actu.fr\/normandie\/elbeuf_76231\" target=\"_blank\" rel=\"noopener\">Elbeuf (Seine-Maritime)<\/a> pour un repas de No\u00ebl festif et convivial.<\/p>\n<p>Rompre l\u2019isolement<\/p>\n<p class=\" wall-content\">La structure, n\u00e9e de la volont\u00e9 de deux s\u0153urs, Marine et Cl\u00e9mence Dugord, de <a href=\"https:\/\/actu.fr\/normandie\/elbeuf_76231\/immaculee-conception-deux-soeurs-transforment-l-ecole-d-elbeuf-en-habitat-partage_56268806.html\" target=\"_blank\" rel=\"noopener\">cr\u00e9er un lieu d\u2019accueil et de r\u00e9insertion pour ceux que la vie et la soci\u00e9t\u00e9 ont laiss\u00e9s de c\u00f4t\u00e9<\/a>, s\u2019occupe principalement d\u2019un habitat solidaire o\u00f9 une dizaine de r\u00e9sidents (r\u00e9)apprennent \u00e0 vivre en commun, \u00e0 g\u00e9rer, ensemble, toutes les probl\u00e9matiques du quotidien tout en b\u00e9n\u00e9ficiant d\u2019un accompagnement social.<\/p>\n<p class=\" wall-content\">Loin de vivre en vase clos, la r\u00e9sidence travaille avec des partenaires ext\u00e9rieurs et s\u2019ouvre facilement sur la ville en proposant diverses activit\u00e9s. Ouvrir grand les portes de l\u2019habitat, et plus particuli\u00e8rement celles de la salle commune pour No\u00ebl va donc de soi et l\u2019association pourra ainsi accueillir une vingtaine de personnes suppl\u00e9mentaires.<\/p>\n<blockquote class=\"ac-article-quote wall-content\">\n<p>No\u00ebl est la plus symbolique des f\u00eates de famille, c\u2019est pourquoi il est si dur de s\u2019y retrouver seul. Inviter des personnes isol\u00e9es ce soir-l\u00e0 est un souhait des r\u00e9sidents et ce sont eux qui vont tout faire : le menu, les courses, la cuisine\u2026 Il n\u2019y a pas d\u2019autres structures qui vont faire quelque chose le soir du 24, mais nous avons la chance d\u2019avoir des habitants impliqu\u00e9s. Et comme cette ann\u00e9e nous disposons d\u2019aides ext\u00e9rieures, on va pouvoir offrir un repas vraiment festif et m\u00eame offrir des chocolats !<\/p>\n<p>Marine Dugord<\/p><\/blockquote>\n<p class=\" wall-content\">Deux personnes qui ont d\u00e9j\u00e0 b\u00e9n\u00e9fici\u00e9 de cette initiative l\u2019an dernier se sont inscrites. Et comme la solidarit\u00e9 est le ma\u00eetre mot de la colocation, l\u2019une d\u2019elles viendra m\u00eame donner un coup de main pour la r\u00e9alisation des b\u00fbches. Apr\u00e8s tout, le but de la soir\u00e9e n\u2019est-il pas de cr\u00e9er du lien ?<\/p>\n<p>Une premi\u00e8re d\u00e9j\u00e0 r\u00e9ussie<\/p>\n<p class=\" wall-content\">\u00ab L\u2019an dernier, c\u2019\u00e9tait vraiment sympa. Les gens ne se connaissaient pas mais ont vite sympathis\u00e9 et tout le monde a eu un peu de mal \u00e0 se quitter ! \u00bb, se rem\u00e9more Bertrand. Lui est un des premiers habitants de la coloc et le repas de No\u00ebl, c\u2019est m\u00eame son id\u00e9e.<\/p>\n<p>Vid\u00e9os : en ce moment sur Actu<\/p>\n<p class=\" wall-content\">Malvina, elle aussi arriv\u00e9e dans la structure d\u00e8s ses premiers mois d\u2019existence, garde \u00e9galement un souvenir agr\u00e9able de la soir\u00e9e de l\u2019an dernier, en plus de la fiert\u00e9 d\u2019avoir collabor\u00e9 \u00e0 quelque chose de bien. \u00ab \u00c7a fait plaisir de voir sourire tout le monde et de participer, m\u00eame un peu, \u00e0 la magie de No\u00ebl \u00bb, t\u00e9moigne-t-elle.<\/p>\n<p class=\" wall-content\">L\u2019un et l\u2019autre ont maintenant une situation personnelle plus stable, notamment avec un travail, et s\u2019appr\u00eatent donc \u00e0 quitter le nid. Pas pour aller bien loin, juste dans l\u2019immeuble d\u2019\u00e0 c\u00f4t\u00e9, juste de quoi gagner un peu plus d\u2019ind\u00e9pendance tout en continuant \u00e0 vivre en communaut\u00e9, avec des voisins qui sont surtout devenus des amis.<\/p>\n<p>Votre r\u00e9gion, votre actu !<\/p>\n<p>Recevez chaque jour les infos qui comptent pour vous.<\/p>\n<p>\t<a href=\"https:\/\/actu.fr\/newsletter\" class=\"ac-btn ac-btn--corner ac-btn--medium ac-btn--blue800\" target=\"_blank\" rel=\"noopener\">S&rsquo;incrire<\/a><br \/>\nRepas solidaire de No\u00ebl : mercredi 24 d\u00e9cembre \u00e0 partir de 19 h. 54 rue du Neubourg, 76500 Elbeuf. Tarif : 5 euros. Inscriptions et contact au 07 44 98 94 96 ou <a href=\"https:\/\/actu.fr\/cdn-cgi\/l\/email-protection\" class=\"__cf_email__\" data-cfemail=\"b7ded9c4d2c599d0d2d9d2c599d6d4c3ded8d9f7d0dad6dedb99d4d8da\" target=\"_blank\" rel=\"noopener\">[email\u00a0protected]<\/a><\/p>\n<p class=\" wall-content\">Personnalisez votre actualit\u00e9 en ajoutant vos villes et m\u00e9dias en favori avec <a href=\"https:\/\/moncompte.actu.fr\" title=\"D\u00e9couvez Mon Actu\" rel=\"nofollow noopener\" data-trk=\"{&quot;cta&quot;:{&quot;action&quot;:&quot;https:\\\/\\\/moncompte.actu.fr&quot;,&quot;category&quot;:&quot;mon compte&quot;,&quot;from&quot;:&quot;article footer&quot;,&quot;name&quot;:&quot;Mon actu&quot;,&quot;type&quot;:&quot;cta&quot;}}\" target=\"_blank\">Mon Actu<\/a>.<\/p>\n","protected":false},"excerpt":{"rendered":"Par R\u00e9daction Elbeuf Publi\u00e9 le 13 d\u00e9c. 2025 \u00e0 19h03 On l\u2019oublie parfois, mais les f\u00eates de fin&hellip;\n","protected":false},"author":2,"featured_media":597388,"comment_status":"","ping_status":"","sticky":false,"template":"","format":"standard","meta":{"footnotes":""},"categories":[9587],"tags":[1111,11,1777,674,1011,27,12,15830,5161,25,9590,104,3400],"class_list":{"0":"post-597387","1":"post","2":"type-post","3":"status-publish","4":"format-standard","5":"has-post-thumbnail","7":"category-rouen","8":"tag-actu","9":"tag-actualites","10":"tag-eu","11":"tag-europe","12":"tag-fr","13":"tag-france","14":"tag-news","15":"tag-noel","16":"tag-normandie","17":"tag-republique-francaise","18":"tag-rouen","19":"tag-societe","20":"tag-solidarite"},"share_on_mastodon":{"url":"https:\/\/pubeurope.com\/@fr\/115714185110528309","error":""},"_links":{"self":[{"href":"https:\/\/www.europesays.com\/fr\/wp-json\/wp\/v2\/posts\/597387","targetHints":{"allow":["GET"]}}],"collection":[{"href":"https:\/\/www.europesays.com\/fr\/wp-json\/wp\/v2\/posts"}],"about":[{"href":"https:\/\/www.europesays.com\/fr\/wp-json\/wp\/v2\/types\/post"}],"author":[{"embeddable":true,"href":"https:\/\/www.europesays.com\/fr\/wp-json\/wp\/v2\/users\/2"}],"replies":[{"embeddable":true,"href":"https:\/\/www.europesays.com\/fr\/wp-json\/wp\/v2\/comments?post=597387"}],"version-history":[{"count":0,"href":"https:\/\/www.europesays.com\/fr\/wp-json\/wp\/v2\/posts\/597387\/revisions"}],"wp:featuredmedia":[{"embeddable":true,"href":"https:\/\/www.europesays.com\/fr\/wp-json\/wp\/v2\/media\/597388"}],"wp:attachment":[{"href":"https:\/\/www.europesays.com\/fr\/wp-json\/wp\/v2\/media?parent=597387"}],"wp:term":[{"taxonomy":"category","embeddable":true,"href":"https:\/\/www.europesays.com\/fr\/wp-json\/wp\/v2\/categories?post=597387"},{"taxonomy":"post_tag","embeddable":true,"href":"https:\/\/www.europesays.com\/fr\/wp-json\/wp\/v2\/tags?post=597387"}],"curies":[{"name":"wp","href":"https:\/\/api.w.org\/{rel}","templated":true}]}}