{"id":59739,"date":"2025-04-28T17:04:12","date_gmt":"2025-04-28T17:04:12","guid":{"rendered":"https:\/\/www.europesays.com\/fr\/59739\/"},"modified":"2025-04-28T17:04:12","modified_gmt":"2025-04-28T17:04:12","slug":"la-foire-aux-livres-setend-dans-la-commune","status":"publish","type":"post","link":"https:\/\/www.europesays.com\/fr\/59739\/","title":{"rendered":"la foire aux livres s\u2019\u00e9tend dans la commune"},"content":{"rendered":"<p>La traditionnelle foire aux livres de Neuvy-le-Roi organis\u00e9e par l\u2019association Les Amis du livre\u00a0se pr\u00e9pare avec entrain. L\u2019\u00e9v\u00e9nement, qui prend de plus en plus d\u2019ampleur d\u2019ann\u00e9es en ann\u00e9es, se tiendra jeudi 8\u00a0mai 2025, de 9\u00a0h \u00e0 18\u00a0h. Il occupera un espace consid\u00e9rable puisque les exposants seront aussi bien dans la salle de spectacle Armand-Moisant, que dans la salle d\u2019accueil ou encore au parc Jeanne-d\u2019Arc. Annick Couderc, l\u2019une des organisatrices, annonce\u00a0: \u00ab\u00a0Actuellement, nous avons 324 m\u00e8tres de r\u00e9serv\u00e9s pour 66 exposants et nous en refusons quotidiennement.\u00a0Ces derniers viennent de Savonni\u00e8res, Tours, Amboise\u2026 mais aussi d\u2019Alen\u00e7on (Orne), de Sabl\u00e9, Saint-Calais, Verneuil-le-Ch\u00e9tif (Sarthe), de Segr\u00e9, Mouliherne (Maine-et-Loire) de Vend\u00f4me (Loir-et-Cher) et de Chatenay-Malabry (Hauts-de-Seine). Depuis plusieurs d\u2019ann\u00e9es, nous n\u2019avons plus besoin de faire de pub pour obtenir des exposants.\u00a0\u00bb<\/p>\n<p>Des particuliers mais aussi des professionnels seront pr\u00e9sents. Le public pourra trouver toutes sortes de livres, mais aussi des DVD, des vinyles, des cassettes, des cartes postales, des magazines et des bandes dessin\u00e9es\u2026 Durant la journ\u00e9e, la biblioth\u00e8que municipale et associ\u00e9e ouvrira ses portes. Une animation pour les enfants sera propos\u00e9e tout au long de la journ\u00e9e. Un service de restauration et une buvette seront assur\u00e9s par le comit\u00e9 des f\u00eates de la commune.<\/p>\n<p>De 9\u00a0h \u00e0\u00a018\u00a0h, jeudi 8\u00a0mai, parc Jeanne-d\u2019Arc, salle Armand-Moisant et salle d\u2019accueil. Contact\u00a0: 06.45.77.31.64.<\/p>\n","protected":false},"excerpt":{"rendered":"La traditionnelle foire aux livres de Neuvy-le-Roi organis\u00e9e par l\u2019association Les Amis du livre\u00a0se pr\u00e9pare avec entrain. L\u2019\u00e9v\u00e9nement,&hellip;\n","protected":false},"author":2,"featured_media":59740,"comment_status":"","ping_status":"","sticky":false,"template":"","format":"standard","meta":{"footnotes":""},"categories":[1357],"tags":[1379,1674,58,59,1011,27,1380,1393,15643],"class_list":{"0":"post-59739","1":"post","2":"type-post","3":"status-publish","4":"format-standard","5":"has-post-thumbnail","7":"category-livres","8":"tag-books","9":"tag-communes","10":"tag-divertissement","11":"tag-entertainment","12":"tag-fr","13":"tag-france","14":"tag-livres","15":"tag-loisirs","16":"tag-neuvy-le-roi"},"share_on_mastodon":{"url":"https:\/\/pubeurope.com\/@fr\/114416678835835704","error":""},"_links":{"self":[{"href":"https:\/\/www.europesays.com\/fr\/wp-json\/wp\/v2\/posts\/59739","targetHints":{"allow":["GET"]}}],"collection":[{"href":"https:\/\/www.europesays.com\/fr\/wp-json\/wp\/v2\/posts"}],"about":[{"href":"https:\/\/www.europesays.com\/fr\/wp-json\/wp\/v2\/types\/post"}],"author":[{"embeddable":true,"href":"https:\/\/www.europesays.com\/fr\/wp-json\/wp\/v2\/users\/2"}],"replies":[{"embeddable":true,"href":"https:\/\/www.europesays.com\/fr\/wp-json\/wp\/v2\/comments?post=59739"}],"version-history":[{"count":0,"href":"https:\/\/www.europesays.com\/fr\/wp-json\/wp\/v2\/posts\/59739\/revisions"}],"wp:featuredmedia":[{"embeddable":true,"href":"https:\/\/www.europesays.com\/fr\/wp-json\/wp\/v2\/media\/59740"}],"wp:attachment":[{"href":"https:\/\/www.europesays.com\/fr\/wp-json\/wp\/v2\/media?parent=59739"}],"wp:term":[{"taxonomy":"category","embeddable":true,"href":"https:\/\/www.europesays.com\/fr\/wp-json\/wp\/v2\/categories?post=59739"},{"taxonomy":"post_tag","embeddable":true,"href":"https:\/\/www.europesays.com\/fr\/wp-json\/wp\/v2\/tags?post=59739"}],"curies":[{"name":"wp","href":"https:\/\/api.w.org\/{rel}","templated":true}]}}